{"id":49809,"date":"2023-02-17T15:00:00","date_gmt":"2023-02-17T18:00:00","guid":{"rendered":"https:\/\/blogopara.com.br\/?p=49809"},"modified":"2023-02-16T20:43:56","modified_gmt":"2023-02-16T23:43:56","slug":"recem-nascida-de-27-dias-morre-apos-ser-estuprada-pelo-pai-no-rj","status":"publish","type":"post","link":"https:\/\/blogopara.com.br\/index.php\/2023\/02\/17\/recem-nascida-de-27-dias-morre-apos-ser-estuprada-pelo-pai-no-rj","title":{"rendered":"Rec\u00e9m-nascida de 27 dias morre ap\u00f3s ser estuprada pelo pai no RJ"},"content":{"rendered":"<p class=\"texto\" style=\"text-align: justify;\">Uma\u00a0rec\u00e9m-nascida de apenas 27 dias morreu ap\u00f3s ser estuprada pelo pr\u00f3prio pai, em Araruama, na Regi\u00e3o dos Lagos do Rio de Janeiro. O\u00a0criminoso foi preso pela Pol\u00edcia Civil neste s\u00e1bado (11\/2) durante o enterro da crian\u00e7a. Um laudo do Instituto M\u00e9dico-Legal (IML) confirmou o crime.<\/p>\n<p class=\"texto\" style=\"text-align: justify;\">Em depoimento aos agentes da 118\u00aa DP (Araruama), o homem alegou que a beb\u00ea passou mal enquanto dormia com ele, na noite de quinta-feira da semana passada.<\/p>\n<p class=\"texto\" style=\"text-align: justify;\">Uma per\u00edcia do IML, contudo, constatou que a beb\u00ea morreu &#8220;em fun\u00e7\u00e3o de uma penetra\u00e7\u00e3o ocorrida em suas partes \u00edntimas, o que causou grande lacera\u00e7\u00e3o em seu fr\u00e1gil corpo&#8221;. Por causa disso, o pai da crian\u00e7a foi preso por estupro de vulner\u00e1vel, qualificado por morte.<\/p>\n<p class=\"texto\" style=\"text-align: justify;\">A m\u00e3e da crian\u00e7a tamb\u00e9m prestou depoimento, mas foi liberada. O homem foi encaminhado ao sistema prisional no domingo.<\/p>\n<p><em>Fonte: Correio Braziliense<\/em><\/p>\n","protected":false},"excerpt":{"rendered":"<p>Uma\u00a0rec\u00e9m-nascida de apenas 27 dias morreu ap\u00f3s ser estuprada pelo pr\u00f3prio pai, em Araruama, na Regi\u00e3o dos Lagos do Rio de Janeiro. O\u00a0criminoso foi preso pela Pol\u00edcia Civil neste s\u00e1bado (11\/2) durante o enterro da crian\u00e7a. Um laudo do Instituto M\u00e9dico-Legal (IML) confirmou o crime. Em depoimento aos agentes da 118\u00aa DP (Araruama), o homem [&hellip;]<\/p>\n","protected":false},"author":1,"featured_media":49810,"comment_status":"closed","ping_status":"open","sticky":false,"template":"","format":"standard","meta":{"_uag_custom_page_level_css":"","_monsterinsights_skip_tracking":false,"_monsterinsights_sitenote_active":false,"_monsterinsights_sitenote_note":"","_monsterinsights_sitenote_category":0,"jetpack_post_was_ever_published":false,"_jetpack_newsletter_access":"","_jetpack_dont_email_post_to_subs":false,"_jetpack_newsletter_tier_id":0,"_jetpack_memberships_contains_paywalled_content":false,"_jetpack_memberships_contains_paid_content":false,"footnotes":"","jetpack_publicize_message":"","jetpack_publicize_feature_enabled":true,"jetpack_social_post_already_shared":true,"jetpack_social_options":{"image_generator_settings":{"template":"highway","default_image_id":0,"font":"","enabled":false},"version":2}},"categories":[200,202],"tags":[],"class_list":["post-49809","post","type-post","status-publish","format-standard","has-post-thumbnail","hentry","category-brasil","category-policia"],"jetpack_publicize_connections":[],"jetpack_featured_media_url":"https:\/\/blogopara.com.br\/wp-content\/uploads\/2023\/02\/Captura-de-tela-2023-02-16-204316-1.jpg","uagb_featured_image_src":{"full":["https:\/\/blogopara.com.br\/wp-content\/uploads\/2023\/02\/Captura-de-tela-2023-02-16-204316-1.jpg",500,365,false],"thumbnail":["https:\/\/blogopara.com.br\/wp-content\/uploads\/2023\/02\/Captura-de-tela-2023-02-16-204316-1-150x150.jpg",150,150,true],"medium":["https:\/\/blogopara.com.br\/wp-content\/uploads\/2023\/02\/Captura-de-tela-2023-02-16-204316-1-300x219.jpg",300,219,true],"medium_large":["https:\/\/blogopara.com.br\/wp-content\/uploads\/2023\/02\/Captura-de-tela-2023-02-16-204316-1.jpg",500,365,false],"large":["https:\/\/blogopara.com.br\/wp-content\/uploads\/2023\/02\/Captura-de-tela-2023-02-16-204316-1.jpg",500,365,false],"1536x1536":["https:\/\/blogopara.com.br\/wp-content\/uploads\/2023\/02\/Captura-de-tela-2023-02-16-204316-1.jpg",500,365,false],"2048x2048":["https:\/\/blogopara.com.br\/wp-content\/uploads\/2023\/02\/Captura-de-tela-2023-02-16-204316-1.jpg",500,365,false],"mantranews-slider-large":["https:\/\/blogopara.com.br\/wp-content\/uploads\/2023\/02\/Captura-de-tela-2023-02-16-204316-1.jpg",500,365,false],"mantranews-featured-medium":["https:\/\/blogopara.com.br\/wp-content\/uploads\/2023\/02\/Captura-de-tela-2023-02-16-204316-1-420x307.jpg",420,307,true],"mantranews-featured-long":["https:\/\/blogopara.com.br\/wp-content\/uploads\/2023\/02\/Captura-de-tela-2023-02-16-204316-1-300x365.jpg",300,365,true],"mantranews-block-medium":["https:\/\/blogopara.com.br\/wp-content\/uploads\/2023\/02\/Captura-de-tela-2023-02-16-204316-1-464x290.jpg",464,290,true],"mantranews-carousel-image":["https:\/\/blogopara.com.br\/wp-content\/uploads\/2023\/02\/Captura-de-tela-2023-02-16-204316-1.jpg",500,365,false],"mantranews-block-thumb":["https:\/\/blogopara.com.br\/wp-content\/uploads\/2023\/02\/Captura-de-tela-2023-02-16-204316-1-322x230.jpg",322,230,true],"mantranews-single-large":["https:\/\/blogopara.com.br\/wp-content\/uploads\/2023\/02\/Captura-de-tela-2023-02-16-204316-1.jpg",500,365,false]},"uagb_author_info":{"display_name":"Reda\u00e7\u00e3o geral","author_link":"https:\/\/blogopara.com.br\/index.php\/author\/blogopara"},"uagb_comment_info":0,"uagb_excerpt":"Uma\u00a0rec\u00e9m-nascida de apenas 27 dias morreu ap\u00f3s ser estuprada pelo pr\u00f3prio pai, em Araruama, na Regi\u00e3o dos Lagos do Rio de Janeiro. O\u00a0criminoso foi preso pela Pol\u00edcia Civil neste s\u00e1bado (11\/2) durante o enterro da crian\u00e7a. Um laudo do Instituto M\u00e9dico-Legal (IML) confirmou o crime. Em depoimento aos agentes da 118\u00aa DP (Araruama), o homem&hellip;","jetpack_sharing_enabled":true,"jetpack_likes_enabled":true,"_links":{"self":[{"href":"https:\/\/blogopara.com.br\/index.php\/wp-json\/wp\/v2\/posts\/49809","targetHints":{"allow":["GET"]}}],"collection":[{"href":"https:\/\/blogopara.com.br\/index.php\/wp-json\/wp\/v2\/posts"}],"about":[{"href":"https:\/\/blogopara.com.br\/index.php\/wp-json\/wp\/v2\/types\/post"}],"author":[{"embeddable":true,"href":"https:\/\/blogopara.com.br\/index.php\/wp-json\/wp\/v2\/users\/1"}],"replies":[{"embeddable":true,"href":"https:\/\/blogopara.com.br\/index.php\/wp-json\/wp\/v2\/comments?post=49809"}],"version-history":[{"count":1,"href":"https:\/\/blogopara.com.br\/index.php\/wp-json\/wp\/v2\/posts\/49809\/revisions"}],"predecessor-version":[{"id":49811,"href":"https:\/\/blogopara.com.br\/index.php\/wp-json\/wp\/v2\/posts\/49809\/revisions\/49811"}],"wp:featuredmedia":[{"embeddable":true,"href":"https:\/\/blogopara.com.br\/index.php\/wp-json\/wp\/v2\/media\/49810"}],"wp:attachment":[{"href":"https:\/\/blogopara.com.br\/index.php\/wp-json\/wp\/v2\/media?parent=49809"}],"wp:term":[{"taxonomy":"category","embeddable":true,"href":"https:\/\/blogopara.com.br\/index.php\/wp-json\/wp\/v2\/categories?post=49809"},{"taxonomy":"post_tag","embeddable":true,"href":"https:\/\/blogopara.com.br\/index.php\/wp-json\/wp\/v2\/tags?post=49809"}],"curies":[{"name":"wp","href":"https:\/\/api.w.org\/{rel}","templated":true}]}}