{"id":49812,"date":"2023-02-17T16:00:00","date_gmt":"2023-02-17T19:00:00","guid":{"rendered":"https:\/\/blogopara.com.br\/?p=49812"},"modified":"2023-02-16T20:51:48","modified_gmt":"2023-02-16T23:51:48","slug":"governo-lula-vai-reajustar-em-40-bolsas-de-mestrado-e-doutorado","status":"publish","type":"post","link":"https:\/\/blogopara.com.br\/index.php\/2023\/02\/17\/governo-lula-vai-reajustar-em-40-bolsas-de-mestrado-e-doutorado","title":{"rendered":"Governo Lula vai reajustar em 40% bolsas de mestrado e doutorado"},"content":{"rendered":"<p style=\"text-align: justify;\">O governo&nbsp;Luiz In\u00e1cio Lula da Silva&nbsp;(PT) anunciar\u00e1 o reajuste nas&nbsp;bolsas de p\u00f3s-gradua\u00e7\u00e3o&nbsp;e pesquisa pagas pelos \u00f3rg\u00e3os de fomento do governo federal. O aumento para benef\u00edcios de mestrado e doutorado ser\u00e1 de 40%.<\/p>\n<p style=\"text-align: justify;\">A amplia\u00e7\u00e3o do valor das bolsas foi uma promessa de campanha do petista. H\u00e1 expectativa de que ele fa\u00e7a o an\u00fancio dos reajustes nesta quinta-feira (16).<\/p>\n<p style=\"text-align: justify;\">No mestrado, a bolsa passar\u00e1 de R$ 1.500 para R$ 2.100 mensais e, no doutorado, de R$ 2.200 para R$ 3.100.<\/p>\n<p style=\"text-align: justify;\">Os aux\u00edlios tamb\u00e9m v\u00e3o aumentar para bolsas de pesquisadores no p\u00f3s-doutorado. Subir\u00e3o de R$ 4.100 para R$ 5.200.<\/p>\n<p style=\"text-align: justify;\">A Capes (Coordena\u00e7\u00e3o de Aperfei\u00e7oamento de Pessoal de N\u00edvel Superior) tem ativos, no total, 99 mil bolsistas na p\u00f3s-gradua\u00e7\u00e3o. Destes, 44 mil s\u00e3o de mestrado, outros 51 mil, de doutorado e 4.400, de p\u00f3s-doutorado.<\/p>\n<p style=\"text-align: justify;\">Ligada ao MEC (Minist\u00e9rio da Educa\u00e7\u00e3o), a Capes \u00e9 respons\u00e1vel pela regula\u00e7\u00e3o e fomento da p\u00f3s-gradua\u00e7\u00e3o brasileira. Os valores das bolsas n\u00e3o eram reajustados desde 2013.<\/p>\n<p style=\"text-align: justify;\">Caso fosse aplicada a infla\u00e7\u00e3o do per\u00edodo, as bolsas de mestrado e doutorado deveriam passar por um reajuste de 72% para que o poder de compra fosse o mesmo de 2013.<\/p>\n<p style=\"text-align: justify;\">Tamb\u00e9m ser\u00e3o reajustados os valores das bolsas fornecidas pelo CNPq (Conselho Nacional de Desenvolvimento Cient\u00edfico e Tecnol\u00f3gico), nos mesmos moldes. O \u00f3rg\u00e3o, do Minist\u00e9rio da Ci\u00eancia, Tecnologia e Inova\u00e7\u00e3o, re\u00fane cerca de 77 mil pesquisadores bolsistas.<\/p>\n<p style=\"text-align: justify;\">Durante o governo Jair Bolsonaro (PL), houve redu\u00e7\u00e3o de n\u00famero de bolsas, mudan\u00e7as em \u00e1reas priorit\u00e1rias e&nbsp;atrasos de pagamentos. No fim da gest\u00e3o, no entanto, houve recupera\u00e7\u00e3o no volume de bolsas concedidas, que ficou praticamente est\u00e1vel \u00e0 realidade de 2018, \u00faltimo ano do governo Michel Temer (MDB).<\/p>\n<p style=\"text-align: justify;\">O atual governo afirma que vai recompor a quantidade de bolsas oferecidas. No caso do mestrado, por exemplo, em 2015 havia 58,6 mil bolsas, n\u00famero que caiu para 48,7 mil em 2022, redu\u00e7\u00e3o de quase 17%. Agora, a estimativa \u00e9 de que sejam ofertadas 53,6 mil.<\/p>\n<p style=\"text-align: justify;\">Os alunos de inicia\u00e7\u00e3o cient\u00edfica no ensino m\u00e9dio tamb\u00e9m v\u00e3o ser contemplados. Ser\u00e3o 53 mil bolsas para estimular jovens estudantes a se dedicar \u00e0 pesquisa e \u00e0 produ\u00e7\u00e3o de ci\u00eancia que v\u00e3o passar de R$ 100 para R$ 300.<\/p>\n<p style=\"text-align: justify;\">As bolsas para forma\u00e7\u00e3o de professores da educa\u00e7\u00e3o b\u00e1sica ter\u00e3o reajuste entre 40% e 75%. Em 2023, haver\u00e1 125,7 mil bolsas para preparar melhor os professores, pe\u00e7a central na eleva\u00e7\u00e3o da qualidade do ensino b\u00e1sico. Atualmente, os valores dos repasses variam de R$ 400 a R$ 1.500.<\/p>\n<p style=\"text-align: justify;\">A Bolsa Perman\u00eancia ter\u00e1 o primeiro reajuste desde que foi criada, em 2013. O aux\u00edlio financeiro \u00e9 voltado a estudantes quilombolas, ind\u00edgenas e em situa\u00e7\u00e3o de vulnerabilidade socioecon\u00f4mica matriculados em institui\u00e7\u00f5es federais de ensino superior. A inten\u00e7\u00e3o \u00e9 contribuir para a perman\u00eancia e diploma\u00e7\u00e3o dos benefici\u00e1rios. Os percentuais de aumento v\u00e3o variar de 55% a 75%. Atualmente, os valores v\u00e3o de R$ 400 a R$ 900.<\/p>\n<p style=\"text-align: justify;\"><em>Fonte: Folha de S.Paulo<\/em><\/p>\n","protected":false},"excerpt":{"rendered":"<p>O governo&nbsp;Luiz In\u00e1cio Lula da Silva&nbsp;(PT) anunciar\u00e1 o reajuste nas&nbsp;bolsas de p\u00f3s-gradua\u00e7\u00e3o&nbsp;e pesquisa pagas pelos \u00f3rg\u00e3os de fomento do governo federal. O aumento para benef\u00edcios de mestrado e doutorado ser\u00e1 de 40%. A amplia\u00e7\u00e3o do valor das bolsas foi uma promessa de campanha do petista. H\u00e1 expectativa de que ele fa\u00e7a o an\u00fancio dos reajustes [&hellip;]<\/p>\n","protected":false},"author":1,"featured_media":49815,"comment_status":"closed","ping_status":"open","sticky":false,"template":"","format":"standard","meta":{"_uag_custom_page_level_css":"","_monsterinsights_skip_tracking":false,"_monsterinsights_sitenote_active":false,"_monsterinsights_sitenote_note":"","_monsterinsights_sitenote_category":0,"jetpack_post_was_ever_published":false,"_jetpack_newsletter_access":"","_jetpack_dont_email_post_to_subs":false,"_jetpack_newsletter_tier_id":0,"_jetpack_memberships_contains_paywalled_content":false,"_jetpack_memberships_contains_paid_content":false,"footnotes":"","jetpack_publicize_message":"","jetpack_publicize_feature_enabled":true,"jetpack_social_post_already_shared":true,"jetpack_social_options":{"image_generator_settings":{"template":"highway","default_image_id":0,"font":"","enabled":false},"version":2}},"categories":[200,209],"tags":[10716,554],"class_list":["post-49812","post","type-post","status-publish","format-standard","has-post-thumbnail","hentry","category-brasil","category-educacao","tag-bolsas","tag-lula"],"jetpack_publicize_connections":[],"jetpack_featured_media_url":"https:\/\/blogopara.com.br\/wp-content\/uploads\/2023\/02\/1068099-1-06032017-pzzb1062-1024x613-1-1.jpeg","uagb_featured_image_src":{"full":["https:\/\/blogopara.com.br\/wp-content\/uploads\/2023\/02\/1068099-1-06032017-pzzb1062-1024x613-1-1.jpeg",499,299,false],"thumbnail":["https:\/\/blogopara.com.br\/wp-content\/uploads\/2023\/02\/1068099-1-06032017-pzzb1062-1024x613-1-1-150x150.jpeg",150,150,true],"medium":["https:\/\/blogopara.com.br\/wp-content\/uploads\/2023\/02\/1068099-1-06032017-pzzb1062-1024x613-1-1-300x180.jpeg",300,180,true],"medium_large":["https:\/\/blogopara.com.br\/wp-content\/uploads\/2023\/02\/1068099-1-06032017-pzzb1062-1024x613-1-1.jpeg",499,299,false],"large":["https:\/\/blogopara.com.br\/wp-content\/uploads\/2023\/02\/1068099-1-06032017-pzzb1062-1024x613-1-1.jpeg",499,299,false],"1536x1536":["https:\/\/blogopara.com.br\/wp-content\/uploads\/2023\/02\/1068099-1-06032017-pzzb1062-1024x613-1-1.jpeg",499,299,false],"2048x2048":["https:\/\/blogopara.com.br\/wp-content\/uploads\/2023\/02\/1068099-1-06032017-pzzb1062-1024x613-1-1.jpeg",499,299,false],"mantranews-slider-large":["https:\/\/blogopara.com.br\/wp-content\/uploads\/2023\/02\/1068099-1-06032017-pzzb1062-1024x613-1-1.jpeg",499,299,false],"mantranews-featured-medium":["https:\/\/blogopara.com.br\/wp-content\/uploads\/2023\/02\/1068099-1-06032017-pzzb1062-1024x613-1-1-420x299.jpeg",420,299,true],"mantranews-featured-long":["https:\/\/blogopara.com.br\/wp-content\/uploads\/2023\/02\/1068099-1-06032017-pzzb1062-1024x613-1-1-300x299.jpeg",300,299,true],"mantranews-block-medium":["https:\/\/blogopara.com.br\/wp-content\/uploads\/2023\/02\/1068099-1-06032017-pzzb1062-1024x613-1-1-464x290.jpeg",464,290,true],"mantranews-carousel-image":["https:\/\/blogopara.com.br\/wp-content\/uploads\/2023\/02\/1068099-1-06032017-pzzb1062-1024x613-1-1.jpeg",499,299,false],"mantranews-block-thumb":["https:\/\/blogopara.com.br\/wp-content\/uploads\/2023\/02\/1068099-1-06032017-pzzb1062-1024x613-1-1-322x230.jpeg",322,230,true],"mantranews-single-large":["https:\/\/blogopara.com.br\/wp-content\/uploads\/2023\/02\/1068099-1-06032017-pzzb1062-1024x613-1-1.jpeg",499,299,false]},"uagb_author_info":{"display_name":"Reda\u00e7\u00e3o geral","author_link":"https:\/\/blogopara.com.br\/index.php\/author\/blogopara"},"uagb_comment_info":0,"uagb_excerpt":"O governo&nbsp;Luiz In\u00e1cio Lula da Silva&nbsp;(PT) anunciar\u00e1 o reajuste nas&nbsp;bolsas de p\u00f3s-gradua\u00e7\u00e3o&nbsp;e pesquisa pagas pelos \u00f3rg\u00e3os de fomento do governo federal. O aumento para benef\u00edcios de mestrado e doutorado ser\u00e1 de 40%. A amplia\u00e7\u00e3o do valor das bolsas foi uma promessa de campanha do petista. H\u00e1 expectativa de que ele fa\u00e7a o an\u00fancio dos reajustes&hellip;","jetpack_sharing_enabled":true,"jetpack_likes_enabled":true,"_links":{"self":[{"href":"https:\/\/blogopara.com.br\/index.php\/wp-json\/wp\/v2\/posts\/49812","targetHints":{"allow":["GET"]}}],"collection":[{"href":"https:\/\/blogopara.com.br\/index.php\/wp-json\/wp\/v2\/posts"}],"about":[{"href":"https:\/\/blogopara.com.br\/index.php\/wp-json\/wp\/v2\/types\/post"}],"author":[{"embeddable":true,"href":"https:\/\/blogopara.com.br\/index.php\/wp-json\/wp\/v2\/users\/1"}],"replies":[{"embeddable":true,"href":"https:\/\/blogopara.com.br\/index.php\/wp-json\/wp\/v2\/comments?post=49812"}],"version-history":[{"count":3,"href":"https:\/\/blogopara.com.br\/index.php\/wp-json\/wp\/v2\/posts\/49812\/revisions"}],"predecessor-version":[{"id":49817,"href":"https:\/\/blogopara.com.br\/index.php\/wp-json\/wp\/v2\/posts\/49812\/revisions\/49817"}],"wp:featuredmedia":[{"embeddable":true,"href":"https:\/\/blogopara.com.br\/index.php\/wp-json\/wp\/v2\/media\/49815"}],"wp:attachment":[{"href":"https:\/\/blogopara.com.br\/index.php\/wp-json\/wp\/v2\/media?parent=49812"}],"wp:term":[{"taxonomy":"category","embeddable":true,"href":"https:\/\/blogopara.com.br\/index.php\/wp-json\/wp\/v2\/categories?post=49812"},{"taxonomy":"post_tag","embeddable":true,"href":"https:\/\/blogopara.com.br\/index.php\/wp-json\/wp\/v2\/tags?post=49812"}],"curies":[{"name":"wp","href":"https:\/\/api.w.org\/{rel}","templated":true}]}}