{"id":49818,"date":"2023-02-18T07:00:00","date_gmt":"2023-02-18T10:00:00","guid":{"rendered":"https:\/\/blogopara.com.br\/?p=49818"},"modified":"2023-02-18T00:12:02","modified_gmt":"2023-02-18T03:12:02","slug":"equipes-de-saude-da-atencao-primaria-de-juazeiro-recebem-formacao-para-atendimentos-em-saude-mental","status":"publish","type":"post","link":"https:\/\/blogopara.com.br\/index.php\/2023\/02\/18\/equipes-de-saude-da-atencao-primaria-de-juazeiro-recebem-formacao-para-atendimentos-em-saude-mental","title":{"rendered":"Equipes de sa\u00fade da Aten\u00e7\u00e3o Prim\u00e1ria de Juazeiro recebem forma\u00e7\u00e3o para atendimentos em sa\u00fade mental"},"content":{"rendered":"<p style=\"text-align: justify;\">As equipes de sa\u00fade que integram a rede de Aten\u00e7\u00e3o Prim\u00e1ria de Juazeiro est\u00e3o recebendo forma\u00e7\u00f5es para atendimento de sa\u00fade mental. As a\u00e7\u00f5es de matriciamento com a rede de sa\u00fade foram realizadas nesta quinta-feira (16) com a equipe da Unidade B\u00e1sica de Sa\u00fade (UBS) do bairro Maring\u00e1.<\/p>\n<p style=\"text-align: justify;\">A forma\u00e7\u00e3o \u00e9 realizada pelos profissionais do Centro de Aten\u00e7\u00e3o Psicossocial (CAPS) com os profissionais que integram a Estrat\u00e9gia de Sa\u00fade da Fam\u00edlia, composta por m\u00e9dica, enfermeira, dentista, t\u00e9cnicas de enfermagem, agentes comunit\u00e1rios de sa\u00fade, auxiliares administrativos e agente de portaria da UBS Maring\u00e1.<\/p>\n<p style=\"text-align: justify;\">\u201cEssa forma\u00e7\u00e3o nos ajudou a como atender os usu\u00e1rios que necessitam de um direcionamento de sa\u00fade mental. Nele pudemos conhecer todo o fluxo para este tipo de atendimento da rede p\u00fablica de sa\u00fade de Juazeiro\u201d, destacou o dentista e coordenador da UBS Maring\u00e1, Rodrigo Reis. As equipes do CAPS far\u00e3o outras a\u00e7\u00f5es de matriciamento nas demais UBS\u2019s do munic\u00edpio.<\/p>\n<p style=\"text-align: justify;\"><img loading=\"lazy\" decoding=\"async\" class=\"aligncenter size-full wp-image-80057\" src=\"https:\/\/www.juazeiro.ba.gov.br\/wp-content\/uploads\/2023\/02\/matriciamento-2.jpeg\" sizes=\"auto, (max-width: 1024px) 100vw, 1024px\" srcset=\"https:\/\/www.juazeiro.ba.gov.br\/wp-content\/uploads\/2023\/02\/matriciamento-2.jpeg 1024w, https:\/\/www.juazeiro.ba.gov.br\/wp-content\/uploads\/2023\/02\/matriciamento-2-300x225.jpeg 300w, https:\/\/www.juazeiro.ba.gov.br\/wp-content\/uploads\/2023\/02\/matriciamento-2-768x576.jpeg 768w\" alt=\"\" width=\"1024\" height=\"768\" \/><\/p>\n<p style=\"text-align: justify;\"><em>Fonte: Ascom\/Sesau\/PMJ<\/em><\/p>\n","protected":false},"excerpt":{"rendered":"<p>As equipes de sa\u00fade que integram a rede de Aten\u00e7\u00e3o Prim\u00e1ria de Juazeiro est\u00e3o recebendo forma\u00e7\u00f5es para atendimento de sa\u00fade mental. As a\u00e7\u00f5es de matriciamento com a rede de sa\u00fade foram realizadas nesta quinta-feira (16) com a equipe da Unidade B\u00e1sica de Sa\u00fade (UBS) do bairro Maring\u00e1. A forma\u00e7\u00e3o \u00e9 realizada pelos profissionais do Centro [&hellip;]<\/p>\n","protected":false},"author":1,"featured_media":49819,"comment_status":"closed","ping_status":"open","sticky":false,"template":"","format":"standard","meta":{"_uag_custom_page_level_css":"","_monsterinsights_skip_tracking":false,"_monsterinsights_sitenote_active":false,"_monsterinsights_sitenote_note":"","_monsterinsights_sitenote_category":0,"jetpack_post_was_ever_published":false,"_jetpack_newsletter_access":"","_jetpack_dont_email_post_to_subs":false,"_jetpack_newsletter_tier_id":0,"_jetpack_memberships_contains_paywalled_content":false,"_jetpack_memberships_contains_paid_content":false,"footnotes":"","jetpack_publicize_message":"","jetpack_publicize_feature_enabled":true,"jetpack_social_post_already_shared":true,"jetpack_social_options":{"image_generator_settings":{"template":"highway","default_image_id":0,"font":"","enabled":false},"version":2}},"categories":[203,205],"tags":[340],"class_list":["post-49818","post","type-post","status-publish","format-standard","has-post-thumbnail","hentry","category-juazeiro","category-saude","tag-prefeitura-de-juazeiro"],"jetpack_publicize_connections":[],"jetpack_featured_media_url":"https:\/\/blogopara.com.br\/wp-content\/uploads\/2023\/02\/matriciamento-1-1.jpeg","uagb_featured_image_src":{"full":["https:\/\/blogopara.com.br\/wp-content\/uploads\/2023\/02\/matriciamento-1-1.jpeg",500,375,false],"thumbnail":["https:\/\/blogopara.com.br\/wp-content\/uploads\/2023\/02\/matriciamento-1-1-150x150.jpeg",150,150,true],"medium":["https:\/\/blogopara.com.br\/wp-content\/uploads\/2023\/02\/matriciamento-1-1-300x225.jpeg",300,225,true],"medium_large":["https:\/\/blogopara.com.br\/wp-content\/uploads\/2023\/02\/matriciamento-1-1.jpeg",500,375,false],"large":["https:\/\/blogopara.com.br\/wp-content\/uploads\/2023\/02\/matriciamento-1-1.jpeg",500,375,false],"1536x1536":["https:\/\/blogopara.com.br\/wp-content\/uploads\/2023\/02\/matriciamento-1-1.jpeg",500,375,false],"2048x2048":["https:\/\/blogopara.com.br\/wp-content\/uploads\/2023\/02\/matriciamento-1-1.jpeg",500,375,false],"mantranews-slider-large":["https:\/\/blogopara.com.br\/wp-content\/uploads\/2023\/02\/matriciamento-1-1.jpeg",500,375,false],"mantranews-featured-medium":["https:\/\/blogopara.com.br\/wp-content\/uploads\/2023\/02\/matriciamento-1-1-420x307.jpeg",420,307,true],"mantranews-featured-long":["https:\/\/blogopara.com.br\/wp-content\/uploads\/2023\/02\/matriciamento-1-1-300x375.jpeg",300,375,true],"mantranews-block-medium":["https:\/\/blogopara.com.br\/wp-content\/uploads\/2023\/02\/matriciamento-1-1-464x290.jpeg",464,290,true],"mantranews-carousel-image":["https:\/\/blogopara.com.br\/wp-content\/uploads\/2023\/02\/matriciamento-1-1.jpeg",500,375,false],"mantranews-block-thumb":["https:\/\/blogopara.com.br\/wp-content\/uploads\/2023\/02\/matriciamento-1-1-322x230.jpeg",322,230,true],"mantranews-single-large":["https:\/\/blogopara.com.br\/wp-content\/uploads\/2023\/02\/matriciamento-1-1.jpeg",500,375,false]},"uagb_author_info":{"display_name":"Reda\u00e7\u00e3o geral","author_link":"https:\/\/blogopara.com.br\/index.php\/author\/blogopara"},"uagb_comment_info":0,"uagb_excerpt":"As equipes de sa\u00fade que integram a rede de Aten\u00e7\u00e3o Prim\u00e1ria de Juazeiro est\u00e3o recebendo forma\u00e7\u00f5es para atendimento de sa\u00fade mental. As a\u00e7\u00f5es de matriciamento com a rede de sa\u00fade foram realizadas nesta quinta-feira (16) com a equipe da Unidade B\u00e1sica de Sa\u00fade (UBS) do bairro Maring\u00e1. A forma\u00e7\u00e3o \u00e9 realizada pelos profissionais do Centro&hellip;","jetpack_sharing_enabled":true,"jetpack_likes_enabled":true,"_links":{"self":[{"href":"https:\/\/blogopara.com.br\/index.php\/wp-json\/wp\/v2\/posts\/49818","targetHints":{"allow":["GET"]}}],"collection":[{"href":"https:\/\/blogopara.com.br\/index.php\/wp-json\/wp\/v2\/posts"}],"about":[{"href":"https:\/\/blogopara.com.br\/index.php\/wp-json\/wp\/v2\/types\/post"}],"author":[{"embeddable":true,"href":"https:\/\/blogopara.com.br\/index.php\/wp-json\/wp\/v2\/users\/1"}],"replies":[{"embeddable":true,"href":"https:\/\/blogopara.com.br\/index.php\/wp-json\/wp\/v2\/comments?post=49818"}],"version-history":[{"count":1,"href":"https:\/\/blogopara.com.br\/index.php\/wp-json\/wp\/v2\/posts\/49818\/revisions"}],"predecessor-version":[{"id":49820,"href":"https:\/\/blogopara.com.br\/index.php\/wp-json\/wp\/v2\/posts\/49818\/revisions\/49820"}],"wp:featuredmedia":[{"embeddable":true,"href":"https:\/\/blogopara.com.br\/index.php\/wp-json\/wp\/v2\/media\/49819"}],"wp:attachment":[{"href":"https:\/\/blogopara.com.br\/index.php\/wp-json\/wp\/v2\/media?parent=49818"}],"wp:term":[{"taxonomy":"category","embeddable":true,"href":"https:\/\/blogopara.com.br\/index.php\/wp-json\/wp\/v2\/categories?post=49818"},{"taxonomy":"post_tag","embeddable":true,"href":"https:\/\/blogopara.com.br\/index.php\/wp-json\/wp\/v2\/tags?post=49818"}],"curies":[{"name":"wp","href":"https:\/\/api.w.org\/{rel}","templated":true}]}}