{"id":4986,"date":"2019-11-22T16:28:18","date_gmt":"2019-11-22T19:28:18","guid":{"rendered":"http:\/\/blogopara.com.br\/?p=4986"},"modified":"2019-11-22T16:28:24","modified_gmt":"2019-11-22T19:28:24","slug":"petrolina-festival-gastronomico-tera-atracoes-musicais-e-aulao-show-gratuitos","status":"publish","type":"post","link":"https:\/\/blogopara.com.br\/index.php\/2019\/11\/22\/petrolina-festival-gastronomico-tera-atracoes-musicais-e-aulao-show-gratuitos","title":{"rendered":"PETROLINA: FESTIVAL GASTRON\u00d4MICO TER\u00c1 ATRA\u00c7\u00d5ES MUSICAIS E \u2018AUL\u00c3O SHOW\u2019 GRATUITOS"},"content":{"rendered":"<div id=\"texto\">\n<p style=\"text-align: justify;\">Uma diversidade de op\u00e7\u00f5es de sabores para experimentar em um s\u00f3 lugar. Essa \u00e9 a proposta do Festival Gastron\u00f4mico que come\u00e7a nesta sexta-feira (22), \u00e0s 17h, na pra\u00e7a 21 de Setembro em Petrolina. O evento vai reunir 10 chefes locais e regionais, que v\u00e3o servir pratos requintados com pre\u00e7os acess\u00edveis, que variam entre R$ 15 e R$ 25. A programa\u00e7\u00e3o \u00e9 gratuita e tamb\u00e9m inclui shows e \u201caul\u00e3o show\u201d, com o chefe Raphael Vasconcellos, que assina o card\u00e1pio de 35 restaurantes do pa\u00eds e foi campe\u00e3o do concurso Master Scotch Chivas Extra 2017 e finalista no ENCHEFS 2016.<\/p>\n<p style=\"text-align: justify;\">O evento segue at\u00e9 o s\u00e1bado (22). Na primeira noite, a partir das 20h, Raphael Vasconcellos vai ensinar ao p\u00fablico a cozinhar \u2018Paella\u2019 e o festival vai ser animado pelo DJ Aquiles e Dr. Blues. No s\u00e1bado (23), o prato ensinado ser\u00e1 \u2018Cabonara de frutos do mar\u2019, e o som vai ficar por conta do Dj Aquiles e Outrio.<\/p>\n<p style=\"text-align: justify;\">Al\u00e9m do chefe Raphael Vasconcellos, tamb\u00e9m est\u00e3o confirmados: Rafael Yamaguti, Juci Melo, Felipe Zoby, Oscar Serafim, Christian Benites, Leandro Nascimento, Maria Augusta, Sandrine Scherer e Guimar\u00e3es. Cada um elaborou um card\u00e1pio de at\u00e9 tr\u00eas pratos, com suas respectivas especialidades, e tem op\u00e7\u00e3o pra todo gosto, como: bob\u00f3 vegano, cuscuz marroquino, arroz de pato e bolinho de vatap\u00e1.<\/p>\n<p style=\"text-align: justify;\">O Festival Gastron\u00f4mico recebe o apoio da Prefeitura de Petrolina e do Servi\u00e7o Brasileiro de Apoio \u00e0s Micro e Pequenas Empresas (Sebrae). Os interessados em conhecer mais sobre o Festival Gastron\u00f4mico, podem acompanhar o perfil no instagram: @festivalgastropetrolina.<\/p>\n<\/div>\n<pre id=\"creditos\" class=\"creditos-postagem\">Ascom Prefeitura de Petrolina<\/pre>\n","protected":false},"excerpt":{"rendered":"<p>Uma diversidade de op\u00e7\u00f5es de sabores para experimentar em um s\u00f3 lugar. Essa \u00e9 a proposta do Festival Gastron\u00f4mico que come\u00e7a nesta sexta-feira (22), \u00e0s 17h, na pra\u00e7a 21 de Setembro em Petrolina. O evento vai reunir 10 chefes locais e regionais, que v\u00e3o servir pratos requintados com pre\u00e7os acess\u00edveis, que variam entre R$ 15 [&hellip;]<\/p>\n","protected":false},"author":1,"featured_media":4987,"comment_status":"open","ping_status":"open","sticky":false,"template":"","format":"standard","meta":{"_uag_custom_page_level_css":"","_monsterinsights_skip_tracking":false,"_monsterinsights_sitenote_active":false,"_monsterinsights_sitenote_note":"","_monsterinsights_sitenote_category":0,"jetpack_post_was_ever_published":false,"_jetpack_newsletter_access":"","_jetpack_dont_email_post_to_subs":false,"_jetpack_newsletter_tier_id":0,"_jetpack_memberships_contains_paywalled_content":false,"_jetpack_memberships_contains_paid_content":false,"footnotes":"","jetpack_publicize_message":"","jetpack_publicize_feature_enabled":true,"jetpack_social_post_already_shared":true,"jetpack_social_options":{"image_generator_settings":{"template":"highway","default_image_id":0,"font":"","enabled":false},"version":2}},"categories":[851],"tags":[1249,1248,58],"class_list":["post-4986","post","type-post","status-publish","format-standard","has-post-thumbnail","hentry","category-petrolina","tag-festival","tag-gastronomico","tag-petrolina"],"jetpack_publicize_connections":[],"jetpack_featured_media_url":"https:\/\/blogopara.com.br\/wp-content\/uploads\/2019\/11\/FESTIVAL-GASTRON\u00d4MICO-2.jpeg","uagb_featured_image_src":{"full":["https:\/\/blogopara.com.br\/wp-content\/uploads\/2019\/11\/FESTIVAL-GASTRON\u00d4MICO-2.jpeg",500,500,false],"thumbnail":["https:\/\/blogopara.com.br\/wp-content\/uploads\/2019\/11\/FESTIVAL-GASTRON\u00d4MICO-2-150x150.jpeg",150,150,true],"medium":["https:\/\/blogopara.com.br\/wp-content\/uploads\/2019\/11\/FESTIVAL-GASTRON\u00d4MICO-2-300x300.jpeg",300,300,true],"medium_large":["https:\/\/blogopara.com.br\/wp-content\/uploads\/2019\/11\/FESTIVAL-GASTRON\u00d4MICO-2.jpeg",500,500,false],"large":["https:\/\/blogopara.com.br\/wp-content\/uploads\/2019\/11\/FESTIVAL-GASTRON\u00d4MICO-2.jpeg",500,500,false],"1536x1536":["https:\/\/blogopara.com.br\/wp-content\/uploads\/2019\/11\/FESTIVAL-GASTRON\u00d4MICO-2.jpeg",500,500,false],"2048x2048":["https:\/\/blogopara.com.br\/wp-content\/uploads\/2019\/11\/FESTIVAL-GASTRON\u00d4MICO-2.jpeg",500,500,false],"mantranews-slider-large":["https:\/\/blogopara.com.br\/wp-content\/uploads\/2019\/11\/FESTIVAL-GASTRON\u00d4MICO-2.jpeg",500,500,false],"mantranews-featured-medium":["https:\/\/blogopara.com.br\/wp-content\/uploads\/2019\/11\/FESTIVAL-GASTRON\u00d4MICO-2.jpeg",307,307,false],"mantranews-featured-long":["https:\/\/blogopara.com.br\/wp-content\/uploads\/2019\/11\/FESTIVAL-GASTRON\u00d4MICO-2.jpeg",300,300,false],"mantranews-block-medium":["https:\/\/blogopara.com.br\/wp-content\/uploads\/2019\/11\/FESTIVAL-GASTRON\u00d4MICO-2.jpeg",290,290,false],"mantranews-carousel-image":["https:\/\/blogopara.com.br\/wp-content\/uploads\/2019\/11\/FESTIVAL-GASTRON\u00d4MICO-2.jpeg",500,500,false],"mantranews-block-thumb":["https:\/\/blogopara.com.br\/wp-content\/uploads\/2019\/11\/FESTIVAL-GASTRON\u00d4MICO-2.jpeg",230,230,false],"mantranews-single-large":["https:\/\/blogopara.com.br\/wp-content\/uploads\/2019\/11\/FESTIVAL-GASTRON\u00d4MICO-2.jpeg",500,500,false]},"uagb_author_info":{"display_name":"Reda\u00e7\u00e3o geral","author_link":"https:\/\/blogopara.com.br\/index.php\/author\/blogopara"},"uagb_comment_info":0,"uagb_excerpt":"Uma diversidade de op\u00e7\u00f5es de sabores para experimentar em um s\u00f3 lugar. Essa \u00e9 a proposta do Festival Gastron\u00f4mico que come\u00e7a nesta sexta-feira (22), \u00e0s 17h, na pra\u00e7a 21 de Setembro em Petrolina. O evento vai reunir 10 chefes locais e regionais, que v\u00e3o servir pratos requintados com pre\u00e7os acess\u00edveis, que variam entre R$ 15&hellip;","jetpack_sharing_enabled":true,"jetpack_likes_enabled":true,"_links":{"self":[{"href":"https:\/\/blogopara.com.br\/index.php\/wp-json\/wp\/v2\/posts\/4986","targetHints":{"allow":["GET"]}}],"collection":[{"href":"https:\/\/blogopara.com.br\/index.php\/wp-json\/wp\/v2\/posts"}],"about":[{"href":"https:\/\/blogopara.com.br\/index.php\/wp-json\/wp\/v2\/types\/post"}],"author":[{"embeddable":true,"href":"https:\/\/blogopara.com.br\/index.php\/wp-json\/wp\/v2\/users\/1"}],"replies":[{"embeddable":true,"href":"https:\/\/blogopara.com.br\/index.php\/wp-json\/wp\/v2\/comments?post=4986"}],"version-history":[{"count":1,"href":"https:\/\/blogopara.com.br\/index.php\/wp-json\/wp\/v2\/posts\/4986\/revisions"}],"predecessor-version":[{"id":4988,"href":"https:\/\/blogopara.com.br\/index.php\/wp-json\/wp\/v2\/posts\/4986\/revisions\/4988"}],"wp:featuredmedia":[{"embeddable":true,"href":"https:\/\/blogopara.com.br\/index.php\/wp-json\/wp\/v2\/media\/4987"}],"wp:attachment":[{"href":"https:\/\/blogopara.com.br\/index.php\/wp-json\/wp\/v2\/media?parent=4986"}],"wp:term":[{"taxonomy":"category","embeddable":true,"href":"https:\/\/blogopara.com.br\/index.php\/wp-json\/wp\/v2\/categories?post=4986"},{"taxonomy":"post_tag","embeddable":true,"href":"https:\/\/blogopara.com.br\/index.php\/wp-json\/wp\/v2\/tags?post=4986"}],"curies":[{"name":"wp","href":"https:\/\/api.w.org\/{rel}","templated":true}]}}