{"id":50015,"date":"2023-02-25T13:00:00","date_gmt":"2023-02-25T16:00:00","guid":{"rendered":"https:\/\/blogopara.com.br\/?p=50015"},"modified":"2023-02-24T20:55:49","modified_gmt":"2023-02-24T23:55:49","slug":"unidades-basicas-de-saude-oferecem-servicos-durante-o-final-de-semana-em-petrolina","status":"publish","type":"post","link":"https:\/\/blogopara.com.br\/index.php\/2023\/02\/25\/unidades-basicas-de-saude-oferecem-servicos-durante-o-final-de-semana-em-petrolina","title":{"rendered":"Unidades B\u00e1sicas de Sa\u00fade oferecem servi\u00e7os durante o final de semana em Petrolina"},"content":{"rendered":"<p style=\"text-align: justify;\">Duas Unidades B\u00e1sicas de Sa\u00fade (UBS) de Petrolina, no Sert\u00e3o de Pernambuco, funcionar\u00e3o durante o final de semana, para presta\u00e7\u00e3o de servi\u00e7os \u00e0 comunidades.<\/p>\n<p style=\"text-align: justify;\">No s\u00e1bado (25), a UBS do Jardim Maravilha, e a UBS Manoel Poss\u00eddio, na Areia Branca, ir\u00e3o oferecer vacinas das 8h \u00e0s 12h. Quem deseja atualizar a caderneta de vacina\u00e7\u00e3o deve apresent\u00e1-la, assim como o documento oficial com foto e cart\u00e3o do SUS.<\/p>\n<p style=\"text-align: justify;\">No domingo (26), a sala de vacina da UBS do N4-II funcionar\u00e1 das 8h \u00e0s 13h. Ser\u00e3o ofertados tamb\u00e9m, servi\u00e7os de sa\u00fade bucal e atividades recreativas para as crian\u00e7as. Para ter acesso aos servi\u00e7os \u00e9 necess\u00e1rio apresentar documento de identifica\u00e7\u00e3o com foto, cart\u00e3o SUS ou CPF e o cart\u00e3o de vacina\u00e7\u00e3o.<\/p>\n<p style=\"text-align: justify;\"><em>Fonte: g1 Petrolina<\/em><\/p>\n","protected":false},"excerpt":{"rendered":"<p>Duas Unidades B\u00e1sicas de Sa\u00fade (UBS) de Petrolina, no Sert\u00e3o de Pernambuco, funcionar\u00e3o durante o final de semana, para presta\u00e7\u00e3o de servi\u00e7os \u00e0 comunidades. No s\u00e1bado (25), a UBS do Jardim Maravilha, e a UBS Manoel Poss\u00eddio, na Areia Branca, ir\u00e3o oferecer vacinas das 8h \u00e0s 12h. Quem deseja atualizar a caderneta de vacina\u00e7\u00e3o deve [&hellip;]<\/p>\n","protected":false},"author":1,"featured_media":47831,"comment_status":"closed","ping_status":"open","sticky":false,"template":"","format":"standard","meta":{"_uag_custom_page_level_css":"","_monsterinsights_skip_tracking":false,"_monsterinsights_sitenote_active":false,"_monsterinsights_sitenote_note":"","_monsterinsights_sitenote_category":0,"jetpack_post_was_ever_published":false,"_jetpack_newsletter_access":"","_jetpack_dont_email_post_to_subs":false,"_jetpack_newsletter_tier_id":0,"_jetpack_memberships_contains_paywalled_content":false,"_jetpack_memberships_contains_paid_content":false,"footnotes":"","jetpack_publicize_message":"","jetpack_publicize_feature_enabled":true,"jetpack_social_post_already_shared":true,"jetpack_social_options":{"image_generator_settings":{"template":"highway","default_image_id":0,"font":"","enabled":false},"version":2}},"categories":[1504,851,205],"tags":[58,669],"class_list":["post-50015","post","type-post","status-publish","format-standard","has-post-thumbnail","hentry","category-comunidade","category-petrolina","category-saude","tag-petrolina","tag-ubs"],"jetpack_publicize_connections":[],"jetpack_featured_media_url":"https:\/\/blogopara.com.br\/wp-content\/uploads\/2022\/12\/vacina_crianca-1.jpeg","uagb_featured_image_src":{"full":["https:\/\/blogopara.com.br\/wp-content\/uploads\/2022\/12\/vacina_crianca-1.jpeg",500,333,false],"thumbnail":["https:\/\/blogopara.com.br\/wp-content\/uploads\/2022\/12\/vacina_crianca-1-150x150.jpeg",150,150,true],"medium":["https:\/\/blogopara.com.br\/wp-content\/uploads\/2022\/12\/vacina_crianca-1-300x200.jpeg",300,200,true],"medium_large":["https:\/\/blogopara.com.br\/wp-content\/uploads\/2022\/12\/vacina_crianca-1.jpeg",500,333,false],"large":["https:\/\/blogopara.com.br\/wp-content\/uploads\/2022\/12\/vacina_crianca-1.jpeg",500,333,false],"1536x1536":["https:\/\/blogopara.com.br\/wp-content\/uploads\/2022\/12\/vacina_crianca-1.jpeg",500,333,false],"2048x2048":["https:\/\/blogopara.com.br\/wp-content\/uploads\/2022\/12\/vacina_crianca-1.jpeg",500,333,false],"mantranews-slider-large":["https:\/\/blogopara.com.br\/wp-content\/uploads\/2022\/12\/vacina_crianca-1.jpeg",500,333,false],"mantranews-featured-medium":["https:\/\/blogopara.com.br\/wp-content\/uploads\/2022\/12\/vacina_crianca-1-420x307.jpeg",420,307,true],"mantranews-featured-long":["https:\/\/blogopara.com.br\/wp-content\/uploads\/2022\/12\/vacina_crianca-1-300x333.jpeg",300,333,true],"mantranews-block-medium":["https:\/\/blogopara.com.br\/wp-content\/uploads\/2022\/12\/vacina_crianca-1-464x290.jpeg",464,290,true],"mantranews-carousel-image":["https:\/\/blogopara.com.br\/wp-content\/uploads\/2022\/12\/vacina_crianca-1.jpeg",500,333,false],"mantranews-block-thumb":["https:\/\/blogopara.com.br\/wp-content\/uploads\/2022\/12\/vacina_crianca-1-322x230.jpeg",322,230,true],"mantranews-single-large":["https:\/\/blogopara.com.br\/wp-content\/uploads\/2022\/12\/vacina_crianca-1.jpeg",500,333,false]},"uagb_author_info":{"display_name":"Reda\u00e7\u00e3o geral","author_link":"https:\/\/blogopara.com.br\/index.php\/author\/blogopara"},"uagb_comment_info":0,"uagb_excerpt":"Duas Unidades B\u00e1sicas de Sa\u00fade (UBS) de Petrolina, no Sert\u00e3o de Pernambuco, funcionar\u00e3o durante o final de semana, para presta\u00e7\u00e3o de servi\u00e7os \u00e0 comunidades. No s\u00e1bado (25), a UBS do Jardim Maravilha, e a UBS Manoel Poss\u00eddio, na Areia Branca, ir\u00e3o oferecer vacinas das 8h \u00e0s 12h. Quem deseja atualizar a caderneta de vacina\u00e7\u00e3o deve&hellip;","jetpack_sharing_enabled":true,"jetpack_likes_enabled":true,"_links":{"self":[{"href":"https:\/\/blogopara.com.br\/index.php\/wp-json\/wp\/v2\/posts\/50015","targetHints":{"allow":["GET"]}}],"collection":[{"href":"https:\/\/blogopara.com.br\/index.php\/wp-json\/wp\/v2\/posts"}],"about":[{"href":"https:\/\/blogopara.com.br\/index.php\/wp-json\/wp\/v2\/types\/post"}],"author":[{"embeddable":true,"href":"https:\/\/blogopara.com.br\/index.php\/wp-json\/wp\/v2\/users\/1"}],"replies":[{"embeddable":true,"href":"https:\/\/blogopara.com.br\/index.php\/wp-json\/wp\/v2\/comments?post=50015"}],"version-history":[{"count":1,"href":"https:\/\/blogopara.com.br\/index.php\/wp-json\/wp\/v2\/posts\/50015\/revisions"}],"predecessor-version":[{"id":50016,"href":"https:\/\/blogopara.com.br\/index.php\/wp-json\/wp\/v2\/posts\/50015\/revisions\/50016"}],"wp:featuredmedia":[{"embeddable":true,"href":"https:\/\/blogopara.com.br\/index.php\/wp-json\/wp\/v2\/media\/47831"}],"wp:attachment":[{"href":"https:\/\/blogopara.com.br\/index.php\/wp-json\/wp\/v2\/media?parent=50015"}],"wp:term":[{"taxonomy":"category","embeddable":true,"href":"https:\/\/blogopara.com.br\/index.php\/wp-json\/wp\/v2\/categories?post=50015"},{"taxonomy":"post_tag","embeddable":true,"href":"https:\/\/blogopara.com.br\/index.php\/wp-json\/wp\/v2\/tags?post=50015"}],"curies":[{"name":"wp","href":"https:\/\/api.w.org\/{rel}","templated":true}]}}