{"id":50087,"date":"2023-02-28T11:00:00","date_gmt":"2023-02-28T14:00:00","guid":{"rendered":"https:\/\/blogopara.com.br\/?p=50087"},"modified":"2023-02-27T21:33:07","modified_gmt":"2023-02-28T00:33:07","slug":"vacina-bivalente-contra-covid-19-comeca-a-ser-aplicada-na-terca-feira-em-petrolina","status":"publish","type":"post","link":"https:\/\/blogopara.com.br\/index.php\/2023\/02\/28\/vacina-bivalente-contra-covid-19-comeca-a-ser-aplicada-na-terca-feira-em-petrolina","title":{"rendered":"Vacina bivalente contra Covid-19 come\u00e7a a ser aplicada na ter\u00e7a-feira em Petrolina"},"content":{"rendered":"<p style=\"text-align: justify;\">A Secretaria de Sa\u00fade de Petrolina, no Sert\u00e3o de Pernambuco, vai come\u00e7ar, a partir da ter\u00e7a-feira (28), a aplica\u00e7\u00e3o da vacina bivalente contra a Covid-19. Segundo a secretaria, Neste primeiro momento, idosos de 70 anos e mais e pessoas que vivem em institui\u00e7\u00f5es de longa perman\u00eancia ser\u00e3o contemplados.<\/p>\n<p style=\"text-align: justify;\">As unidades que disponibilizar\u00e3o a vacina s\u00e3o: UBS Am\u00e1lia Granja, Vila Moc\u00f3; UBS Bernardino Campos, Vila Eduardo; UBS Ricardo Soares, Cohab Massangano; UBS Lia Bezerra, Jos\u00e9 e Maria; UBS Josefa de Souza, Pedra Linda; e Plinio Amorim, Rajada. As unidades v\u00e3o funcionar das 8h \u00e0s 12h e das 14h \u00e0s 16h45. \u00c9 preciso levar documento de identifica\u00e7\u00e3o com foto, cart\u00e3o SUS ou CPF e o cart\u00e3o de vacina\u00e7\u00e3o.<br \/>\nPara receber a vacina \u00e9 necess\u00e1rio ter, no m\u00ednimo, o esquema b\u00e1sico com duas doses da monovalente e respeitar um intervalo de quatro meses da \u00faltima dose, para tomar a vacina bivalente.<\/p>\n<p style=\"text-align: justify;\"><em>Fonte: g1 Petrolina<\/em><\/p>\n","protected":false},"excerpt":{"rendered":"<p>A Secretaria de Sa\u00fade de Petrolina, no Sert\u00e3o de Pernambuco, vai come\u00e7ar, a partir da ter\u00e7a-feira (28), a aplica\u00e7\u00e3o da vacina bivalente contra a Covid-19. Segundo a secretaria, Neste primeiro momento, idosos de 70 anos e mais e pessoas que vivem em institui\u00e7\u00f5es de longa perman\u00eancia ser\u00e3o contemplados. As unidades que disponibilizar\u00e3o a vacina s\u00e3o: [&hellip;]<\/p>\n","protected":false},"author":1,"featured_media":37011,"comment_status":"closed","ping_status":"open","sticky":false,"template":"","format":"standard","meta":{"_uag_custom_page_level_css":"","_monsterinsights_skip_tracking":false,"_monsterinsights_sitenote_active":false,"_monsterinsights_sitenote_note":"","_monsterinsights_sitenote_category":0,"jetpack_post_was_ever_published":false,"_jetpack_newsletter_access":"","_jetpack_dont_email_post_to_subs":false,"_jetpack_newsletter_tier_id":0,"_jetpack_memberships_contains_paywalled_content":false,"_jetpack_memberships_contains_paid_content":false,"footnotes":"","jetpack_publicize_message":"","jetpack_publicize_feature_enabled":true,"jetpack_social_post_already_shared":true,"jetpack_social_options":{"image_generator_settings":{"template":"highway","default_image_id":0,"font":"","enabled":false},"version":2}},"categories":[1624,851,205],"tags":[58,10276],"class_list":["post-50087","post","type-post","status-publish","format-standard","has-post-thumbnail","hentry","category-covid-19","category-petrolina","category-saude","tag-petrolina","tag-vacina-bivalente"],"jetpack_publicize_connections":[],"jetpack_featured_media_url":"https:\/\/blogopara.com.br\/wp-content\/uploads\/2022\/05\/Polo-extra-de-vacinacao-2-1.jpeg","uagb_featured_image_src":{"full":["https:\/\/blogopara.com.br\/wp-content\/uploads\/2022\/05\/Polo-extra-de-vacinacao-2-1.jpeg",500,333,false],"thumbnail":["https:\/\/blogopara.com.br\/wp-content\/uploads\/2022\/05\/Polo-extra-de-vacinacao-2-1-150x150.jpeg",150,150,true],"medium":["https:\/\/blogopara.com.br\/wp-content\/uploads\/2022\/05\/Polo-extra-de-vacinacao-2-1-300x200.jpeg",300,200,true],"medium_large":["https:\/\/blogopara.com.br\/wp-content\/uploads\/2022\/05\/Polo-extra-de-vacinacao-2-1.jpeg",500,333,false],"large":["https:\/\/blogopara.com.br\/wp-content\/uploads\/2022\/05\/Polo-extra-de-vacinacao-2-1.jpeg",500,333,false],"1536x1536":["https:\/\/blogopara.com.br\/wp-content\/uploads\/2022\/05\/Polo-extra-de-vacinacao-2-1.jpeg",500,333,false],"2048x2048":["https:\/\/blogopara.com.br\/wp-content\/uploads\/2022\/05\/Polo-extra-de-vacinacao-2-1.jpeg",500,333,false],"mantranews-slider-large":["https:\/\/blogopara.com.br\/wp-content\/uploads\/2022\/05\/Polo-extra-de-vacinacao-2-1.jpeg",500,333,false],"mantranews-featured-medium":["https:\/\/blogopara.com.br\/wp-content\/uploads\/2022\/05\/Polo-extra-de-vacinacao-2-1-420x307.jpeg",420,307,true],"mantranews-featured-long":["https:\/\/blogopara.com.br\/wp-content\/uploads\/2022\/05\/Polo-extra-de-vacinacao-2-1-300x333.jpeg",300,333,true],"mantranews-block-medium":["https:\/\/blogopara.com.br\/wp-content\/uploads\/2022\/05\/Polo-extra-de-vacinacao-2-1-464x290.jpeg",464,290,true],"mantranews-carousel-image":["https:\/\/blogopara.com.br\/wp-content\/uploads\/2022\/05\/Polo-extra-de-vacinacao-2-1.jpeg",500,333,false],"mantranews-block-thumb":["https:\/\/blogopara.com.br\/wp-content\/uploads\/2022\/05\/Polo-extra-de-vacinacao-2-1-322x230.jpeg",322,230,true],"mantranews-single-large":["https:\/\/blogopara.com.br\/wp-content\/uploads\/2022\/05\/Polo-extra-de-vacinacao-2-1.jpeg",500,333,false]},"uagb_author_info":{"display_name":"Reda\u00e7\u00e3o geral","author_link":"https:\/\/blogopara.com.br\/index.php\/author\/blogopara"},"uagb_comment_info":0,"uagb_excerpt":"A Secretaria de Sa\u00fade de Petrolina, no Sert\u00e3o de Pernambuco, vai come\u00e7ar, a partir da ter\u00e7a-feira (28), a aplica\u00e7\u00e3o da vacina bivalente contra a Covid-19. Segundo a secretaria, Neste primeiro momento, idosos de 70 anos e mais e pessoas que vivem em institui\u00e7\u00f5es de longa perman\u00eancia ser\u00e3o contemplados. As unidades que disponibilizar\u00e3o a vacina s\u00e3o:&hellip;","jetpack_sharing_enabled":true,"jetpack_likes_enabled":true,"_links":{"self":[{"href":"https:\/\/blogopara.com.br\/index.php\/wp-json\/wp\/v2\/posts\/50087","targetHints":{"allow":["GET"]}}],"collection":[{"href":"https:\/\/blogopara.com.br\/index.php\/wp-json\/wp\/v2\/posts"}],"about":[{"href":"https:\/\/blogopara.com.br\/index.php\/wp-json\/wp\/v2\/types\/post"}],"author":[{"embeddable":true,"href":"https:\/\/blogopara.com.br\/index.php\/wp-json\/wp\/v2\/users\/1"}],"replies":[{"embeddable":true,"href":"https:\/\/blogopara.com.br\/index.php\/wp-json\/wp\/v2\/comments?post=50087"}],"version-history":[{"count":1,"href":"https:\/\/blogopara.com.br\/index.php\/wp-json\/wp\/v2\/posts\/50087\/revisions"}],"predecessor-version":[{"id":50088,"href":"https:\/\/blogopara.com.br\/index.php\/wp-json\/wp\/v2\/posts\/50087\/revisions\/50088"}],"wp:featuredmedia":[{"embeddable":true,"href":"https:\/\/blogopara.com.br\/index.php\/wp-json\/wp\/v2\/media\/37011"}],"wp:attachment":[{"href":"https:\/\/blogopara.com.br\/index.php\/wp-json\/wp\/v2\/media?parent=50087"}],"wp:term":[{"taxonomy":"category","embeddable":true,"href":"https:\/\/blogopara.com.br\/index.php\/wp-json\/wp\/v2\/categories?post=50087"},{"taxonomy":"post_tag","embeddable":true,"href":"https:\/\/blogopara.com.br\/index.php\/wp-json\/wp\/v2\/tags?post=50087"}],"curies":[{"name":"wp","href":"https:\/\/api.w.org\/{rel}","templated":true}]}}