{"id":50089,"date":"2023-02-28T12:00:00","date_gmt":"2023-02-28T15:00:00","guid":{"rendered":"https:\/\/blogopara.com.br\/?p=50089"},"modified":"2023-02-27T21:35:17","modified_gmt":"2023-02-28T00:35:17","slug":"corpo-de-homem-e-encontrado-na-ilha-do-fogo-no-rio-sao-francisco","status":"publish","type":"post","link":"https:\/\/blogopara.com.br\/index.php\/2023\/02\/28\/corpo-de-homem-e-encontrado-na-ilha-do-fogo-no-rio-sao-francisco","title":{"rendered":"Corpo de homem \u00e9 encontrado na Ilha do Fogo no Rio S\u00e3o Francisco"},"content":{"rendered":"<p style=\"text-align: justify;\">O corpo de um homem foi encontrado no domingo (26), na Ilha do Fogo, no Rio S\u00e3o Francisco, que fica entre as cidades de Petrolina e Juazeiro, na Bahia. O Instituto de Medicina Legal (IML) foi acionado para realizar uma per\u00edcia para fazer a identifica\u00e7\u00e3o e definir a causa da morte.<\/p>\n<p style=\"text-align: justify;\">Um inqu\u00e9rito policial tamb\u00e9m foi instaurado para investigar o caso.<\/p>\n<p style=\"text-align: justify;\"><em>Fonte: g1 Petrolina<\/em><\/p>\n\n\n<p><\/p>\n","protected":false},"excerpt":{"rendered":"<p>O corpo de um homem foi encontrado no domingo (26), na Ilha do Fogo, no Rio S\u00e3o Francisco, que fica entre as cidades de Petrolina e Juazeiro, na Bahia. O Instituto de Medicina Legal (IML) foi acionado para realizar uma per\u00edcia para fazer a identifica\u00e7\u00e3o e definir a causa da morte. Um inqu\u00e9rito policial tamb\u00e9m [&hellip;]<\/p>\n","protected":false},"author":1,"featured_media":50074,"comment_status":"closed","ping_status":"open","sticky":false,"template":"","format":"standard","meta":{"_uag_custom_page_level_css":"","_monsterinsights_skip_tracking":false,"_monsterinsights_sitenote_active":false,"_monsterinsights_sitenote_note":"","_monsterinsights_sitenote_category":0,"jetpack_post_was_ever_published":false,"_jetpack_newsletter_access":"","_jetpack_dont_email_post_to_subs":false,"_jetpack_newsletter_tier_id":0,"_jetpack_memberships_contains_paywalled_content":false,"_jetpack_memberships_contains_paid_content":false,"footnotes":"","jetpack_publicize_message":"","jetpack_publicize_feature_enabled":true,"jetpack_social_post_already_shared":true,"jetpack_social_options":{"image_generator_settings":{"template":"highway","default_image_id":0,"font":"","enabled":false},"version":2}},"categories":[851,202],"tags":[58],"class_list":["post-50089","post","type-post","status-publish","format-standard","has-post-thumbnail","hentry","category-petrolina","category-policia","tag-petrolina"],"jetpack_publicize_connections":[],"jetpack_featured_media_url":"https:\/\/blogopara.com.br\/wp-content\/uploads\/2023\/02\/ilhadofogo1-e1677544510612.jpg","uagb_featured_image_src":{"full":["https:\/\/blogopara.com.br\/wp-content\/uploads\/2023\/02\/ilhadofogo1-e1677544510612.jpg",500,332,false],"thumbnail":["https:\/\/blogopara.com.br\/wp-content\/uploads\/2023\/02\/ilhadofogo1-e1677544510612-150x150.jpg",150,150,true],"medium":["https:\/\/blogopara.com.br\/wp-content\/uploads\/2023\/02\/ilhadofogo1-e1677544510612-300x199.jpg",300,199,true],"medium_large":["https:\/\/blogopara.com.br\/wp-content\/uploads\/2023\/02\/ilhadofogo1-e1677544510612.jpg",500,332,false],"large":["https:\/\/blogopara.com.br\/wp-content\/uploads\/2023\/02\/ilhadofogo1-e1677544510612.jpg",500,332,false],"1536x1536":["https:\/\/blogopara.com.br\/wp-content\/uploads\/2023\/02\/ilhadofogo1-e1677544510612.jpg",500,332,false],"2048x2048":["https:\/\/blogopara.com.br\/wp-content\/uploads\/2023\/02\/ilhadofogo1-e1677544510612.jpg",500,332,false],"mantranews-slider-large":["https:\/\/blogopara.com.br\/wp-content\/uploads\/2023\/02\/ilhadofogo1-e1677544510612.jpg",500,332,false],"mantranews-featured-medium":["https:\/\/blogopara.com.br\/wp-content\/uploads\/2023\/02\/ilhadofogo1-e1677544510612-420x307.jpg",420,307,true],"mantranews-featured-long":["https:\/\/blogopara.com.br\/wp-content\/uploads\/2023\/02\/ilhadofogo1-e1677544510612-300x332.jpg",300,332,true],"mantranews-block-medium":["https:\/\/blogopara.com.br\/wp-content\/uploads\/2023\/02\/ilhadofogo1-e1677544510612-464x290.jpg",464,290,true],"mantranews-carousel-image":["https:\/\/blogopara.com.br\/wp-content\/uploads\/2023\/02\/ilhadofogo1-e1677544510612.jpg",500,332,false],"mantranews-block-thumb":["https:\/\/blogopara.com.br\/wp-content\/uploads\/2023\/02\/ilhadofogo1-e1677544510612-322x230.jpg",322,230,true],"mantranews-single-large":["https:\/\/blogopara.com.br\/wp-content\/uploads\/2023\/02\/ilhadofogo1-e1677544510612.jpg",500,332,false]},"uagb_author_info":{"display_name":"Reda\u00e7\u00e3o geral","author_link":"https:\/\/blogopara.com.br\/index.php\/author\/blogopara"},"uagb_comment_info":0,"uagb_excerpt":"O corpo de um homem foi encontrado no domingo (26), na Ilha do Fogo, no Rio S\u00e3o Francisco, que fica entre as cidades de Petrolina e Juazeiro, na Bahia. O Instituto de Medicina Legal (IML) foi acionado para realizar uma per\u00edcia para fazer a identifica\u00e7\u00e3o e definir a causa da morte. Um inqu\u00e9rito policial tamb\u00e9m&hellip;","jetpack_sharing_enabled":true,"jetpack_likes_enabled":true,"_links":{"self":[{"href":"https:\/\/blogopara.com.br\/index.php\/wp-json\/wp\/v2\/posts\/50089","targetHints":{"allow":["GET"]}}],"collection":[{"href":"https:\/\/blogopara.com.br\/index.php\/wp-json\/wp\/v2\/posts"}],"about":[{"href":"https:\/\/blogopara.com.br\/index.php\/wp-json\/wp\/v2\/types\/post"}],"author":[{"embeddable":true,"href":"https:\/\/blogopara.com.br\/index.php\/wp-json\/wp\/v2\/users\/1"}],"replies":[{"embeddable":true,"href":"https:\/\/blogopara.com.br\/index.php\/wp-json\/wp\/v2\/comments?post=50089"}],"version-history":[{"count":1,"href":"https:\/\/blogopara.com.br\/index.php\/wp-json\/wp\/v2\/posts\/50089\/revisions"}],"predecessor-version":[{"id":50090,"href":"https:\/\/blogopara.com.br\/index.php\/wp-json\/wp\/v2\/posts\/50089\/revisions\/50090"}],"wp:featuredmedia":[{"embeddable":true,"href":"https:\/\/blogopara.com.br\/index.php\/wp-json\/wp\/v2\/media\/50074"}],"wp:attachment":[{"href":"https:\/\/blogopara.com.br\/index.php\/wp-json\/wp\/v2\/media?parent=50089"}],"wp:term":[{"taxonomy":"category","embeddable":true,"href":"https:\/\/blogopara.com.br\/index.php\/wp-json\/wp\/v2\/categories?post=50089"},{"taxonomy":"post_tag","embeddable":true,"href":"https:\/\/blogopara.com.br\/index.php\/wp-json\/wp\/v2\/tags?post=50089"}],"curies":[{"name":"wp","href":"https:\/\/api.w.org\/{rel}","templated":true}]}}