{"id":50091,"date":"2023-02-28T13:00:00","date_gmt":"2023-02-28T16:00:00","guid":{"rendered":"https:\/\/blogopara.com.br\/?p=50091"},"modified":"2023-02-27T21:46:19","modified_gmt":"2023-02-28T00:46:19","slug":"alerta-prefeitura-de-olinda-distribuiu-kit-para-consumo-de-cocaina-no-carnaval","status":"publish","type":"post","link":"https:\/\/blogopara.com.br\/index.php\/2023\/02\/28\/alerta-prefeitura-de-olinda-distribuiu-kit-para-consumo-de-cocaina-no-carnaval","title":{"rendered":"Alerta: prefeitura de Olinda distribuiu kit para consumo de coca\u00edna no Carnaval?"},"content":{"rendered":"<p style=\"text-align: justify;\">Publica\u00e7\u00f5es no Twitter afirmam que a prefeitura de Olinda (PE) distribuiu kit de redu\u00e7\u00e3o de danos para uso de drogas no Carnaval.<\/p>\n<p style=\"text-align: justify;\">A iniciativa n\u00e3o partiu da prefeitura, mas contou com divulga\u00e7\u00e3o em mat\u00e9ria publicada pela Secretaria de Comunica\u00e7\u00e3o. A a\u00e7\u00e3o \u201cFique Suave no Carnaval\u201d foi coordenada pela ONG Escola Livre de Redu\u00e7\u00e3o de Danos, em parceria com a Palaffit Produ\u00e7\u00f5es.<\/p>\n<p style=\"text-align: justify;\">No v\u00eddeo viralizado nas redes, Ingrid Farias, cofundadora da ONG, apresenta um dos kits. Ele continha cart\u00e3o e canudos para consumo de \u201csubst\u00e2ncias aspiradas\u201d, como coca\u00edna, e panfletos informativos sobre o uso de drogas.<\/p>\n<p style=\"text-align: justify;\">\u201cNo nosso kit tamb\u00e9m tem material para reduzir os danos de qualquer subst\u00e2ncia que \u00e9 aspirada. Aqui a gente tem um cart\u00e3o, para que voc\u00ea evite pegar aquele cart\u00e3o que est\u00e1 na carteira, cheio de bact\u00e9rias. (\u2026) Se voc\u00ea quer usar uma subst\u00e2ncia, procure saber o que ela \u00e9, procure saber como ela age no seu corpo, procure saber como reduzir o dano desse uso\u201d, diz Farias.<\/p>\n<p style=\"text-align: justify;\">A ONG possui um Centro de Conviv\u00eancia na capital, Recife, desde 2021, e se prop\u00f5e a realizar a\u00e7\u00f5es voltadas aos \u201ccuidados sociais e de sa\u00fade para popula\u00e7\u00e3o em situa\u00e7\u00e3o de rua, pessoas que usam drogas ou em vulnerabilidade social\u201d.<\/p>\n<p style=\"text-align: justify;\">Conforme o Di\u00e1rio Oficial do Recife, a associa\u00e7\u00e3o foi eleita em agosto de 2021 como representante da sociedade civil na categoria \u201cInstitui\u00e7\u00f5es prestadoras de servi\u00e7os voltados para o atendimento da popula\u00e7\u00e3o em situa\u00e7\u00e3o de rua\u201d, vinculada \u00e0 Secretaria de Desenvolvimento Social, Direitos Humanos, Juventude e Pol\u00edtica sobre Drogas.<\/p>\n<p style=\"text-align: justify;\">A cofundadora Ingrid Farias tamb\u00e9m tem v\u00ednculo com o estado de Pernambuco. Entre 2014 e 2015, atuou no programa Atitude, voltado para acolhimento de pessoas que usam drogas em situa\u00e7\u00e3o de vulnerabilidade.<\/p>\n<p style=\"text-align: justify;\">Neste ano, a equipe atuou no Carnaval, com um espa\u00e7o fixo nas ladeiras de Olinda que ofereceu at\u00e9 mesmo testagem de drogas para identificar subst\u00e2ncias suspeitas nos produtos. O valor para acesso ao espa\u00e7o variava de R$ 80 a R$ 350.<\/p>\n<p style=\"text-align: justify;\"><strong>Veja uma das publica\u00e7\u00f5es e o v\u00eddeo abaixo:<\/strong><\/p>\n<p style=\"text-align: justify;\"><img loading=\"lazy\" decoding=\"async\" class=\"alignnone size-medium wp-image-50092\" src=\"https:\/\/blogopara.com.br\/wp-content\/uploads\/2023\/02\/c5165460-78ee-421e-a2c4-eb51056888e3-300x220.jpg\" alt=\"\" width=\"300\" height=\"220\" srcset=\"https:\/\/blogopara.com.br\/wp-content\/uploads\/2023\/02\/c5165460-78ee-421e-a2c4-eb51056888e3-300x220.jpg 300w, https:\/\/blogopara.com.br\/wp-content\/uploads\/2023\/02\/c5165460-78ee-421e-a2c4-eb51056888e3-768x564.jpg 768w, https:\/\/blogopara.com.br\/wp-content\/uploads\/2023\/02\/c5165460-78ee-421e-a2c4-eb51056888e3-420x307.jpg 420w, https:\/\/blogopara.com.br\/wp-content\/uploads\/2023\/02\/c5165460-78ee-421e-a2c4-eb51056888e3.jpg 898w\" sizes=\"auto, (max-width: 300px) 100vw, 300px\" \/><\/p>\n<p><blockquote class=\"twitter-tweet\" data-width=\"550\" data-dnt=\"true\"><p lang=\"pt\" dir=\"ltr\">Projeto da prefeitura de Olinda oferecia kit para uso de drogas a foli\u00f5es no Carnaval. A Pol\u00edcia Civil fechou a ONG que fazia distribui\u00e7\u00e3o do kit. O prefeito Professor Lup\u00e9rcio (Solidariedade) \u00e9 apoiador de Lula. <a href=\"https:\/\/t.co\/oiCqc3mnAi\">pic.twitter.com\/oiCqc3mnAi<\/a><\/p>&mdash; Julio Schneider \ud83c\udde7\ud83c\uddf7\ud83c\uddfa\ud83c\uddf8 (@juliovschneider) <a href=\"https:\/\/twitter.com\/juliovschneider\/status\/1628096916520042507?ref_src=twsrc%5Etfw\">February 21, 2023<\/a><\/blockquote><script async src=\"https:\/\/platform.twitter.com\/widgets.js\" charset=\"utf-8\"><\/script><\/p>\n\n\n<p><em>Fonte: O Antagonista<\/em><\/p>\n","protected":false},"excerpt":{"rendered":"<p>Publica\u00e7\u00f5es no Twitter afirmam que a prefeitura de Olinda (PE) distribuiu kit de redu\u00e7\u00e3o de danos para uso de drogas no Carnaval. A iniciativa n\u00e3o partiu da prefeitura, mas contou com divulga\u00e7\u00e3o em mat\u00e9ria publicada pela Secretaria de Comunica\u00e7\u00e3o. A a\u00e7\u00e3o \u201cFique Suave no Carnaval\u201d foi coordenada pela ONG Escola Livre de Redu\u00e7\u00e3o de Danos, [&hellip;]<\/p>\n","protected":false},"author":1,"featured_media":50093,"comment_status":"closed","ping_status":"open","sticky":false,"template":"","format":"standard","meta":{"_uag_custom_page_level_css":"","_monsterinsights_skip_tracking":false,"_monsterinsights_sitenote_active":false,"_monsterinsights_sitenote_note":"","_monsterinsights_sitenote_category":0,"jetpack_post_was_ever_published":false,"_jetpack_newsletter_access":"","_jetpack_dont_email_post_to_subs":false,"_jetpack_newsletter_tier_id":0,"_jetpack_memberships_contains_paywalled_content":false,"_jetpack_memberships_contains_paid_content":false,"footnotes":"","jetpack_publicize_message":"","jetpack_publicize_feature_enabled":true,"jetpack_social_post_already_shared":true,"jetpack_social_options":{"image_generator_settings":{"template":"highway","default_image_id":0,"font":"","enabled":false},"version":2}},"categories":[1507],"tags":[1363,10742,532],"class_list":["post-50091","post","type-post","status-publish","format-standard","has-post-thumbnail","hentry","category-pernambuco","tag-cocaina","tag-olinda","tag-pernambuco"],"jetpack_publicize_connections":[],"jetpack_featured_media_url":"https:\/\/blogopara.com.br\/wp-content\/uploads\/2023\/02\/Captura-de-tela-2023-02-27-214446-1-e1677545171691.jpg","uagb_featured_image_src":{"full":["https:\/\/blogopara.com.br\/wp-content\/uploads\/2023\/02\/Captura-de-tela-2023-02-27-214446-1-e1677545171691.jpg",500,332,false],"thumbnail":["https:\/\/blogopara.com.br\/wp-content\/uploads\/2023\/02\/Captura-de-tela-2023-02-27-214446-1-e1677545171691-150x150.jpg",150,150,true],"medium":["https:\/\/blogopara.com.br\/wp-content\/uploads\/2023\/02\/Captura-de-tela-2023-02-27-214446-1-e1677545171691-300x199.jpg",300,199,true],"medium_large":["https:\/\/blogopara.com.br\/wp-content\/uploads\/2023\/02\/Captura-de-tela-2023-02-27-214446-1-e1677545171691.jpg",500,332,false],"large":["https:\/\/blogopara.com.br\/wp-content\/uploads\/2023\/02\/Captura-de-tela-2023-02-27-214446-1-e1677545171691.jpg",500,332,false],"1536x1536":["https:\/\/blogopara.com.br\/wp-content\/uploads\/2023\/02\/Captura-de-tela-2023-02-27-214446-1-e1677545171691.jpg",500,332,false],"2048x2048":["https:\/\/blogopara.com.br\/wp-content\/uploads\/2023\/02\/Captura-de-tela-2023-02-27-214446-1-e1677545171691.jpg",500,332,false],"mantranews-slider-large":["https:\/\/blogopara.com.br\/wp-content\/uploads\/2023\/02\/Captura-de-tela-2023-02-27-214446-1-e1677545171691.jpg",500,332,false],"mantranews-featured-medium":["https:\/\/blogopara.com.br\/wp-content\/uploads\/2023\/02\/Captura-de-tela-2023-02-27-214446-1-e1677545171691-420x307.jpg",420,307,true],"mantranews-featured-long":["https:\/\/blogopara.com.br\/wp-content\/uploads\/2023\/02\/Captura-de-tela-2023-02-27-214446-1-e1677545171691-300x332.jpg",300,332,true],"mantranews-block-medium":["https:\/\/blogopara.com.br\/wp-content\/uploads\/2023\/02\/Captura-de-tela-2023-02-27-214446-1-e1677545171691-464x290.jpg",464,290,true],"mantranews-carousel-image":["https:\/\/blogopara.com.br\/wp-content\/uploads\/2023\/02\/Captura-de-tela-2023-02-27-214446-1-600x333.jpg",600,333,true],"mantranews-block-thumb":["https:\/\/blogopara.com.br\/wp-content\/uploads\/2023\/02\/Captura-de-tela-2023-02-27-214446-1-e1677545171691-322x230.jpg",322,230,true],"mantranews-single-large":["https:\/\/blogopara.com.br\/wp-content\/uploads\/2023\/02\/Captura-de-tela-2023-02-27-214446-1-e1677545171691.jpg",500,332,false]},"uagb_author_info":{"display_name":"Reda\u00e7\u00e3o geral","author_link":"https:\/\/blogopara.com.br\/index.php\/author\/blogopara"},"uagb_comment_info":0,"uagb_excerpt":"Publica\u00e7\u00f5es no Twitter afirmam que a prefeitura de Olinda (PE) distribuiu kit de redu\u00e7\u00e3o de danos para uso de drogas no Carnaval. A iniciativa n\u00e3o partiu da prefeitura, mas contou com divulga\u00e7\u00e3o em mat\u00e9ria publicada pela Secretaria de Comunica\u00e7\u00e3o. A a\u00e7\u00e3o \u201cFique Suave no Carnaval\u201d foi coordenada pela ONG Escola Livre de Redu\u00e7\u00e3o de Danos,&hellip;","jetpack_sharing_enabled":true,"jetpack_likes_enabled":true,"_links":{"self":[{"href":"https:\/\/blogopara.com.br\/index.php\/wp-json\/wp\/v2\/posts\/50091","targetHints":{"allow":["GET"]}}],"collection":[{"href":"https:\/\/blogopara.com.br\/index.php\/wp-json\/wp\/v2\/posts"}],"about":[{"href":"https:\/\/blogopara.com.br\/index.php\/wp-json\/wp\/v2\/types\/post"}],"author":[{"embeddable":true,"href":"https:\/\/blogopara.com.br\/index.php\/wp-json\/wp\/v2\/users\/1"}],"replies":[{"embeddable":true,"href":"https:\/\/blogopara.com.br\/index.php\/wp-json\/wp\/v2\/comments?post=50091"}],"version-history":[{"count":1,"href":"https:\/\/blogopara.com.br\/index.php\/wp-json\/wp\/v2\/posts\/50091\/revisions"}],"predecessor-version":[{"id":50094,"href":"https:\/\/blogopara.com.br\/index.php\/wp-json\/wp\/v2\/posts\/50091\/revisions\/50094"}],"wp:featuredmedia":[{"embeddable":true,"href":"https:\/\/blogopara.com.br\/index.php\/wp-json\/wp\/v2\/media\/50093"}],"wp:attachment":[{"href":"https:\/\/blogopara.com.br\/index.php\/wp-json\/wp\/v2\/media?parent=50091"}],"wp:term":[{"taxonomy":"category","embeddable":true,"href":"https:\/\/blogopara.com.br\/index.php\/wp-json\/wp\/v2\/categories?post=50091"},{"taxonomy":"post_tag","embeddable":true,"href":"https:\/\/blogopara.com.br\/index.php\/wp-json\/wp\/v2\/tags?post=50091"}],"curies":[{"name":"wp","href":"https:\/\/api.w.org\/{rel}","templated":true}]}}