{"id":50151,"date":"2023-03-02T08:00:00","date_gmt":"2023-03-02T11:00:00","guid":{"rendered":"https:\/\/blogopara.com.br\/?p=50151"},"modified":"2023-03-01T21:45:52","modified_gmt":"2023-03-02T00:45:52","slug":"prefeitura-de-juazeiro-comeca-a-aplicar-a-vacina-bivalente-contra-a-covid-19-nesta-quinta-feira-confira-os-locais","status":"publish","type":"post","link":"https:\/\/blogopara.com.br\/index.php\/2023\/03\/02\/prefeitura-de-juazeiro-comeca-a-aplicar-a-vacina-bivalente-contra-a-covid-19-nesta-quinta-feira-confira-os-locais","title":{"rendered":"Prefeitura de Juazeiro come\u00e7a a aplicar a vacina bivalente contra a Covid-19 nesta quinta-feira; confira os locais"},"content":{"rendered":"<p style=\"text-align: justify;\">A Prefeitura de Juazeiro, atrav\u00e9s da Secretaria de Sa\u00fade (Sesau), vai iniciar nesta quinta-feira (2) a aplica\u00e7\u00e3o da vacina bivalente contra a Covid-19. A vacina \u00e9 uma atualiza\u00e7\u00e3o do imunizante em rela\u00e7\u00e3o \u00e0s novas cepas do coronav\u00edrus. As equipes das Unidades B\u00e1sicas de Sa\u00fade (UBS\u2019s) j\u00e1 foram atualizadas das novidades da vacina\u00e7\u00e3o.<\/p>\n<p style=\"text-align: justify;\">Na primeira fase, a vacina\u00e7\u00e3o contra a Covid-19 com o imunizante bivalente \u00e9 para: popula\u00e7\u00e3o que vive em institui\u00e7\u00f5es de longa perman\u00eancia ou que trabalha nelas, pessoas imunossuprimidas, ind\u00edgenas, ribeirinhos e quilombolas, todos estes a partir de 12 anos e tamb\u00e9m idosos a partir de 70 anos.<\/p>\n<h4 style=\"text-align: justify;\">Documentos<\/h4>\n<p style=\"text-align: justify;\">Para receber a vacina bivalente ser\u00e1 preciso ter pelo menos duas doses. Para tomar a vacina \u00e9 preciso levar RG, CPF ou cart\u00e3o SUS e cart\u00e3o de vacina. Pessoas imunocomprometidas precisam levar original e c\u00f3pia do laudo m\u00e9dico.<\/p>\n<h4 style=\"text-align: justify;\">Locais de vacina\u00e7\u00e3o<\/h4>\n<p style=\"text-align: justify;\">A vacina\u00e7\u00e3o \u00e9 realizada nas Unidades B\u00e1sicas de Sa\u00fade (UBSs) que s\u00e3o pontos de vacina\u00e7\u00e3o contra a Covid-19. Confira:<\/p>\n<p style=\"text-align: justify;\">Segunda-feira: UBS\u2019s Argemiro, Quid\u00e9, Piranga (tarde), CAIC, Dom Jos\u00e9 Rodrigues, Jo\u00e3o XXIII, Ant\u00f4nio Guilhermino, Itaberaba, Jo\u00e3o Paulo II, Residencial Juazeiro, Tabuleiro e Alto do Cruzeiro (manh\u00e3)<\/p>\n<p style=\"text-align: justify;\">Ter\u00e7a-feira: UBS\u2019s Argemiro, Quid\u00e9, Maring\u00e1, Santo Ant\u00f4nio, Palmares, Jardim Fl\u00f3rida, Piranga (tarde), Alto da Alian\u00e7a, CAIC, Dom Jos\u00e9 Rodrigues, Jo\u00e3o XXIII, Ant\u00f4nio Guilhermino, Itaberaba, Jo\u00e3o Paulo II, Parque Residencial, Residencial Juazeiro, Tabuleiro, Angari, Novo Encontro, S\u00e3o Geraldo, Vila Jacar\u00e9 e Alto do Cruzeiro (manh\u00e3)<\/p>\n<p style=\"text-align: justify;\">Quarta-feira: UBS\u2019s Argemiro, Quid\u00e9, Maring\u00e1, Santo Ant\u00f4nio, Palmares, Jardim Fl\u00f3rida, Piranga (tarde), Alto da Alian\u00e7a, CAIC, Dom Jos\u00e9 Rodrigues, Jo\u00e3o XXIII, Ant\u00f4nio Guilhermino, Jo\u00e3o Paulo II, Parque Residencial, Residencial Juazeiro, Novo Encontro, S\u00e3o Geraldo, Vila Jacar\u00e9 e Alto do Cruzeiro (manh\u00e3)<\/p>\n<p style=\"text-align: justify;\">Quinta-feira: UBS\u2019s Argemiro, Quid\u00e9, Maring\u00e1, Santo Ant\u00f4nio, Palmares, Jardim Fl\u00f3rida, Piranga (tarde), Alto da Alian\u00e7a, CAIC, Dom Jos\u00e9 Rodrigues, Jo\u00e3o XXIII, Ant\u00f4nio Guilhermino, Itaberaba, Jo\u00e3o Paulo II, Parque Residencial, Residencial Juazeiro, Tabuleiro, Angari, Novo Encontro, S\u00e3o Geraldo, Vila Jacar\u00e9 e Alto do Cruzeiro (manh\u00e3)<\/p>\n<p style=\"text-align: justify;\">Sexta-feira: UBS\u2019s Argemiro, Maring\u00e1, Santo Ant\u00f4nio, Palmares, Jardim Fl\u00f3rida, Piranga (tarde), Alto da Alian\u00e7a, Dom Jos\u00e9 Rodrigues, Jo\u00e3o XXIII, Itaberaba, Jo\u00e3o Paulo II, Parque Residencial, Tabuleiro, Angari, Novo Encontro, S\u00e3o Geraldo, Vila Jacar\u00e9 e Alto do Cruzeiro (manh\u00e3)<\/p>\n<p style=\"text-align: justify;\"><em>Fonte: Ascom\/Sesau\/PMJ<\/em><\/p>\n","protected":false},"excerpt":{"rendered":"<p>A Prefeitura de Juazeiro, atrav\u00e9s da Secretaria de Sa\u00fade (Sesau), vai iniciar nesta quinta-feira (2) a aplica\u00e7\u00e3o da vacina bivalente contra a Covid-19. A vacina \u00e9 uma atualiza\u00e7\u00e3o do imunizante em rela\u00e7\u00e3o \u00e0s novas cepas do coronav\u00edrus. As equipes das Unidades B\u00e1sicas de Sa\u00fade (UBS\u2019s) j\u00e1 foram atualizadas das novidades da vacina\u00e7\u00e3o. Na primeira fase, [&hellip;]<\/p>\n","protected":false},"author":1,"featured_media":45603,"comment_status":"closed","ping_status":"open","sticky":false,"template":"","format":"standard","meta":{"_uag_custom_page_level_css":"","_monsterinsights_skip_tracking":false,"_monsterinsights_sitenote_active":false,"_monsterinsights_sitenote_note":"","_monsterinsights_sitenote_category":0,"jetpack_post_was_ever_published":false,"_jetpack_newsletter_access":"","_jetpack_dont_email_post_to_subs":false,"_jetpack_newsletter_tier_id":0,"_jetpack_memberships_contains_paywalled_content":false,"_jetpack_memberships_contains_paid_content":false,"footnotes":"","jetpack_publicize_message":"","jetpack_publicize_feature_enabled":true,"jetpack_social_post_already_shared":true,"jetpack_social_options":{"image_generator_settings":{"template":"highway","default_image_id":0,"font":"","enabled":false},"version":2}},"categories":[1624,203,205],"tags":[3155,340,10276],"class_list":["post-50151","post","type-post","status-publish","format-standard","has-post-thumbnail","hentry","category-covid-19","category-juazeiro","category-saude","tag-covid-19-2","tag-prefeitura-de-juazeiro","tag-vacina-bivalente"],"jetpack_publicize_connections":[],"jetpack_featured_media_url":"https:\/\/blogopara.com.br\/wp-content\/uploads\/2022\/11\/vacinacao.jpg","uagb_featured_image_src":{"full":["https:\/\/blogopara.com.br\/wp-content\/uploads\/2022\/11\/vacinacao.jpg",500,333,false],"thumbnail":["https:\/\/blogopara.com.br\/wp-content\/uploads\/2022\/11\/vacinacao-150x150.jpg",150,150,true],"medium":["https:\/\/blogopara.com.br\/wp-content\/uploads\/2022\/11\/vacinacao-300x200.jpg",300,200,true],"medium_large":["https:\/\/blogopara.com.br\/wp-content\/uploads\/2022\/11\/vacinacao.jpg",500,333,false],"large":["https:\/\/blogopara.com.br\/wp-content\/uploads\/2022\/11\/vacinacao.jpg",500,333,false],"1536x1536":["https:\/\/blogopara.com.br\/wp-content\/uploads\/2022\/11\/vacinacao.jpg",500,333,false],"2048x2048":["https:\/\/blogopara.com.br\/wp-content\/uploads\/2022\/11\/vacinacao.jpg",500,333,false],"mantranews-slider-large":["https:\/\/blogopara.com.br\/wp-content\/uploads\/2022\/11\/vacinacao.jpg",500,333,false],"mantranews-featured-medium":["https:\/\/blogopara.com.br\/wp-content\/uploads\/2022\/11\/vacinacao-420x307.jpg",420,307,true],"mantranews-featured-long":["https:\/\/blogopara.com.br\/wp-content\/uploads\/2022\/11\/vacinacao-300x333.jpg",300,333,true],"mantranews-block-medium":["https:\/\/blogopara.com.br\/wp-content\/uploads\/2022\/11\/vacinacao-464x290.jpg",464,290,true],"mantranews-carousel-image":["https:\/\/blogopara.com.br\/wp-content\/uploads\/2022\/11\/vacinacao.jpg",500,333,false],"mantranews-block-thumb":["https:\/\/blogopara.com.br\/wp-content\/uploads\/2022\/11\/vacinacao-322x230.jpg",322,230,true],"mantranews-single-large":["https:\/\/blogopara.com.br\/wp-content\/uploads\/2022\/11\/vacinacao.jpg",500,333,false]},"uagb_author_info":{"display_name":"Reda\u00e7\u00e3o geral","author_link":"https:\/\/blogopara.com.br\/index.php\/author\/blogopara"},"uagb_comment_info":0,"uagb_excerpt":"A Prefeitura de Juazeiro, atrav\u00e9s da Secretaria de Sa\u00fade (Sesau), vai iniciar nesta quinta-feira (2) a aplica\u00e7\u00e3o da vacina bivalente contra a Covid-19. A vacina \u00e9 uma atualiza\u00e7\u00e3o do imunizante em rela\u00e7\u00e3o \u00e0s novas cepas do coronav\u00edrus. As equipes das Unidades B\u00e1sicas de Sa\u00fade (UBS\u2019s) j\u00e1 foram atualizadas das novidades da vacina\u00e7\u00e3o. Na primeira fase,&hellip;","jetpack_sharing_enabled":true,"jetpack_likes_enabled":true,"_links":{"self":[{"href":"https:\/\/blogopara.com.br\/index.php\/wp-json\/wp\/v2\/posts\/50151","targetHints":{"allow":["GET"]}}],"collection":[{"href":"https:\/\/blogopara.com.br\/index.php\/wp-json\/wp\/v2\/posts"}],"about":[{"href":"https:\/\/blogopara.com.br\/index.php\/wp-json\/wp\/v2\/types\/post"}],"author":[{"embeddable":true,"href":"https:\/\/blogopara.com.br\/index.php\/wp-json\/wp\/v2\/users\/1"}],"replies":[{"embeddable":true,"href":"https:\/\/blogopara.com.br\/index.php\/wp-json\/wp\/v2\/comments?post=50151"}],"version-history":[{"count":1,"href":"https:\/\/blogopara.com.br\/index.php\/wp-json\/wp\/v2\/posts\/50151\/revisions"}],"predecessor-version":[{"id":50158,"href":"https:\/\/blogopara.com.br\/index.php\/wp-json\/wp\/v2\/posts\/50151\/revisions\/50158"}],"wp:featuredmedia":[{"embeddable":true,"href":"https:\/\/blogopara.com.br\/index.php\/wp-json\/wp\/v2\/media\/45603"}],"wp:attachment":[{"href":"https:\/\/blogopara.com.br\/index.php\/wp-json\/wp\/v2\/media?parent=50151"}],"wp:term":[{"taxonomy":"category","embeddable":true,"href":"https:\/\/blogopara.com.br\/index.php\/wp-json\/wp\/v2\/categories?post=50151"},{"taxonomy":"post_tag","embeddable":true,"href":"https:\/\/blogopara.com.br\/index.php\/wp-json\/wp\/v2\/tags?post=50151"}],"curies":[{"name":"wp","href":"https:\/\/api.w.org\/{rel}","templated":true}]}}