{"id":50159,"date":"2023-03-02T09:00:00","date_gmt":"2023-03-02T12:00:00","guid":{"rendered":"https:\/\/blogopara.com.br\/?p=50159"},"modified":"2023-03-01T21:47:35","modified_gmt":"2023-03-02T00:47:35","slug":"tudo-novo-prefeitura-entrega-mercado-joca-de-souza-oliveira-totalmente-reformado-com-grande-festa-para-os-feirantes-e-a-populacao-de-juazeiro","status":"publish","type":"post","link":"https:\/\/blogopara.com.br\/index.php\/2023\/03\/02\/tudo-novo-prefeitura-entrega-mercado-joca-de-souza-oliveira-totalmente-reformado-com-grande-festa-para-os-feirantes-e-a-populacao-de-juazeiro","title":{"rendered":"Tudo novo: Prefeitura entrega Mercado Joca de Souza Oliveira totalmente reformado, com grande festa para os feirantes e a popula\u00e7\u00e3o de Juazeiro"},"content":{"rendered":"<p style=\"text-align: justify;\">A Prefeitura de Juazeiro fez, nesta quarta-feira (1\u00ba), a entrega oficial do Mercado Joca de Souza Oliveira. O evento contou com a presen\u00e7a da prefeita Suzana Ramos, do diretor-presidente da Autarquia Municipal de Abastecimento (AMA), Britoaldo Bessa, do superintendente de Feiras e Mercados, \u00c1tila Souza, do deputado estadual Roberto Carlos, dos vereadores Lourival Quirino e Mundeco e o presidente da Associa\u00e7\u00e3o dos Permission\u00e1rios, Alexsandro Santos.<\/p>\n<p style=\"text-align: justify;\">A prefeita Suzana Ramos destacou a import\u00e2ncia da entrega do equipamento. \u201cEsse \u00e9 um momento muito importante para Juazeiro, com a devolu\u00e7\u00e3o desse tradicional mercado totalmente modernizado aos permission\u00e1rios e ao povo de Juazeiro. Hoje celebramos a consolida\u00e7\u00e3o de um grande desejo, atrav\u00e9s de uma parceria com o governo do estado, pois esse mercado faz parte da hist\u00f3ria da cidade\u201d, disse a gestora.<\/p>\n<p style=\"text-align: justify;\">A administra\u00e7\u00e3o do Mercado Joca de Oliveira \u00e9 de responsabilidade da Prefeitura de Juazeiro, e o investimento foi de mais de R$ 3 milh\u00f5es, sendo R$ 2 milh\u00f5es do Governo do Estado e 1,2 milh\u00e3o de emenda parlamentar. O trabalho foi coordenado pela Companhia de Desenvolvimento e A\u00e7\u00e3o Regional (CAR\/SDR), em parceria com a gest\u00e3o municipal.<\/p>\n<p style=\"text-align: justify;\">O deputado estadual Roberto Carlos, tamb\u00e9m estava bastante emocionado. \u201cEu quando cheguei hoje aqui, fui tomado por uma emo\u00e7\u00e3o muito grande. \u00c9 um momento hist\u00f3rico para mim. Estamos realizando um grande sonho e a prefeita Suzana Ramos foi escolhida por Deus, para que, em sua gest\u00e3o consolidasse este sonho\u201d, finalizou o parlamentar.<\/p>\n<h4 style=\"text-align: justify;\">Tudo novo<\/h4>\n<p style=\"text-align: justify;\">O Mercado Joca foi totalmente reformado, com a constru\u00e7\u00e3o de um novo pr\u00e9dio, que conta agora com dois pavimentos, cobertura em telha met\u00e1lica, pintura, piso, revestimentos cer\u00e2micos, instala\u00e7\u00f5es el\u00e9tricas e hidr\u00e1ulicas al\u00e9m de outros servi\u00e7os que v\u00e3o proporcionar um novo ambiente de trabalho para os 220 permission\u00e1rios.<\/p>\n<h4 style=\"text-align: justify;\">Emo\u00e7\u00e3o<\/h4>\n<p style=\"text-align: justify;\">O permission\u00e1rio Paulo Marques da Silva, que trabalha no mercado h\u00e1 mais de 20 anos vendendo confec\u00e7\u00f5es, disse que estava vendo um sonho realizado. \u201cEu criei minha fam\u00edlia trabalhando aqui. Hoje estou muito feliz. O nosso espa\u00e7o ficou muito bonito. Est\u00e1 parecendo um shopping center\u201d, disse Paulo Marques.<\/p>\n<p style=\"text-align: justify;\">A mesma alegria expressou o vendedor de verduras, Miguel Dias da Silva Neto. \u201cA estrutura est\u00e1 muito boa. Estamos em festa. Agora esperamos a colabora\u00e7\u00e3o de todos para que se mantenha o nosso mercado organizado\u201d, finalizou Miguel.<\/p>\n<p style=\"text-align: justify;\">O diretor da Autarquia Municipal de Abastecimento (AMA), Britoaldo Bessa expressou seu contentamento. \u201cO projeto de reforma do mercado tamb\u00e9m trouxe, al\u00e9m de melhoria no saneamento, benef\u00edcios \u00e0 economia local, permitindo a comercializa\u00e7\u00e3o de produtos de forma segura e higi\u00eanica, melhorando assim a qualidade de vida das fam\u00edlias que vivem do com\u00e9rcio e de toda a popula\u00e7\u00e3o do munic\u00edpio\u201d, afirmou Britoaldo Bessa.<\/p>\n<p style=\"text-align: justify;\"><em>Fonte: Ascom\/AMA\/PMJ<\/em><\/p>\n","protected":false},"excerpt":{"rendered":"<p>A Prefeitura de Juazeiro fez, nesta quarta-feira (1\u00ba), a entrega oficial do Mercado Joca de Souza Oliveira. O evento contou com a presen\u00e7a da prefeita Suzana Ramos, do diretor-presidente da Autarquia Municipal de Abastecimento (AMA), Britoaldo Bessa, do superintendente de Feiras e Mercados, \u00c1tila Souza, do deputado estadual Roberto Carlos, dos vereadores Lourival Quirino e [&hellip;]<\/p>\n","protected":false},"author":1,"featured_media":50153,"comment_status":"closed","ping_status":"open","sticky":false,"template":"","format":"standard","meta":{"_uag_custom_page_level_css":"","_monsterinsights_skip_tracking":false,"_monsterinsights_sitenote_active":false,"_monsterinsights_sitenote_note":"","_monsterinsights_sitenote_category":0,"jetpack_post_was_ever_published":false,"_jetpack_newsletter_access":"","_jetpack_dont_email_post_to_subs":false,"_jetpack_newsletter_tier_id":0,"_jetpack_memberships_contains_paywalled_content":false,"_jetpack_memberships_contains_paid_content":false,"footnotes":"","jetpack_publicize_message":"","jetpack_publicize_feature_enabled":true,"jetpack_social_post_already_shared":true,"jetpack_social_options":{"image_generator_settings":{"template":"highway","default_image_id":0,"font":"","enabled":false},"version":2}},"categories":[1504,10110,203],"tags":[340],"class_list":["post-50159","post","type-post","status-publish","format-standard","has-post-thumbnail","hentry","category-comunidade","category-desenvolvimento","category-juazeiro","tag-prefeitura-de-juazeiro"],"jetpack_publicize_connections":[],"jetpack_featured_media_url":"https:\/\/blogopara.com.br\/wp-content\/uploads\/2023\/03\/WhatsApp-Image-2023-03-01-at-21.22.36.jpeg","uagb_featured_image_src":{"full":["https:\/\/blogopara.com.br\/wp-content\/uploads\/2023\/03\/WhatsApp-Image-2023-03-01-at-21.22.36.jpeg",500,333,false],"thumbnail":["https:\/\/blogopara.com.br\/wp-content\/uploads\/2023\/03\/WhatsApp-Image-2023-03-01-at-21.22.36-150x150.jpeg",150,150,true],"medium":["https:\/\/blogopara.com.br\/wp-content\/uploads\/2023\/03\/WhatsApp-Image-2023-03-01-at-21.22.36-300x200.jpeg",300,200,true],"medium_large":["https:\/\/blogopara.com.br\/wp-content\/uploads\/2023\/03\/WhatsApp-Image-2023-03-01-at-21.22.36.jpeg",500,333,false],"large":["https:\/\/blogopara.com.br\/wp-content\/uploads\/2023\/03\/WhatsApp-Image-2023-03-01-at-21.22.36.jpeg",500,333,false],"1536x1536":["https:\/\/blogopara.com.br\/wp-content\/uploads\/2023\/03\/WhatsApp-Image-2023-03-01-at-21.22.36.jpeg",500,333,false],"2048x2048":["https:\/\/blogopara.com.br\/wp-content\/uploads\/2023\/03\/WhatsApp-Image-2023-03-01-at-21.22.36.jpeg",500,333,false],"mantranews-slider-large":["https:\/\/blogopara.com.br\/wp-content\/uploads\/2023\/03\/WhatsApp-Image-2023-03-01-at-21.22.36.jpeg",500,333,false],"mantranews-featured-medium":["https:\/\/blogopara.com.br\/wp-content\/uploads\/2023\/03\/WhatsApp-Image-2023-03-01-at-21.22.36-420x307.jpeg",420,307,true],"mantranews-featured-long":["https:\/\/blogopara.com.br\/wp-content\/uploads\/2023\/03\/WhatsApp-Image-2023-03-01-at-21.22.36-300x333.jpeg",300,333,true],"mantranews-block-medium":["https:\/\/blogopara.com.br\/wp-content\/uploads\/2023\/03\/WhatsApp-Image-2023-03-01-at-21.22.36-464x290.jpeg",464,290,true],"mantranews-carousel-image":["https:\/\/blogopara.com.br\/wp-content\/uploads\/2023\/03\/WhatsApp-Image-2023-03-01-at-21.22.36.jpeg",500,333,false],"mantranews-block-thumb":["https:\/\/blogopara.com.br\/wp-content\/uploads\/2023\/03\/WhatsApp-Image-2023-03-01-at-21.22.36-322x230.jpeg",322,230,true],"mantranews-single-large":["https:\/\/blogopara.com.br\/wp-content\/uploads\/2023\/03\/WhatsApp-Image-2023-03-01-at-21.22.36.jpeg",500,333,false]},"uagb_author_info":{"display_name":"Reda\u00e7\u00e3o geral","author_link":"https:\/\/blogopara.com.br\/index.php\/author\/blogopara"},"uagb_comment_info":0,"uagb_excerpt":"A Prefeitura de Juazeiro fez, nesta quarta-feira (1\u00ba), a entrega oficial do Mercado Joca de Souza Oliveira. O evento contou com a presen\u00e7a da prefeita Suzana Ramos, do diretor-presidente da Autarquia Municipal de Abastecimento (AMA), Britoaldo Bessa, do superintendente de Feiras e Mercados, \u00c1tila Souza, do deputado estadual Roberto Carlos, dos vereadores Lourival Quirino e&hellip;","jetpack_sharing_enabled":true,"jetpack_likes_enabled":true,"_links":{"self":[{"href":"https:\/\/blogopara.com.br\/index.php\/wp-json\/wp\/v2\/posts\/50159","targetHints":{"allow":["GET"]}}],"collection":[{"href":"https:\/\/blogopara.com.br\/index.php\/wp-json\/wp\/v2\/posts"}],"about":[{"href":"https:\/\/blogopara.com.br\/index.php\/wp-json\/wp\/v2\/types\/post"}],"author":[{"embeddable":true,"href":"https:\/\/blogopara.com.br\/index.php\/wp-json\/wp\/v2\/users\/1"}],"replies":[{"embeddable":true,"href":"https:\/\/blogopara.com.br\/index.php\/wp-json\/wp\/v2\/comments?post=50159"}],"version-history":[{"count":1,"href":"https:\/\/blogopara.com.br\/index.php\/wp-json\/wp\/v2\/posts\/50159\/revisions"}],"predecessor-version":[{"id":50160,"href":"https:\/\/blogopara.com.br\/index.php\/wp-json\/wp\/v2\/posts\/50159\/revisions\/50160"}],"wp:featuredmedia":[{"embeddable":true,"href":"https:\/\/blogopara.com.br\/index.php\/wp-json\/wp\/v2\/media\/50153"}],"wp:attachment":[{"href":"https:\/\/blogopara.com.br\/index.php\/wp-json\/wp\/v2\/media?parent=50159"}],"wp:term":[{"taxonomy":"category","embeddable":true,"href":"https:\/\/blogopara.com.br\/index.php\/wp-json\/wp\/v2\/categories?post=50159"},{"taxonomy":"post_tag","embeddable":true,"href":"https:\/\/blogopara.com.br\/index.php\/wp-json\/wp\/v2\/tags?post=50159"}],"curies":[{"name":"wp","href":"https:\/\/api.w.org\/{rel}","templated":true}]}}