{"id":50161,"date":"2023-03-02T10:00:00","date_gmt":"2023-03-02T13:00:00","guid":{"rendered":"https:\/\/blogopara.com.br\/?p=50161"},"modified":"2023-03-01T21:49:08","modified_gmt":"2023-03-02T00:49:08","slug":"rotatoria-do-marco-zero-de-juazeiro-comeca-a-ganhar-novo-visual-com-requalificacao-e-paisagismo","status":"publish","type":"post","link":"https:\/\/blogopara.com.br\/index.php\/2023\/03\/02\/rotatoria-do-marco-zero-de-juazeiro-comeca-a-ganhar-novo-visual-com-requalificacao-e-paisagismo","title":{"rendered":"Rotat\u00f3ria do Marco Zero de Juazeiro come\u00e7a a ganhar novo visual com requalifica\u00e7\u00e3o e paisagismo"},"content":{"rendered":"<p style=\"text-align: justify;\">A Prefeitura de Juazeiro, atrav\u00e9s da secretaria de Obras e Desenvolvimento Urbano (Sedur), iniciou a requalifica\u00e7\u00e3o da rotat\u00f3ria do Marco Zero, local muito importante no munic\u00edpio que liga os bairros S\u00e3o Geraldo e Tabuleiro. Essa a\u00e7\u00e3o promove embelezamento e restaura o pertencimento dos juazeirenses com a mem\u00f3ria hist\u00f3rica do ponto tur\u00edstico da cidade.<\/p>\n<p style=\"text-align: justify;\">A rotat\u00f3ria vai receber um novo meio fio, paisagismo com seixos, britas e gramas, substitui\u00e7\u00e3o do cruzeiro, plantas e luzes ornamentais, al\u00e9m de novos postes com ilumina\u00e7\u00e3o em LED.<\/p>\n<p style=\"text-align: justify;\">O secret\u00e1rio de Obras e Desenvolvimento Urbano, Acau\u00e3 Santiago, fala sobre o trabalho que est\u00e1 sendo feito no local. \u201cO Marco Zero \u00e9 um local importante para nossa cidade, e agora est\u00e1 recebendo os devidos cuidados, como orienta a prefeita Suzana Ramos. Essa requalifica\u00e7\u00e3o destaca o sentimento de pertencimento e \u00e9 apenas mais uma das a\u00e7\u00f5es de embelezamento de espa\u00e7os de conviv\u00eancia e rotat\u00f3rias do munic\u00edpio\u201d, enfatiza o gestor.<\/p>\n<p style=\"text-align: justify;\">O engenheiro da Sedur, Airton Gon\u00e7alves J\u00fanior, detalha o servi\u00e7o na \u00e1rea do Marco Zero. \u201cAl\u00e9m de toda reestrutura\u00e7\u00e3o, troca de meio-fio, implanta\u00e7\u00e3o de gramas, paisagismo e ilumina\u00e7\u00e3o, vamos fazer a recomposi\u00e7\u00e3o da placa do Marco Zero e estamos trabalhando para realizar uma a\u00e7\u00e3o no p\u00e9 de Juazeiro, onde originou o Marco Zero e toda a hist\u00f3ria da nossa cidade\u201d, destacou o engenheiro.<\/p>\n<p style=\"text-align: justify;\"><em>Fonte: Ascom\/Sedur\/PMJ<\/em><\/p>\n","protected":false},"excerpt":{"rendered":"<p>A Prefeitura de Juazeiro, atrav\u00e9s da secretaria de Obras e Desenvolvimento Urbano (Sedur), iniciou a requalifica\u00e7\u00e3o da rotat\u00f3ria do Marco Zero, local muito importante no munic\u00edpio que liga os bairros S\u00e3o Geraldo e Tabuleiro. Essa a\u00e7\u00e3o promove embelezamento e restaura o pertencimento dos juazeirenses com a mem\u00f3ria hist\u00f3rica do ponto tur\u00edstico da cidade. A rotat\u00f3ria [&hellip;]<\/p>\n","protected":false},"author":1,"featured_media":50154,"comment_status":"closed","ping_status":"open","sticky":false,"template":"","format":"standard","meta":{"_uag_custom_page_level_css":"","_monsterinsights_skip_tracking":false,"_monsterinsights_sitenote_active":false,"_monsterinsights_sitenote_note":"","_monsterinsights_sitenote_category":0,"jetpack_post_was_ever_published":false,"_jetpack_newsletter_access":"","_jetpack_dont_email_post_to_subs":false,"_jetpack_newsletter_tier_id":0,"_jetpack_memberships_contains_paywalled_content":false,"_jetpack_memberships_contains_paid_content":false,"footnotes":"","jetpack_publicize_message":"","jetpack_publicize_feature_enabled":true,"jetpack_social_post_already_shared":true,"jetpack_social_options":{"image_generator_settings":{"template":"highway","default_image_id":0,"font":"","enabled":false},"version":2}},"categories":[10110,203],"tags":[340],"class_list":["post-50161","post","type-post","status-publish","format-standard","has-post-thumbnail","hentry","category-desenvolvimento","category-juazeiro","tag-prefeitura-de-juazeiro"],"jetpack_publicize_connections":[],"jetpack_featured_media_url":"https:\/\/blogopara.com.br\/wp-content\/uploads\/2023\/03\/WhatsApp-Image-2023-03-01-at-21.23.42.jpeg","uagb_featured_image_src":{"full":["https:\/\/blogopara.com.br\/wp-content\/uploads\/2023\/03\/WhatsApp-Image-2023-03-01-at-21.23.42.jpeg",500,333,false],"thumbnail":["https:\/\/blogopara.com.br\/wp-content\/uploads\/2023\/03\/WhatsApp-Image-2023-03-01-at-21.23.42-150x150.jpeg",150,150,true],"medium":["https:\/\/blogopara.com.br\/wp-content\/uploads\/2023\/03\/WhatsApp-Image-2023-03-01-at-21.23.42-300x200.jpeg",300,200,true],"medium_large":["https:\/\/blogopara.com.br\/wp-content\/uploads\/2023\/03\/WhatsApp-Image-2023-03-01-at-21.23.42.jpeg",500,333,false],"large":["https:\/\/blogopara.com.br\/wp-content\/uploads\/2023\/03\/WhatsApp-Image-2023-03-01-at-21.23.42.jpeg",500,333,false],"1536x1536":["https:\/\/blogopara.com.br\/wp-content\/uploads\/2023\/03\/WhatsApp-Image-2023-03-01-at-21.23.42.jpeg",500,333,false],"2048x2048":["https:\/\/blogopara.com.br\/wp-content\/uploads\/2023\/03\/WhatsApp-Image-2023-03-01-at-21.23.42.jpeg",500,333,false],"mantranews-slider-large":["https:\/\/blogopara.com.br\/wp-content\/uploads\/2023\/03\/WhatsApp-Image-2023-03-01-at-21.23.42.jpeg",500,333,false],"mantranews-featured-medium":["https:\/\/blogopara.com.br\/wp-content\/uploads\/2023\/03\/WhatsApp-Image-2023-03-01-at-21.23.42-420x307.jpeg",420,307,true],"mantranews-featured-long":["https:\/\/blogopara.com.br\/wp-content\/uploads\/2023\/03\/WhatsApp-Image-2023-03-01-at-21.23.42-300x333.jpeg",300,333,true],"mantranews-block-medium":["https:\/\/blogopara.com.br\/wp-content\/uploads\/2023\/03\/WhatsApp-Image-2023-03-01-at-21.23.42-464x290.jpeg",464,290,true],"mantranews-carousel-image":["https:\/\/blogopara.com.br\/wp-content\/uploads\/2023\/03\/WhatsApp-Image-2023-03-01-at-21.23.42.jpeg",500,333,false],"mantranews-block-thumb":["https:\/\/blogopara.com.br\/wp-content\/uploads\/2023\/03\/WhatsApp-Image-2023-03-01-at-21.23.42-322x230.jpeg",322,230,true],"mantranews-single-large":["https:\/\/blogopara.com.br\/wp-content\/uploads\/2023\/03\/WhatsApp-Image-2023-03-01-at-21.23.42.jpeg",500,333,false]},"uagb_author_info":{"display_name":"Reda\u00e7\u00e3o geral","author_link":"https:\/\/blogopara.com.br\/index.php\/author\/blogopara"},"uagb_comment_info":0,"uagb_excerpt":"A Prefeitura de Juazeiro, atrav\u00e9s da secretaria de Obras e Desenvolvimento Urbano (Sedur), iniciou a requalifica\u00e7\u00e3o da rotat\u00f3ria do Marco Zero, local muito importante no munic\u00edpio que liga os bairros S\u00e3o Geraldo e Tabuleiro. Essa a\u00e7\u00e3o promove embelezamento e restaura o pertencimento dos juazeirenses com a mem\u00f3ria hist\u00f3rica do ponto tur\u00edstico da cidade. A rotat\u00f3ria&hellip;","jetpack_sharing_enabled":true,"jetpack_likes_enabled":true,"_links":{"self":[{"href":"https:\/\/blogopara.com.br\/index.php\/wp-json\/wp\/v2\/posts\/50161","targetHints":{"allow":["GET"]}}],"collection":[{"href":"https:\/\/blogopara.com.br\/index.php\/wp-json\/wp\/v2\/posts"}],"about":[{"href":"https:\/\/blogopara.com.br\/index.php\/wp-json\/wp\/v2\/types\/post"}],"author":[{"embeddable":true,"href":"https:\/\/blogopara.com.br\/index.php\/wp-json\/wp\/v2\/users\/1"}],"replies":[{"embeddable":true,"href":"https:\/\/blogopara.com.br\/index.php\/wp-json\/wp\/v2\/comments?post=50161"}],"version-history":[{"count":1,"href":"https:\/\/blogopara.com.br\/index.php\/wp-json\/wp\/v2\/posts\/50161\/revisions"}],"predecessor-version":[{"id":50162,"href":"https:\/\/blogopara.com.br\/index.php\/wp-json\/wp\/v2\/posts\/50161\/revisions\/50162"}],"wp:featuredmedia":[{"embeddable":true,"href":"https:\/\/blogopara.com.br\/index.php\/wp-json\/wp\/v2\/media\/50154"}],"wp:attachment":[{"href":"https:\/\/blogopara.com.br\/index.php\/wp-json\/wp\/v2\/media?parent=50161"}],"wp:term":[{"taxonomy":"category","embeddable":true,"href":"https:\/\/blogopara.com.br\/index.php\/wp-json\/wp\/v2\/categories?post=50161"},{"taxonomy":"post_tag","embeddable":true,"href":"https:\/\/blogopara.com.br\/index.php\/wp-json\/wp\/v2\/tags?post=50161"}],"curies":[{"name":"wp","href":"https:\/\/api.w.org\/{rel}","templated":true}]}}