{"id":50248,"date":"2023-03-06T08:00:00","date_gmt":"2023-03-06T11:00:00","guid":{"rendered":"https:\/\/blogopara.com.br\/?p=50248"},"modified":"2023-03-05T22:25:03","modified_gmt":"2023-03-06T01:25:03","slug":"confira-o-cronograma-da-unidade-movel-odontologica-da-prefeitura-de-juazeiro-desta-semana","status":"publish","type":"post","link":"https:\/\/blogopara.com.br\/index.php\/2023\/03\/06\/confira-o-cronograma-da-unidade-movel-odontologica-da-prefeitura-de-juazeiro-desta-semana","title":{"rendered":"Confira o cronograma da Unidade M\u00f3vel Odontol\u00f3gica da Prefeitura de Juazeiro desta semana"},"content":{"rendered":"<p style=\"text-align: justify;\">A Prefeitura de Juazeiro, atrav\u00e9s da Secretaria de Sa\u00fade (Sesau), divulgou o cronograma da unidade m\u00f3vel de atendimento odontol\u00f3gico de 06 a 09 de mar\u00e7o. S\u00e3o realizados 15 atendimentos por dia na unidade m\u00f3vel. \u00c9 preciso que os pacientes levem RG, CPF ou Cart\u00e3o SUS. Confira:<\/p>\n<p style=\"text-align: justify;\">\u2013 Na segunda-feira (06) e ter\u00e7a-feira (07) a unidade atender\u00e1, por demanda livre, na Carna\u00edba do Sert\u00e3o na frente da Unidade B\u00e1sica de Sa\u00fade.<\/p>\n<p style=\"text-align: justify;\">\u2013 Na quarta-feira (08) a unidade ficar\u00e1 em frente \u00e0 Unidade B\u00e1sica de Sa\u00fade (UBS) CSU. A equipe celebrar\u00e1 o Dia Internacional da Mulher e atender\u00e1 pacientes agendados pela UBS.<\/p>\n<p style=\"text-align: justify;\">\u2013 Na quinta-feira (09) o atendimento ser\u00e1 no residencial Dr. Humberto, a partir das 8h, na Rua F, n\u00famero 378 (pr\u00f3ximo a quadra de esportes do Residencial 1).<\/p>\n<div style=\"text-align: justify;\"><img loading=\"lazy\" decoding=\"async\" class=\"aligncenter wp-image-80476 size-large\" src=\"https:\/\/www.juazeiro.ba.gov.br\/wp-content\/uploads\/2023\/03\/Cronograma-da-Unidade-Odontologica-576x1024.jpeg\" sizes=\"auto, (max-width: 576px) 100vw, 576px\" srcset=\"https:\/\/www.juazeiro.ba.gov.br\/wp-content\/uploads\/2023\/03\/Cronograma-da-Unidade-Odontologica-576x1024.jpeg 576w, https:\/\/www.juazeiro.ba.gov.br\/wp-content\/uploads\/2023\/03\/Cronograma-da-Unidade-Odontologica-169x300.jpeg 169w, https:\/\/www.juazeiro.ba.gov.br\/wp-content\/uploads\/2023\/03\/Cronograma-da-Unidade-Odontologica-768x1365.jpeg 768w, https:\/\/www.juazeiro.ba.gov.br\/wp-content\/uploads\/2023\/03\/Cronograma-da-Unidade-Odontologica-864x1536.jpeg 864w, https:\/\/www.juazeiro.ba.gov.br\/wp-content\/uploads\/2023\/03\/Cronograma-da-Unidade-Odontologica.jpeg 900w\" alt=\"\" width=\"576\" height=\"1024\"><\/div>\n<div style=\"text-align: justify;\"><em>Fonte: Ascom\/Sesau<\/em><\/div>\n","protected":false},"excerpt":{"rendered":"<p>A Prefeitura de Juazeiro, atrav\u00e9s da Secretaria de Sa\u00fade (Sesau), divulgou o cronograma da unidade m\u00f3vel de atendimento odontol\u00f3gico de 06 a 09 de mar\u00e7o. S\u00e3o realizados 15 atendimentos por dia na unidade m\u00f3vel. \u00c9 preciso que os pacientes levem RG, CPF ou Cart\u00e3o SUS. Confira: \u2013 Na segunda-feira (06) e ter\u00e7a-feira (07) a unidade [&hellip;]<\/p>\n","protected":false},"author":1,"featured_media":36254,"comment_status":"closed","ping_status":"open","sticky":false,"template":"","format":"standard","meta":{"_uag_custom_page_level_css":"","_monsterinsights_skip_tracking":false,"_monsterinsights_sitenote_active":false,"_monsterinsights_sitenote_note":"","_monsterinsights_sitenote_category":0,"jetpack_post_was_ever_published":false,"_jetpack_newsletter_access":"","_jetpack_dont_email_post_to_subs":false,"_jetpack_newsletter_tier_id":0,"_jetpack_memberships_contains_paywalled_content":false,"_jetpack_memberships_contains_paid_content":false,"footnotes":"","jetpack_publicize_message":"","jetpack_publicize_feature_enabled":true,"jetpack_social_post_already_shared":true,"jetpack_social_options":{"image_generator_settings":{"template":"highway","default_image_id":0,"font":"","enabled":false},"version":2}},"categories":[203,205],"tags":[340,10573],"class_list":["post-50248","post","type-post","status-publish","format-standard","has-post-thumbnail","hentry","category-juazeiro","category-saude","tag-prefeitura-de-juazeiro","tag-unidade-movel-de-atendimento-odontologico"],"jetpack_publicize_connections":[],"jetpack_featured_media_url":"https:\/\/blogopara.com.br\/wp-content\/uploads\/2022\/04\/atendimento-odontologico-unidade-movel.jpg","uagb_featured_image_src":{"full":["https:\/\/blogopara.com.br\/wp-content\/uploads\/2022\/04\/atendimento-odontologico-unidade-movel.jpg",500,333,false],"thumbnail":["https:\/\/blogopara.com.br\/wp-content\/uploads\/2022\/04\/atendimento-odontologico-unidade-movel-150x150.jpg",150,150,true],"medium":["https:\/\/blogopara.com.br\/wp-content\/uploads\/2022\/04\/atendimento-odontologico-unidade-movel-300x200.jpg",300,200,true],"medium_large":["https:\/\/blogopara.com.br\/wp-content\/uploads\/2022\/04\/atendimento-odontologico-unidade-movel.jpg",500,333,false],"large":["https:\/\/blogopara.com.br\/wp-content\/uploads\/2022\/04\/atendimento-odontologico-unidade-movel.jpg",500,333,false],"1536x1536":["https:\/\/blogopara.com.br\/wp-content\/uploads\/2022\/04\/atendimento-odontologico-unidade-movel.jpg",500,333,false],"2048x2048":["https:\/\/blogopara.com.br\/wp-content\/uploads\/2022\/04\/atendimento-odontologico-unidade-movel.jpg",500,333,false],"mantranews-slider-large":["https:\/\/blogopara.com.br\/wp-content\/uploads\/2022\/04\/atendimento-odontologico-unidade-movel.jpg",500,333,false],"mantranews-featured-medium":["https:\/\/blogopara.com.br\/wp-content\/uploads\/2022\/04\/atendimento-odontologico-unidade-movel-420x307.jpg",420,307,true],"mantranews-featured-long":["https:\/\/blogopara.com.br\/wp-content\/uploads\/2022\/04\/atendimento-odontologico-unidade-movel-300x333.jpg",300,333,true],"mantranews-block-medium":["https:\/\/blogopara.com.br\/wp-content\/uploads\/2022\/04\/atendimento-odontologico-unidade-movel-464x290.jpg",464,290,true],"mantranews-carousel-image":["https:\/\/blogopara.com.br\/wp-content\/uploads\/2022\/04\/atendimento-odontologico-unidade-movel.jpg",500,333,false],"mantranews-block-thumb":["https:\/\/blogopara.com.br\/wp-content\/uploads\/2022\/04\/atendimento-odontologico-unidade-movel-322x230.jpg",322,230,true],"mantranews-single-large":["https:\/\/blogopara.com.br\/wp-content\/uploads\/2022\/04\/atendimento-odontologico-unidade-movel.jpg",500,333,false]},"uagb_author_info":{"display_name":"Reda\u00e7\u00e3o geral","author_link":"https:\/\/blogopara.com.br\/index.php\/author\/blogopara"},"uagb_comment_info":0,"uagb_excerpt":"A Prefeitura de Juazeiro, atrav\u00e9s da Secretaria de Sa\u00fade (Sesau), divulgou o cronograma da unidade m\u00f3vel de atendimento odontol\u00f3gico de 06 a 09 de mar\u00e7o. S\u00e3o realizados 15 atendimentos por dia na unidade m\u00f3vel. \u00c9 preciso que os pacientes levem RG, CPF ou Cart\u00e3o SUS. Confira: \u2013 Na segunda-feira (06) e ter\u00e7a-feira (07) a unidade&hellip;","jetpack_sharing_enabled":true,"jetpack_likes_enabled":true,"_links":{"self":[{"href":"https:\/\/blogopara.com.br\/index.php\/wp-json\/wp\/v2\/posts\/50248","targetHints":{"allow":["GET"]}}],"collection":[{"href":"https:\/\/blogopara.com.br\/index.php\/wp-json\/wp\/v2\/posts"}],"about":[{"href":"https:\/\/blogopara.com.br\/index.php\/wp-json\/wp\/v2\/types\/post"}],"author":[{"embeddable":true,"href":"https:\/\/blogopara.com.br\/index.php\/wp-json\/wp\/v2\/users\/1"}],"replies":[{"embeddable":true,"href":"https:\/\/blogopara.com.br\/index.php\/wp-json\/wp\/v2\/comments?post=50248"}],"version-history":[{"count":3,"href":"https:\/\/blogopara.com.br\/index.php\/wp-json\/wp\/v2\/posts\/50248\/revisions"}],"predecessor-version":[{"id":50254,"href":"https:\/\/blogopara.com.br\/index.php\/wp-json\/wp\/v2\/posts\/50248\/revisions\/50254"}],"wp:featuredmedia":[{"embeddable":true,"href":"https:\/\/blogopara.com.br\/index.php\/wp-json\/wp\/v2\/media\/36254"}],"wp:attachment":[{"href":"https:\/\/blogopara.com.br\/index.php\/wp-json\/wp\/v2\/media?parent=50248"}],"wp:term":[{"taxonomy":"category","embeddable":true,"href":"https:\/\/blogopara.com.br\/index.php\/wp-json\/wp\/v2\/categories?post=50248"},{"taxonomy":"post_tag","embeddable":true,"href":"https:\/\/blogopara.com.br\/index.php\/wp-json\/wp\/v2\/tags?post=50248"}],"curies":[{"name":"wp","href":"https:\/\/api.w.org\/{rel}","templated":true}]}}