{"id":5037,"date":"2019-11-24T17:19:50","date_gmt":"2019-11-24T20:19:50","guid":{"rendered":"http:\/\/blogopara.com.br\/?p=5037"},"modified":"2019-11-24T17:19:53","modified_gmt":"2019-11-24T20:19:53","slug":"ministerio-publico-do-rio-abre-outra-investigacao-contra-flavio-bolsonaro","status":"publish","type":"post","link":"https:\/\/blogopara.com.br\/index.php\/2019\/11\/24\/ministerio-publico-do-rio-abre-outra-investigacao-contra-flavio-bolsonaro","title":{"rendered":"Minist\u00e9rio P\u00fablico do Rio abre outra investiga\u00e7\u00e3o contra Fl\u00e1vio Bolsonaro"},"content":{"rendered":"<p style=\"text-align: justify;\">O Minist\u00e9rio P\u00fablico do Rio de Janeiro abriu um terceiro inqu\u00e9rito para investigar den\u00fancias de irregularidades no gabinete de Fl\u00e1vio Bolsonaro, quando o hoje senador era deputado estadual do Rio de Janeiro.<\/p>\n<p>Segundo nota do Minist\u00e9rio P\u00fablico, a 3\u00aa Promotoria de Justi\u00e7a de Tutela Coletiva de Defesa da Cidadania do Rio instaurou inqu\u00e9rito civil em 23 de setembro de 2019.<\/p>\n<p>O objetivo \u00e9 &#8220;apurar eventual improbidade administrativa decorrente do emprego de &#8216;assessores fantasmas&#8217;, isto \u00e9, pessoas investidas em cargo em comiss\u00e3o junto ao gabinete do ent\u00e3o deputado estadual Fl\u00e1vio Bolsonaro que n\u00e3o teriam exercido fun\u00e7\u00f5es inerentes \u00e0 atividade parlamentar\u201d.<\/p>\n<p>J\u00e1 existe um inqu\u00e9rito civil no MP-RJ para investigar uma eventual pr\u00e1tica de improbidade administrativa no gabinete de Fl\u00e1vio \u2014mas, nesse caso, sobre a devolu\u00e7\u00e3o de parte dos sal\u00e1rios de funcion\u00e1rios ao gabinete, ato conhecido como \u201crachadinha\u201d.<\/p>\n<p>Agora, segundo o Minist\u00e9rio P\u00fablico, o objeto desse terceiro procedimento n\u00e3o \u00e9 apurar a devolu\u00e7\u00e3o de sal\u00e1rios por funcion\u00e1rios, apenas se exerciam suas fun\u00e7\u00f5es.<\/p>\n<p>&#8220;Assim, o presente inqu\u00e9rito que trata de eventual contrata\u00e7\u00e3o de funcion\u00e1rios fantasmas n\u00e3o tem qualquer rela\u00e7\u00e3o com o outro inqu\u00e9rito em tramita\u00e7\u00e3o na Promotoria, que apura eventual pr\u00e1tica de &#8216;rachadinha&#8217;.&#8221;<\/p>\n<p>Com essa nota, o Minist\u00e9rio P\u00fablico tenta afastar a ideia de que esse terceiro inqu\u00e9rito tenha como base relat\u00f3rios encaminhados pelo antigo Coaf (Conselho de Controle de Atividades Financeiras), hoje batizado de UIF (Unidade de Intelig\u00eancia Financeira).<\/p>\n<p>Uma liminar do presidente do STF (Supremo Tribunal Federal), Dias Toffoli, proibiu o uso dessas informa\u00e7\u00f5es enviadas pelo Coaf. Neste m\u00eas, a corte come\u00e7ou a julgar o caso para fixar um entendimento sobre a troca desse tipo de dado sigiloso com Minist\u00e9rio P\u00fablico e pol\u00edcia.<\/p>\n<p>\u201cO presente inqu\u00e9rito tem objeto diferente e independente n\u00e3o tendo como origem qualquer Relat\u00f3rio Financeiro de Intelig\u00eancia&#8221;, afirma a Procuradoria.<\/p>\n<p>A nova apura\u00e7\u00e3o tem como objeto a contrata\u00e7\u00e3o de funcion\u00e1rios que n\u00e3o frequentavam o gabinete de Fl\u00e1vio na Assembleia Legislativa do Rio, muitos deles morando fora da capital fluminense, como revelado pelo jornal O Globo.<\/p>\n<p>&#8220;No \u00e2mbito deste inqu\u00e9rito foram iniciadas dilig\u00eancias, tais como a expedi\u00e7\u00e3o de of\u00edcios para Assembleia Legislativa do Rio de Janeiro (Alerj) com a requisi\u00e7\u00e3o de informa\u00e7\u00f5es\u201d, informou o Minist\u00e9rio P\u00fablico.<\/p>\n<p>Em nota, o advogado do senador Fl\u00e1vio Bolsonaro, Frederick Wassef, afirma que \u201ctodas as pessoas que foram nomeadas, na \u00e9poca, eram qualificadas para as fun\u00e7\u00f5es que exerciam. Trabalharam em diferentes \u00e1reas, mas sempre em prol do mandato, tanto que as vota\u00e7\u00f5es enquanto deputado estadual foram crescentes\u201d.<\/p>\n<p>&#8220;A nomea\u00e7\u00e3o dessas pessoas ocorreu de forma transparente e de acordo com as regras da Alerj&#8221;, disse Wassef. Ainda segundo ele, \u201ca execu\u00e7\u00e3o do trabalho delas tamb\u00e9m ocorreu de acordo com as normas\u201d.<\/p>\n<p>&#8220;Os cargos comissionados da Alerj s\u00e3o de duas naturezas: t\u00e9cnica (com o profissional no gabinete) e de natureza pol\u00edtica (com o profissional na base eleitoral). A confec\u00e7\u00e3o e o uso de crach\u00e1 n\u00e3o eram obrigat\u00f3rios&#8221;, disse o advogado de Fl\u00e1vio.<\/p>\n<p>Eleito senador pelo PSL, Fl\u00e1vio anunciou neste m\u00eas sua sa\u00edda da sigla e busca agora, com o presidente Jair Bolsonaro, criar um novo partido, batizado de Alian\u00e7a pelo Brasil.<\/p>\n<p>O senador passou a ser investigado por suspeita de &#8220;rachadinha&#8221; quando era deputado estadual ap\u00f3s movimenta\u00e7\u00e3o at\u00edpica de recursos de seu ex-assessor Fabr\u00edcio Queiroz.<\/p>\n<p>Queiroz admitiu que recebia parte dos valores dos sal\u00e1rios dos colegas de gabinete na Assembleia Legislativa. Segundo sua vers\u00e3o, usava esse dinheiro para remunerar assessores informais de Fl\u00e1vio, sem o conhecimento do filho do hoje presidente da Rep\u00fablica.<\/p>\n","protected":false},"excerpt":{"rendered":"<p>O Minist\u00e9rio P\u00fablico do Rio de Janeiro abriu um terceiro inqu\u00e9rito para investigar den\u00fancias de irregularidades no gabinete de Fl\u00e1vio Bolsonaro, quando o hoje senador era deputado estadual do Rio de Janeiro. Segundo nota do Minist\u00e9rio P\u00fablico, a 3\u00aa Promotoria de Justi\u00e7a de Tutela Coletiva de Defesa da Cidadania do Rio instaurou inqu\u00e9rito civil em [&hellip;]<\/p>\n","protected":false},"author":1,"featured_media":5038,"comment_status":"open","ping_status":"open","sticky":false,"template":"","format":"standard","meta":{"_uag_custom_page_level_css":"","_monsterinsights_skip_tracking":false,"_monsterinsights_sitenote_active":false,"_monsterinsights_sitenote_note":"","_monsterinsights_sitenote_category":0,"jetpack_post_was_ever_published":false,"_jetpack_newsletter_access":"","_jetpack_dont_email_post_to_subs":false,"_jetpack_newsletter_tier_id":0,"_jetpack_memberships_contains_paywalled_content":false,"_jetpack_memberships_contains_paid_content":false,"footnotes":"","jetpack_publicize_message":"","jetpack_publicize_feature_enabled":true,"jetpack_social_post_already_shared":true,"jetpack_social_options":{"image_generator_settings":{"template":"highway","default_image_id":0,"font":"","enabled":false},"version":2}},"categories":[200],"tags":[324,688,1266],"class_list":["post-5037","post","type-post","status-publish","format-standard","has-post-thumbnail","hentry","category-brasil","tag-flavio-bolsonaro","tag-mp","tag-queiroz"],"jetpack_publicize_connections":[],"jetpack_featured_media_url":"https:\/\/blogopara.com.br\/wp-content\/uploads\/2019\/11\/flaa.jpg","uagb_featured_image_src":{"full":["https:\/\/blogopara.com.br\/wp-content\/uploads\/2019\/11\/flaa.jpg",380,280,false],"thumbnail":["https:\/\/blogopara.com.br\/wp-content\/uploads\/2019\/11\/flaa-150x150.jpg",150,150,true],"medium":["https:\/\/blogopara.com.br\/wp-content\/uploads\/2019\/11\/flaa-300x221.jpg",300,221,true],"medium_large":["https:\/\/blogopara.com.br\/wp-content\/uploads\/2019\/11\/flaa.jpg",380,280,false],"large":["https:\/\/blogopara.com.br\/wp-content\/uploads\/2019\/11\/flaa.jpg",380,280,false],"1536x1536":["https:\/\/blogopara.com.br\/wp-content\/uploads\/2019\/11\/flaa.jpg",380,280,false],"2048x2048":["https:\/\/blogopara.com.br\/wp-content\/uploads\/2019\/11\/flaa.jpg",380,280,false],"mantranews-slider-large":["https:\/\/blogopara.com.br\/wp-content\/uploads\/2019\/11\/flaa.jpg",380,280,false],"mantranews-featured-medium":["https:\/\/blogopara.com.br\/wp-content\/uploads\/2019\/11\/flaa.jpg",380,280,false],"mantranews-featured-long":["https:\/\/blogopara.com.br\/wp-content\/uploads\/2019\/11\/flaa.jpg",300,221,false],"mantranews-block-medium":["https:\/\/blogopara.com.br\/wp-content\/uploads\/2019\/11\/flaa.jpg",380,280,false],"mantranews-carousel-image":["https:\/\/blogopara.com.br\/wp-content\/uploads\/2019\/11\/flaa.jpg",380,280,false],"mantranews-block-thumb":["https:\/\/blogopara.com.br\/wp-content\/uploads\/2019\/11\/flaa.jpg",312,230,false],"mantranews-single-large":["https:\/\/blogopara.com.br\/wp-content\/uploads\/2019\/11\/flaa.jpg",380,280,false]},"uagb_author_info":{"display_name":"Reda\u00e7\u00e3o geral","author_link":"https:\/\/blogopara.com.br\/index.php\/author\/blogopara"},"uagb_comment_info":0,"uagb_excerpt":"O Minist\u00e9rio P\u00fablico do Rio de Janeiro abriu um terceiro inqu\u00e9rito para investigar den\u00fancias de irregularidades no gabinete de Fl\u00e1vio Bolsonaro, quando o hoje senador era deputado estadual do Rio de Janeiro. Segundo nota do Minist\u00e9rio P\u00fablico, a 3\u00aa Promotoria de Justi\u00e7a de Tutela Coletiva de Defesa da Cidadania do Rio instaurou inqu\u00e9rito civil em&hellip;","jetpack_sharing_enabled":true,"jetpack_likes_enabled":true,"_links":{"self":[{"href":"https:\/\/blogopara.com.br\/index.php\/wp-json\/wp\/v2\/posts\/5037","targetHints":{"allow":["GET"]}}],"collection":[{"href":"https:\/\/blogopara.com.br\/index.php\/wp-json\/wp\/v2\/posts"}],"about":[{"href":"https:\/\/blogopara.com.br\/index.php\/wp-json\/wp\/v2\/types\/post"}],"author":[{"embeddable":true,"href":"https:\/\/blogopara.com.br\/index.php\/wp-json\/wp\/v2\/users\/1"}],"replies":[{"embeddable":true,"href":"https:\/\/blogopara.com.br\/index.php\/wp-json\/wp\/v2\/comments?post=5037"}],"version-history":[{"count":1,"href":"https:\/\/blogopara.com.br\/index.php\/wp-json\/wp\/v2\/posts\/5037\/revisions"}],"predecessor-version":[{"id":5039,"href":"https:\/\/blogopara.com.br\/index.php\/wp-json\/wp\/v2\/posts\/5037\/revisions\/5039"}],"wp:featuredmedia":[{"embeddable":true,"href":"https:\/\/blogopara.com.br\/index.php\/wp-json\/wp\/v2\/media\/5038"}],"wp:attachment":[{"href":"https:\/\/blogopara.com.br\/index.php\/wp-json\/wp\/v2\/media?parent=5037"}],"wp:term":[{"taxonomy":"category","embeddable":true,"href":"https:\/\/blogopara.com.br\/index.php\/wp-json\/wp\/v2\/categories?post=5037"},{"taxonomy":"post_tag","embeddable":true,"href":"https:\/\/blogopara.com.br\/index.php\/wp-json\/wp\/v2\/tags?post=5037"}],"curies":[{"name":"wp","href":"https:\/\/api.w.org\/{rel}","templated":true}]}}