{"id":50397,"date":"2023-03-09T16:00:00","date_gmt":"2023-03-09T19:00:00","guid":{"rendered":"https:\/\/blogopara.com.br\/?p=50397"},"modified":"2023-03-08T23:16:39","modified_gmt":"2023-03-09T02:16:39","slug":"nikolas-ferreira-veste-peruca-na-camara-e-diz-mulheres-estao-perdendo-espaco-para-homens-que-se-sentem-mulheres","status":"publish","type":"post","link":"https:\/\/blogopara.com.br\/index.php\/2023\/03\/09\/nikolas-ferreira-veste-peruca-na-camara-e-diz-mulheres-estao-perdendo-espaco-para-homens-que-se-sentem-mulheres","title":{"rendered":"Nikolas Ferreira veste peruca na C\u00e2mara e diz: \u201cMulheres est\u00e3o perdendo espa\u00e7o para homens que se sentem mulheres\u201d"},"content":{"rendered":"<p style=\"text-align: justify;\">O deputado federal Nikolas Ferreira (PL-MG) vestiu uma peruca durante discurso na tribuna da C\u00e2mara dos Deputados nesta quarta-feira (8). Ele falou que se sentia uma mulher transsexual e, por isso, teria \u201clugar de fala\u201d no Dia Internacional das Mulheres.<\/p>\n<p style=\"text-align: justify;\">\u201cHoje, o Dia internacional das mulheres, a esquerda disse que eu n\u00e3o poderia falar, pois eu n\u00e3o estava no meu local de fala. Ent\u00e3o, eu solucionei esse problema aqui. Hoje eu me sinto mulher. Deputada Nikole\u201d, disse enquanto colocava uma peruca amarela.<\/p>\n<p style=\"text-align: justify;\">Ele prosseguiu falando que as mulheres estariam \u201cperdendo seu espa\u00e7o para homens que se sentem mulheres\u201d. E que \u201celes est\u00e3o querendo colocar uma imposi\u00e7\u00e3o de uma realidade que n\u00e3o \u00e9 a realidade\u201d.<\/p>\n<p style=\"text-align: justify;\">O parlamentar disse ainda que corria o risco de ir para a cadeia por transfobia por ter parabenizado apenas as \u201cmulheres [cromossomo] XX\u201d. \u201c\u00c9 uma imposi\u00e7\u00e3o. Ou voc\u00ea concorda com o que eles est\u00e3o dizendo, ou caso contr\u00e1rio voc\u00ea \u00e9 um transf\u00f3bico, homof\u00f3bico e preconceituoso\u201d, falou.<\/p>\n<p style=\"text-align: justify;\">Depois ele tirou a peruca e disse que as mulheres n\u00e3o deviam nada ao feminismo. \u201cRetomem sua feminilidade, tenham filhos, amem a maternidade e formem sua fam\u00edlia. Dessa forma voc\u00eas colocar\u00e3o luz no mundo e ser\u00e3o valorosas.\u201d<\/p>\n<p style=\"text-align: justify;\">A rea\u00e7\u00e3o nas redes sociais e no Congresso foi imediata. A oposi\u00e7\u00e3o acusa o deputado de transfobia. A deputada T\u00e1bata Amaral (PSB-SP) anunciou na tarde desta quarta (8) que est\u00e1 \u201centrando com com pedido de cassa\u00e7\u00e3o do mandato do deputado Nikolas Ferreira\u201d.<\/p>\n<p><a href=\"https:\/\/twitter.com\/tabataamaralsp\/status\/1633554223303409664?ref_src=twsrc%5Etfw%7Ctwcamp%5Etweetembed%7Ctwterm%5E1633554223303409664%7Ctwgr%5E9177831135ca01b6dbaa711cdf316551e604a7d1%7Ctwcon%5Es1_&#038;ref_url=https%3A%2F%2Fwww.cnnbrasil.com.br%2Fpolitica%2Fnikolas-ferreira-veste-peruca-na-camara-e-diz-mulheres-estao-perdendo-espaco-para-homens-que-se-sentem-mulheres%2F\">https:\/\/twitter.com\/tabataamaralsp\/status\/1633554223303409664?ref_src=twsrc%5Etfw%7Ctwcamp%5Etweetembed%7Ctwterm%5E1633554223303409664%7Ctwgr%5E9177831135ca01b6dbaa711cdf316551e604a7d1%7Ctwcon%5Es1_&amp;ref_url=https%3A%2F%2Fwww.cnnbrasil.com.br%2Fpolitica%2Fnikolas-ferreira-veste-peruca-na-camara-e-diz-mulheres-estao-perdendo-espaco-para-homens-que-se-sentem-mulheres%2F<\/a><\/p>\n<p style=\"text-align: justify;\">O presidente da C\u00e2mara, Arthur Lira (PP-AL), publicou em suas redes sociais uma \u201creprimenda p\u00fablica\u201d contra a atitude do deputado e disse que o plen\u00e1rio \u201cn\u00e3o \u00e9 palco para exibicionismo\u201d.<\/p>\n<p>https:\/\/twitter.com\/ArthurLira_\/status\/1633582926565715973?ref_src=twsrc%5Etfw%7Ctwcamp%5Etweetembed%7Ctwterm%5E1633582926565715973%7Ctwgr%5E9177831135ca01b6dbaa711cdf316551e604a7d1%7Ctwcon%5Es1_&#038;ref_url=https%3A%2F%2Fwww.cnnbrasil.com.br%2Fpolitica%2Fnikolas-ferreira-veste-peruca-na-camara-e-diz-mulheres-estao-perdendo-espaco-para-homens-que-se-sentem-mulheres%2F<\/p>\n<p style=\"text-align: justify;\">A presidente do PT e deputada federal Gleisi Hoffmann (PT-PR) pediu que o presidente da C\u00e2mara, Arthur Lira (PP-AL) estabele\u00e7a puni\u00e7\u00e3o aos atos de desrespeito. \u201cPassou da hora de agir, o deboche e o ultraje ocupam o plen\u00e1rio\u201d, diz o tweet.<\/p>\n<p>https:\/\/twitter.com\/gleisi\/status\/1633533823651569666?ref_src=twsrc%5Etfw%7Ctwcamp%5Etweetembed%7Ctwterm%5E1633533823651569666%7Ctwgr%5E9177831135ca01b6dbaa711cdf316551e604a7d1%7Ctwcon%5Es1_&#038;ref_url=https%3A%2F%2Fwww.cnnbrasil.com.br%2Fpolitica%2Fnikolas-ferreira-veste-peruca-na-camara-e-diz-mulheres-estao-perdendo-espaco-para-homens-que-se-sentem-mulheres%2F<\/p>\n<p style=\"text-align: justify;\">A deputada Daiana Santos (PCdoB-RS) defende que o caso seja levado ao Conselho de \u00c9tica da C\u00e2mara. \u201cRepugnante, nojento. O discurso do deputado Nikolas Ferreira refor\u00e7a a viol\u00eancia contra as mulheres trans no Brasil. Ao falar isso na tribuna, ele est\u00e1 ignorando uma parcela da popula\u00e7\u00e3o que vive em um pa\u00eds que, h\u00e1 13 anos, lidera o ranking da lista de pa\u00edses que mais mata pessoas trans e travestis no mundo. Vamos levar este caso para o conselho de \u00e9tica da Casa\u201d, disse.<\/p>\n<p style=\"text-align: justify;\">A deputada Camila Jara (PT-MS) tamb\u00e9m se pronunciou: \u201c\u00c9 lastim\u00e1vel que hoje no dia 8 de mar\u00e7o n\u00f3s mulheres ainda tenhamos que erguer as nossas vozes para dizer que n\u00f3s podemos falar por n\u00f3s mesmos. Nesse sentido, as mulheres da casa levantam a voz para dizer que n\u00e3o aceitar\u00e3o o machismo, que n\u00e3o aceitar\u00e3o transfobia nessa casa.\u201d Ela disse que, junto ao seu partido, apoia a representa\u00e7\u00e3o da deputada Tabata Amaral.<\/p>\n<p style=\"text-align: justify;\">A CNN procurou o deputado Nikolas Ferreira para comentar os pedidos de puni\u00e7\u00e3o e aguarda retorno.<\/p>\n<p style=\"text-align: justify;\"><em>Fonte: CNN Brasil<\/em><\/p>\n<p style=\"text-align: justify;\">Fonte: CNN Brasil<\/p>\n","protected":false},"excerpt":{"rendered":"<p>O deputado federal Nikolas Ferreira (PL-MG) vestiu uma peruca durante discurso na tribuna da C\u00e2mara dos Deputados nesta quarta-feira (8). Ele falou que se sentia uma mulher transsexual e, por isso, teria \u201clugar de fala\u201d no Dia Internacional das Mulheres. \u201cHoje, o Dia internacional das mulheres, a esquerda disse que eu n\u00e3o poderia falar, pois [&hellip;]<\/p>\n","protected":false},"author":1,"featured_media":50377,"comment_status":"closed","ping_status":"open","sticky":false,"template":"","format":"standard","meta":{"_uag_custom_page_level_css":"","_monsterinsights_skip_tracking":false,"_monsterinsights_sitenote_active":false,"_monsterinsights_sitenote_note":"","_monsterinsights_sitenote_category":0,"jetpack_post_was_ever_published":false,"_jetpack_newsletter_access":"","_jetpack_dont_email_post_to_subs":false,"_jetpack_newsletter_tier_id":0,"_jetpack_memberships_contains_paywalled_content":false,"_jetpack_memberships_contains_paid_content":false,"footnotes":"","jetpack_publicize_message":"","jetpack_publicize_feature_enabled":true,"jetpack_social_post_already_shared":true,"jetpack_social_options":{"image_generator_settings":{"template":"highway","default_image_id":0,"font":"","enabled":false},"version":2}},"categories":[200,197],"tags":[],"class_list":["post-50397","post","type-post","status-publish","format-standard","has-post-thumbnail","hentry","category-brasil","category-politica"],"jetpack_publicize_connections":[],"jetpack_featured_media_url":"https:\/\/blogopara.com.br\/wp-content\/uploads\/2023\/03\/WhatsApp-Image-2023-03-08-at-22.40.52.jpeg","uagb_featured_image_src":{"full":["https:\/\/blogopara.com.br\/wp-content\/uploads\/2023\/03\/WhatsApp-Image-2023-03-08-at-22.40.52.jpeg",500,286,false],"thumbnail":["https:\/\/blogopara.com.br\/wp-content\/uploads\/2023\/03\/WhatsApp-Image-2023-03-08-at-22.40.52-150x150.jpeg",150,150,true],"medium":["https:\/\/blogopara.com.br\/wp-content\/uploads\/2023\/03\/WhatsApp-Image-2023-03-08-at-22.40.52-300x172.jpeg",300,172,true],"medium_large":["https:\/\/blogopara.com.br\/wp-content\/uploads\/2023\/03\/WhatsApp-Image-2023-03-08-at-22.40.52.jpeg",500,286,false],"large":["https:\/\/blogopara.com.br\/wp-content\/uploads\/2023\/03\/WhatsApp-Image-2023-03-08-at-22.40.52.jpeg",500,286,false],"1536x1536":["https:\/\/blogopara.com.br\/wp-content\/uploads\/2023\/03\/WhatsApp-Image-2023-03-08-at-22.40.52.jpeg",500,286,false],"2048x2048":["https:\/\/blogopara.com.br\/wp-content\/uploads\/2023\/03\/WhatsApp-Image-2023-03-08-at-22.40.52.jpeg",500,286,false],"mantranews-slider-large":["https:\/\/blogopara.com.br\/wp-content\/uploads\/2023\/03\/WhatsApp-Image-2023-03-08-at-22.40.52.jpeg",500,286,false],"mantranews-featured-medium":["https:\/\/blogopara.com.br\/wp-content\/uploads\/2023\/03\/WhatsApp-Image-2023-03-08-at-22.40.52-420x286.jpeg",420,286,true],"mantranews-featured-long":["https:\/\/blogopara.com.br\/wp-content\/uploads\/2023\/03\/WhatsApp-Image-2023-03-08-at-22.40.52-300x286.jpeg",300,286,true],"mantranews-block-medium":["https:\/\/blogopara.com.br\/wp-content\/uploads\/2023\/03\/WhatsApp-Image-2023-03-08-at-22.40.52-464x286.jpeg",464,286,true],"mantranews-carousel-image":["https:\/\/blogopara.com.br\/wp-content\/uploads\/2023\/03\/WhatsApp-Image-2023-03-08-at-22.40.52.jpeg",500,286,false],"mantranews-block-thumb":["https:\/\/blogopara.com.br\/wp-content\/uploads\/2023\/03\/WhatsApp-Image-2023-03-08-at-22.40.52-322x230.jpeg",322,230,true],"mantranews-single-large":["https:\/\/blogopara.com.br\/wp-content\/uploads\/2023\/03\/WhatsApp-Image-2023-03-08-at-22.40.52.jpeg",500,286,false]},"uagb_author_info":{"display_name":"Reda\u00e7\u00e3o geral","author_link":"https:\/\/blogopara.com.br\/index.php\/author\/blogopara"},"uagb_comment_info":0,"uagb_excerpt":"O deputado federal Nikolas Ferreira (PL-MG) vestiu uma peruca durante discurso na tribuna da C\u00e2mara dos Deputados nesta quarta-feira (8). Ele falou que se sentia uma mulher transsexual e, por isso, teria \u201clugar de fala\u201d no Dia Internacional das Mulheres. \u201cHoje, o Dia internacional das mulheres, a esquerda disse que eu n\u00e3o poderia falar, pois&hellip;","jetpack_sharing_enabled":true,"jetpack_likes_enabled":true,"_links":{"self":[{"href":"https:\/\/blogopara.com.br\/index.php\/wp-json\/wp\/v2\/posts\/50397","targetHints":{"allow":["GET"]}}],"collection":[{"href":"https:\/\/blogopara.com.br\/index.php\/wp-json\/wp\/v2\/posts"}],"about":[{"href":"https:\/\/blogopara.com.br\/index.php\/wp-json\/wp\/v2\/types\/post"}],"author":[{"embeddable":true,"href":"https:\/\/blogopara.com.br\/index.php\/wp-json\/wp\/v2\/users\/1"}],"replies":[{"embeddable":true,"href":"https:\/\/blogopara.com.br\/index.php\/wp-json\/wp\/v2\/comments?post=50397"}],"version-history":[{"count":1,"href":"https:\/\/blogopara.com.br\/index.php\/wp-json\/wp\/v2\/posts\/50397\/revisions"}],"predecessor-version":[{"id":50398,"href":"https:\/\/blogopara.com.br\/index.php\/wp-json\/wp\/v2\/posts\/50397\/revisions\/50398"}],"wp:featuredmedia":[{"embeddable":true,"href":"https:\/\/blogopara.com.br\/index.php\/wp-json\/wp\/v2\/media\/50377"}],"wp:attachment":[{"href":"https:\/\/blogopara.com.br\/index.php\/wp-json\/wp\/v2\/media?parent=50397"}],"wp:term":[{"taxonomy":"category","embeddable":true,"href":"https:\/\/blogopara.com.br\/index.php\/wp-json\/wp\/v2\/categories?post=50397"},{"taxonomy":"post_tag","embeddable":true,"href":"https:\/\/blogopara.com.br\/index.php\/wp-json\/wp\/v2\/tags?post=50397"}],"curies":[{"name":"wp","href":"https:\/\/api.w.org\/{rel}","templated":true}]}}