{"id":5040,"date":"2019-11-24T17:25:40","date_gmt":"2019-11-24T20:25:40","guid":{"rendered":"http:\/\/blogopara.com.br\/?p=5040"},"modified":"2019-11-24T17:26:01","modified_gmt":"2019-11-24T20:26:01","slug":"catolicos-celebram-os-90-anos-da-catedral-de-petrolina-simbolo-do-crescimento-da-cidade","status":"publish","type":"post","link":"https:\/\/blogopara.com.br\/index.php\/2019\/11\/24\/catolicos-celebram-os-90-anos-da-catedral-de-petrolina-simbolo-do-crescimento-da-cidade","title":{"rendered":"Cat\u00f3licos celebram os 90 anos da catedral de Petrolina, s\u00edmbolo do crescimento da cidade"},"content":{"rendered":"<p style=\"text-align: justify;\">S\u00edmbolo da f\u00e9 cat\u00f3lica e do crescimento de Petrolina, no Sert\u00e3o de Pernambuco, a Catedral do Sagrado de Jesus completou 90 anos no dia 14 de agosto. Para celebrar, a diocese realizou uma s\u00e9rie de eventos festivos ao longo do ano. As comemora\u00e7\u00f5es se encerram agora, no m\u00eas de novembro, com a realiza\u00e7\u00e3o do Tr\u00edduo do Sagrado de Jesus Rei, que come\u00e7ou na quinta-feira (21) e segue at\u00e9 o domingo (24)<\/p>\n<div class=\"mc-column content-text active-extra-styles \" style=\"text-align: justify;\" data-block-type=\"unstyled\" data-block-weight=\"71\" data-block-id=\"5\">\n<p class=\"content-text__container \" data-track-category=\"Link no Texto\" data-track-links=\"\">\u201cFoi e tem sido um ano de gra\u00e7as, um ano de b\u00ean\u00e7\u00e3os, afinal de contas n\u00e3o se celebra 90 anos todos os dias. \u00c9 uma hist\u00f3ria, um caminho que se faz regado de muita f\u00e9, de muito amor e, sobretudo, da certeza da presen\u00e7a de Deus, que nos conduz em todos os momentos de nossas vidas\u201d, destaca o padre Carlos J\u00fanior, vig\u00e1rio da par\u00f3quia de Nossa Senhora Rainha dos Anjos.<\/p>\n<\/div>\n<div class=\"mc-column content-text active-extra-styles \" style=\"text-align: justify;\" data-block-type=\"unstyled\" data-block-weight=\"82\" data-block-id=\"6\">\n<p class=\"content-text__container \" data-track-category=\"Link no Texto\" data-track-links=\"\">A catedral foi idealizada por Dom Malan, primeiro bispo da cidade. O padre Carlos explica que quando chegou a Petrolina, h\u00e1 95 anos, o religioso percebeu que a igreja matriz j\u00e1 n\u00e3o comportava todos os fi\u00e9is da cidade. Da\u00ed surgiu o projeto de construir o templo. \u201cAgora, que catedral era essa? Na cabe\u00e7a gigante de Dom Malan, uma igreja gigante para os padr\u00f5es da \u00e9poca\u201d, afirma o padre, lembrando que a catedral foi erguida a partir de uma soma de esfor\u00e7os.<\/p>\n<\/div>\n<div class=\"row medium-uncollapsed content-media content-photo\" style=\"text-align: justify;\" data-block-type=\"backstage-photo\" data-block-id=\"7\">\n<div class=\"mc-column content-media__container\">\n<div class=\"progressive-img can-open-lightbox\" data-min-size=\"1008x631\" data-min-size-url=\"https:\/\/s2.glbimg.com\/62ETnHscZqEahpj0MaAIl6__20I=\/0x0:1700x1065\/1008x0\/smart\/filters:strip_icc()\/s.glbimg.com\/jo\/g1\/f\/original\/2014\/09\/19\/dom_malam.jpg\" data-max-size=\"1600x1002\" data-max-size-url=\"https:\/\/s2.glbimg.com\/PYFKWsNRsjE6fBeYpaHyCEqE0Pw=\/0x0:1700x1065\/1600x0\/smart\/filters:strip_icc()\/s.glbimg.com\/jo\/g1\/f\/original\/2014\/09\/19\/dom_malam.jpg\" data-media-index=\"1\">\n<div class=\"placeholder-container\"><\/div>\n<p><img decoding=\"async\" class=\"progressive-draft\" title=\"Bispo italiano Dom Malan foi o idealizador da catedral de Petrolina \u2014 Foto: Juliane Peixinho\/ G1\" src=\"data:image\/jpeg;base64,\/9j\/4AAQSkZJRgABAQAAAQABAAD\/2wBDAAMCAgMCAgMDAwMEAwMEBQgFBQQEBQoHBwYIDAoMDAsKCwsNDhIQDQ4RDgsLEBYQERMUFRUVDA8XGBYUGBIUFRT\/2wBDAQMEBAUEBQkFBQkUDQsNFBQUFBQUFBQUFBQUFBQUFBQUFBQUFBQUFBQUFBQUFBQUFBQUFBQUFBQUFBQUFBQUFBT\/wgARCAAQABkDASIAAhEBAxEB\/8QAFwAAAwEAAAAAAAAAAAAAAAAABAUGB\/\/EABUBAQEAAAAAAAAAAAAAAAAAAAME\/9oADAMBAAIQAxAAAAGK2XCmU9Z0M4AUv\/\/EABoQAAIDAQEAAAAAAAAAAAAAAAIDAAEEBRP\/2gAIAQEAAQUCwpqh4ahfk3KEVwdbFKXfRBPq2ec\/\/8QAFxEAAwEAAAAAAAAAAAAAAAAAABESYf\/aAAgBAwEBPwF4y6P\/xAAZEQACAwEAAAAAAAAAAAAAAAAAEQECEkH\/2gAIAQIBAT8BxNuowj\/\/xAAfEAACAgEEAwAAAAAAAAAAAAABAgADERASQVETMWH\/2gAIAQEABj8CAEtpdV8WOeI\/WipVjeT7lgzeK3YbvseosSvR0\/\/EABwQAAICAwEBAAAAAAAAAAAAAAERACFBUXExof\/aAAgBAQABPyEQ7YZMLTAx0K8eu5khSuR9hFAQCNQQ81VO6+QWgAVYrj6n\/9oADAMBAAIAAwAAABB0b\/\/EABgRAQEAAwAAAAAAAAAAAAAAAAEAESGR\/9oACAEDAQE\/EEYQenJAL\/\/EABgRAQADAQAAAAAAAAAAAAAAAAEAEVGR\/9oACAECAQE\/EGtp2DTc\/8QAIBABAAICAgEFAAAAAAAAAAAAAREhADFBYVFxkbHh8f\/aAAgBAQABPxB7L8QMeO8BNmUHAsvNayDRmFEKNOT\/AB95uymKF4H1+c0dBJYUsWIbCFBJRjQbA\/ShbKqNZ2PbP\/\/Z\" alt=\"Bispo italiano Dom Malan foi o idealizador da catedral de Petrolina \u2014 Foto: Juliane Peixinho\/ G1\" \/><picture><source srcset=\"https:\/\/s2.glbimg.com\/Pqe9Ue_f9N3oRUZgInwPIvBIFtc=\/0x0:1700x1065\/600x0\/smart\/filters:strip_icc()\/s.glbimg.com\/jo\/g1\/f\/original\/2014\/09\/19\/dom_malam.jpg 1x, https:\/\/s2.glbimg.com\/ju2gvFqtz7og3JbbaKLR8ULkysw=\/0x0:1700x1065\/1200x0\/smart\/filters:strip_icc()\/s.glbimg.com\/jo\/g1\/f\/original\/2014\/09\/19\/dom_malam.jpg 2x\" media=\"(max-width: 1024px)\" data-src=\"https:\/\/s2.glbimg.com\/Pqe9Ue_f9N3oRUZgInwPIvBIFtc=\/0x0:1700x1065\/600x0\/smart\/filters:strip_icc()\/s.glbimg.com\/jo\/g1\/f\/original\/2014\/09\/19\/dom_malam.jpg 1x, https:\/\/s2.glbimg.com\/ju2gvFqtz7og3JbbaKLR8ULkysw=\/0x0:1700x1065\/1200x0\/smart\/filters:strip_icc()\/s.glbimg.com\/jo\/g1\/f\/original\/2014\/09\/19\/dom_malam.jpg 2x\" \/><source srcset=\"https:\/\/s2.glbimg.com\/eDM3yDLwOBJwLJFqhjcsxnFEKdc=\/0x0:1700x1065\/640x0\/smart\/filters:strip_icc()\/s.glbimg.com\/jo\/g1\/f\/original\/2014\/09\/19\/dom_malam.jpg 1x, https:\/\/s2.glbimg.com\/7yicXPc6F3dkE8IZDzQj2daOl2Y=\/0x0:1700x1065\/1280x0\/smart\/filters:strip_icc()\/s.glbimg.com\/jo\/g1\/f\/original\/2014\/09\/19\/dom_malam.jpg 2x\" media=\"(max-width: 1280px)\" data-src=\"https:\/\/s2.glbimg.com\/eDM3yDLwOBJwLJFqhjcsxnFEKdc=\/0x0:1700x1065\/640x0\/smart\/filters:strip_icc()\/s.glbimg.com\/jo\/g1\/f\/original\/2014\/09\/19\/dom_malam.jpg 1x, https:\/\/s2.glbimg.com\/7yicXPc6F3dkE8IZDzQj2daOl2Y=\/0x0:1700x1065\/1280x0\/smart\/filters:strip_icc()\/s.glbimg.com\/jo\/g1\/f\/original\/2014\/09\/19\/dom_malam.jpg 2x\" \/><source srcset=\"https:\/\/s2.glbimg.com\/vJ9ajLjBxsKbghGLWLwtXJl38dk=\/0x0:1700x1065\/984x0\/smart\/filters:strip_icc()\/s.glbimg.com\/jo\/g1\/f\/original\/2014\/09\/19\/dom_malam.jpg 1x, https:\/\/s2.glbimg.com\/_fEBww6UJjSQRmefOcWf1gHTcTA=\/0x0:1700x1065\/1968x0\/smart\/filters:strip_icc()\/s.glbimg.com\/jo\/g1\/f\/original\/2014\/09\/19\/dom_malam.jpg 2x\" media=\"(max-width: 1360px)\" data-src=\"https:\/\/s2.glbimg.com\/vJ9ajLjBxsKbghGLWLwtXJl38dk=\/0x0:1700x1065\/984x0\/smart\/filters:strip_icc()\/s.glbimg.com\/jo\/g1\/f\/original\/2014\/09\/19\/dom_malam.jpg 1x, https:\/\/s2.glbimg.com\/_fEBww6UJjSQRmefOcWf1gHTcTA=\/0x0:1700x1065\/1968x0\/smart\/filters:strip_icc()\/s.glbimg.com\/jo\/g1\/f\/original\/2014\/09\/19\/dom_malam.jpg 2x\" \/><source srcset=\"https:\/\/s2.glbimg.com\/V-knBITzH3BISTlajuhG4UEnTYw=\/0x0:1700x1065\/1000x0\/smart\/filters:strip_icc()\/s.glbimg.com\/jo\/g1\/f\/original\/2014\/09\/19\/dom_malam.jpg 1x, https:\/\/s2.glbimg.com\/RPjs4ww7NfHOiNGz2I7Njf28nFk=\/0x0:1700x1065\/2000x0\/smart\/filters:strip_icc()\/s.glbimg.com\/jo\/g1\/f\/original\/2014\/09\/19\/dom_malam.jpg 2x\" media=\"(min-width: 1361px)\" data-src=\"https:\/\/s2.glbimg.com\/V-knBITzH3BISTlajuhG4UEnTYw=\/0x0:1700x1065\/1000x0\/smart\/filters:strip_icc()\/s.glbimg.com\/jo\/g1\/f\/original\/2014\/09\/19\/dom_malam.jpg 1x, https:\/\/s2.glbimg.com\/RPjs4ww7NfHOiNGz2I7Njf28nFk=\/0x0:1700x1065\/2000x0\/smart\/filters:strip_icc()\/s.glbimg.com\/jo\/g1\/f\/original\/2014\/09\/19\/dom_malam.jpg 2x\" \/><source srcset=\"https:\/\/s2.glbimg.com\/vJ9ajLjBxsKbghGLWLwtXJl38dk=\/0x0:1700x1065\/984x0\/smart\/filters:strip_icc()\/s.glbimg.com\/jo\/g1\/f\/original\/2014\/09\/19\/dom_malam.jpg\" data-src=\"https:\/\/s2.glbimg.com\/vJ9ajLjBxsKbghGLWLwtXJl38dk=\/0x0:1700x1065\/984x0\/smart\/filters:strip_icc()\/s.glbimg.com\/jo\/g1\/f\/original\/2014\/09\/19\/dom_malam.jpg\" \/><img decoding=\"async\" class=\"image content-media__image progressive-loaded\" title=\"Bispo italiano Dom Malan foi o idealizador da catedral de Petrolina \u2014 Foto: Juliane Peixinho\/ G1\" src=\"https:\/\/s2.glbimg.com\/vJ9ajLjBxsKbghGLWLwtXJl38dk=\/0x0:1700x1065\/984x0\/smart\/filters:strip_icc()\/s.glbimg.com\/jo\/g1\/f\/original\/2014\/09\/19\/dom_malam.jpg\" alt=\"Bispo italiano Dom Malan foi o idealizador da catedral de Petrolina \u2014 Foto: Juliane Peixinho\/ G1\" data-src=\"https:\/\/s2.glbimg.com\/vJ9ajLjBxsKbghGLWLwtXJl38dk=\/0x0:1700x1065\/984x0\/smart\/filters:strip_icc()\/s.glbimg.com\/jo\/g1\/f\/original\/2014\/09\/19\/dom_malam.jpg\" \/><\/picture><\/div>\n<pre class=\"content-media__description \">Bispo italiano Dom Malan foi o idealizador da catedral de Petrolina \u2014 Foto: Juliane Peixinho\/ G1<\/pre>\n<\/div>\n<\/div>\n<div class=\"mc-column content-text active-extra-styles \" style=\"text-align: justify;\" data-block-type=\"unstyled\" data-block-weight=\"77\" data-block-id=\"9\">\n<p class=\"content-text__container \" data-track-category=\"Link no Texto\" data-track-links=\"\">\u201cUma igreja que contou com ajuda de benfeitores do Brasil e de fora dele. Dom Malan ia a Fran\u00e7a, a It\u00e1lia, ia aos seus amigos, a outros estados buscar recursos, que somados aos recursos do povo da pequenina Petrolina, possibilitou construir em quatro anos esta igreja catedral. E de fato, em 14 de agosto de 1929, ela foi inaugurada e \u00e9 para n\u00f3s este lugar t\u00e3o especial, t\u00e3o querido que est\u00e1 na alma do povo petrolinense\u201d.<\/p>\n<\/div>\n<div class=\"mc-column content-text active-extra-styles \" style=\"text-align: justify;\" data-block-type=\"unstyled\" data-block-weight=\"32\" data-block-id=\"10\">\n<p class=\"content-text__container \" data-track-category=\"Link no Texto\" data-track-links=\"\">Padre Carlos lembra que Dom Malan dizia que \u201cconstruindo a casa de Deus, tudo cresceria ao redor dela\u201d. Segundo o padre, 90 anos depois a profecia do antigo bispo est\u00e1 concretizada.<\/p>\n<\/div>\n<div class=\"mc-column content-text active-extra-styles\" style=\"text-align: justify;\" data-block-type=\"raw\" data-block-weight=\"23\" data-block-id=\"11\">\n<blockquote class=\"content-blockquote theme-border-color-primary-before\"><p>\u201c\u00c9 ineg\u00e1vel este crescimento de Petrolina a partir da sua catedral. Petrolina cresce em todos os pontos: educacional, de sa\u00fade, de agricultura, com\u00e9rcio&#8221;.<\/p><\/blockquote>\n<\/div>\n<div class=\"mc-column content-text active-extra-styles \" style=\"text-align: justify;\" data-block-type=\"unstyled\" data-block-weight=\"70\" data-block-id=\"12\">\n<p class=\"content-text__container \" data-track-category=\"Link no Texto\" data-track-links=\"\">Localizada no centro da cidade, na pra\u00e7a que hoje leva o nome do bispo vision\u00e1rio, a catedral foi constru\u00edda com pedras retiradas do pr\u00f3prio local e de pedreiras pr\u00f3ximas. Com um estilo neog\u00f3tico, tem fachada imponente, composta por uma \u00fanica porta central e duas enormes torres, al\u00e9m de um conjunto de 57 vitrais. Essas e outras caracter\u00edsticas arquitet\u00f4nicas fazem da catedral um dos principais pontos de visita de Petrolina.<\/p>\n<\/div>\n<div class=\"row medium-uncollapsed content-media content-photo\" style=\"text-align: justify;\" data-block-type=\"backstage-photo\" data-block-id=\"14\">\n<div class=\"column medium-22 large-20 medium-centered content-media__container\">\n<div class=\"progressive-img can-open-lightbox\" data-min-size=\"1008x712\" data-min-size-url=\"https:\/\/s2.glbimg.com\/850AAGDfbd-1GWCCfMbhXs-5nms=\/0x0:4196x2968\/1008x0\/smart\/filters:strip_icc()\/s.glbimg.com\/jo\/g1\/f\/original\/2016\/06\/14\/mauricio_andre_anjos_-_205x145cm.jpg\" data-max-size=\"1600x1131\" data-max-size-url=\"https:\/\/s2.glbimg.com\/W6rKwH_kgFUaO4TozZVt7_g5qy4=\/0x0:4196x2968\/1600x0\/smart\/filters:strip_icc()\/s.glbimg.com\/jo\/g1\/f\/original\/2016\/06\/14\/mauricio_andre_anjos_-_205x145cm.jpg\" data-media-index=\"2\">\n<div class=\"placeholder-container\"><\/div>\n<p><img decoding=\"async\" class=\"progressive-draft\" title=\"A catedral de Petrolina est\u00e1 bem no centro da cidade. \u201cConstruamos a casa de Deus e tudo mais crescer\u00e1 ao redor dela\u201d, dizia Dom Malan \u2014 Foto: Maur\u00edcio Andr\u00e9 Anjos\/Arquivo pessoal\" src=\"data:image\/jpeg;base64,\/9j\/4AAQSkZJRgABAQAAAQABAAD\/2wBDAAMCAgMCAgMDAwMEAwMEBQgFBQQEBQoHBwYIDAoMDAsKCwsNDhIQDQ4RDgsLEBYQERMUFRUVDA8XGBYUGBIUFRT\/2wBDAQMEBAUEBQkFBQkUDQsNFBQUFBQUFBQUFBQUFBQUFBQUFBQUFBQUFBQUFBQUFBQUFBQUFBQUFBQUFBQUFBQUFBT\/wgARCAASABkDASIAAhEBAxEB\/8QAGQAAAgMBAAAAAAAAAAAAAAAAAAMEBQcG\/8QAFgEBAQEAAAAAAAAAAAAAAAAABAMA\/9oADAMBAAIQAxAAAAFLOXuyUlPrl12d6gDh3OmgS3\/\/xAAeEAACAgICAwAAAAAAAAAAAAACBAMFAAEGEhMUIf\/aAAgBAQABBQKSxlGUGWJNyNbEOhYtaKixDbrtHU1Fi5V+WxyX5oF4hS4fIfpd95\/\/xAAbEQADAAIDAAAAAAAAAAAAAAAAAQIDESExMv\/aAAgBAwEBPwGM7pvl6HeSiOi\/Mn\/\/xAAZEQADAQEBAAAAAAAAAAAAAAAAAQIRQUL\/2gAIAQIBAT8BqUsSzSVHBnqj\/8QAJxAAAQIGAAQHAAAAAAAAAAAAAQIDAAQREiExMkFhcSIkNZShseH\/2gAIAQEABj8CDZnXULoDxYGaRaJ51dN53AW5MGw4qXziOI+\/\/InJmaSFpWPAm0bH1D0k0ldrqTarXLlDk+FiYYaBCWj033j0X4MS1Oe+u4mwG0DydcDvEmm423qxXvGzH\/\/EACIQAAEEAgIBBQAAAAAAAAAAAAEAESExQWFRcYEQkaHw8f\/aAAgBAQABPyE9QHYh+RT1WXYPZwamKQZY75vPGaNc+nAgGX3hhAGyeOeOBYrYJcz4QDhqyXWaIA9+VpfTSMvzNptZAdogCJyVrZ2oyn6y\/9oADAMBAAIAAwAAABDNtwL\/xAAcEQACAgIDAAAAAAAAAAAAAAABEQAxIaFxkbH\/2gAIAQMBAT8QOyslR4ta6igk7XilE1J\/\/8QAHREAAgEEAwAAAAAAAAAAAAAAAREAITFxoZGxwf\/aAAgBAgEBPxASETBiovh75ixfT7cvOfYN0\/\/EAB8QAQEAAgEEAwAAAAAAAAAAAAERACExQVFh8RCBkf\/aAAgBAQABPxAcCs3BlWJo663KhkgJbCIg2LAFRMDF21rDtcETo0gzPbsHh6IiFPAVbm3rd463HdjWDxoU3+Hp4oKM9wHG3d+DBwR7am1vL7yAIkMXxBz5zmFajdSlja3Pbc\/\/2Q==\" alt=\"A catedral de Petrolina est\u00e1 bem no centro da cidade. \u201cConstruamos a casa de Deus e tudo mais crescer\u00e1 ao redor dela\u201d, dizia Dom Malan \u2014 Foto: Maur\u00edcio Andr\u00e9 Anjos\/Arquivo pessoal\" \/><picture><source srcset=\"https:\/\/s2.glbimg.com\/850AAGDfbd-1GWCCfMbhXs-5nms=\/0x0:4196x2968\/1008x0\/smart\/filters:strip_icc()\/s.glbimg.com\/jo\/g1\/f\/original\/2016\/06\/14\/mauricio_andre_anjos_-_205x145cm.jpg 1x, https:\/\/s2.glbimg.com\/-o6N1vqIe_Xapbf9eTVn8uX7Sis=\/0x0:4196x2968\/2016x0\/smart\/filters:strip_icc()\/s.glbimg.com\/jo\/g1\/f\/original\/2016\/06\/14\/mauricio_andre_anjos_-_205x145cm.jpg 2x\" media=\"(max-width: 1024px)\" data-src=\"https:\/\/s2.glbimg.com\/850AAGDfbd-1GWCCfMbhXs-5nms=\/0x0:4196x2968\/1008x0\/smart\/filters:strip_icc()\/s.glbimg.com\/jo\/g1\/f\/original\/2016\/06\/14\/mauricio_andre_anjos_-_205x145cm.jpg 1x, https:\/\/s2.glbimg.com\/-o6N1vqIe_Xapbf9eTVn8uX7Sis=\/0x0:4196x2968\/2016x0\/smart\/filters:strip_icc()\/s.glbimg.com\/jo\/g1\/f\/original\/2016\/06\/14\/mauricio_andre_anjos_-_205x145cm.jpg 2x\" \/><source srcset=\"https:\/\/s2.glbimg.com\/QMwIlkxF8hTXgmO9vCt4yqjCoKU=\/0x0:4196x2968\/1262x0\/smart\/filters:strip_icc()\/s.glbimg.com\/jo\/g1\/f\/original\/2016\/06\/14\/mauricio_andre_anjos_-_205x145cm.jpg 1x, https:\/\/s2.glbimg.com\/Us2O9xEFr6zTrKfeQVdSDZCMHlE=\/0x0:4196x2968\/2524x0\/smart\/filters:strip_icc()\/s.glbimg.com\/jo\/g1\/f\/original\/2016\/06\/14\/mauricio_andre_anjos_-_205x145cm.jpg 2x\" media=\"(max-width: 1280px)\" data-src=\"https:\/\/s2.glbimg.com\/QMwIlkxF8hTXgmO9vCt4yqjCoKU=\/0x0:4196x2968\/1262x0\/smart\/filters:strip_icc()\/s.glbimg.com\/jo\/g1\/f\/original\/2016\/06\/14\/mauricio_andre_anjos_-_205x145cm.jpg 1x, https:\/\/s2.glbimg.com\/Us2O9xEFr6zTrKfeQVdSDZCMHlE=\/0x0:4196x2968\/2524x0\/smart\/filters:strip_icc()\/s.glbimg.com\/jo\/g1\/f\/original\/2016\/06\/14\/mauricio_andre_anjos_-_205x145cm.jpg 2x\" \/><source srcset=\"https:\/\/s2.glbimg.com\/L5FNOCUj-5zunFAh9_nCbFAWEFg=\/0x0:4196x2968\/1344x0\/smart\/filters:strip_icc()\/s.glbimg.com\/jo\/g1\/f\/original\/2016\/06\/14\/mauricio_andre_anjos_-_205x145cm.jpg 1x, https:\/\/s2.glbimg.com\/yjjUcBXY3G7IwCIMAC8Wdr7K3ig=\/0x0:4196x2968\/2688x0\/smart\/filters:strip_icc()\/s.glbimg.com\/jo\/g1\/f\/original\/2016\/06\/14\/mauricio_andre_anjos_-_205x145cm.jpg 2x\" media=\"(max-width: 1360px)\" data-src=\"https:\/\/s2.glbimg.com\/L5FNOCUj-5zunFAh9_nCbFAWEFg=\/0x0:4196x2968\/1344x0\/smart\/filters:strip_icc()\/s.glbimg.com\/jo\/g1\/f\/original\/2016\/06\/14\/mauricio_andre_anjos_-_205x145cm.jpg 1x, https:\/\/s2.glbimg.com\/yjjUcBXY3G7IwCIMAC8Wdr7K3ig=\/0x0:4196x2968\/2688x0\/smart\/filters:strip_icc()\/s.glbimg.com\/jo\/g1\/f\/original\/2016\/06\/14\/mauricio_andre_anjos_-_205x145cm.jpg 2x\" \/><source srcset=\"https:\/\/s2.glbimg.com\/W6rKwH_kgFUaO4TozZVt7_g5qy4=\/0x0:4196x2968\/1600x0\/smart\/filters:strip_icc()\/s.glbimg.com\/jo\/g1\/f\/original\/2016\/06\/14\/mauricio_andre_anjos_-_205x145cm.jpg 1x, https:\/\/s2.glbimg.com\/xpMqjZYEJT6WIxzqHK1d4KWms9U=\/0x0:4196x2968\/3200x0\/smart\/filters:strip_icc()\/s.glbimg.com\/jo\/g1\/f\/original\/2016\/06\/14\/mauricio_andre_anjos_-_205x145cm.jpg 2x\" media=\"(min-width: 1361px)\" data-src=\"https:\/\/s2.glbimg.com\/W6rKwH_kgFUaO4TozZVt7_g5qy4=\/0x0:4196x2968\/1600x0\/smart\/filters:strip_icc()\/s.glbimg.com\/jo\/g1\/f\/original\/2016\/06\/14\/mauricio_andre_anjos_-_205x145cm.jpg 1x, https:\/\/s2.glbimg.com\/xpMqjZYEJT6WIxzqHK1d4KWms9U=\/0x0:4196x2968\/3200x0\/smart\/filters:strip_icc()\/s.glbimg.com\/jo\/g1\/f\/original\/2016\/06\/14\/mauricio_andre_anjos_-_205x145cm.jpg 2x\" \/><source srcset=\"https:\/\/s2.glbimg.com\/850AAGDfbd-1GWCCfMbhXs-5nms=\/0x0:4196x2968\/1008x0\/smart\/filters:strip_icc()\/s.glbimg.com\/jo\/g1\/f\/original\/2016\/06\/14\/mauricio_andre_anjos_-_205x145cm.jpg\" data-src=\"https:\/\/s2.glbimg.com\/850AAGDfbd-1GWCCfMbhXs-5nms=\/0x0:4196x2968\/1008x0\/smart\/filters:strip_icc()\/s.glbimg.com\/jo\/g1\/f\/original\/2016\/06\/14\/mauricio_andre_anjos_-_205x145cm.jpg\" \/><img decoding=\"async\" class=\"image content-media__image progressive-loaded\" title=\"A catedral de Petrolina est\u00e1 bem no centro da cidade. \u201cConstruamos a casa de Deus e tudo mais crescer\u00e1 ao redor dela\u201d, dizia Dom Malan \u2014 Foto: Maur\u00edcio Andr\u00e9 Anjos\/Arquivo pessoal\" src=\"https:\/\/s2.glbimg.com\/850AAGDfbd-1GWCCfMbhXs-5nms=\/0x0:4196x2968\/1008x0\/smart\/filters:strip_icc()\/s.glbimg.com\/jo\/g1\/f\/original\/2016\/06\/14\/mauricio_andre_anjos_-_205x145cm.jpg\" alt=\"A catedral de Petrolina est\u00e1 bem no centro da cidade. \u201cConstruamos a casa de Deus e tudo mais crescer\u00e1 ao redor dela\u201d, dizia Dom Malan \u2014 Foto: Maur\u00edcio Andr\u00e9 Anjos\/Arquivo pessoal\" data-src=\"https:\/\/s2.glbimg.com\/850AAGDfbd-1GWCCfMbhXs-5nms=\/0x0:4196x2968\/1008x0\/smart\/filters:strip_icc()\/s.glbimg.com\/jo\/g1\/f\/original\/2016\/06\/14\/mauricio_andre_anjos_-_205x145cm.jpg\" \/><\/picture><\/div>\n<p class=\"content-media__description \">A catedral de Petrolina est\u00e1 bem no centro da cidade. \u201cConstruamos a casa de Deus e tudo mais crescer\u00e1 ao redor dela\u201d, dizia Dom Malan \u2014 Foto: Maur\u00edcio Andr\u00e9 Anjos\/Arquivo pessoal<\/p>\n<\/div>\n<\/div>\n<div class=\"mc-column content-text active-extra-styles \" style=\"text-align: justify;\" data-block-type=\"unstyled\" data-block-weight=\"37\" data-block-id=\"15\">\n<p class=\"content-text__container \" data-track-category=\"Link no Texto\" data-track-links=\"\">\u201cMuito linda, muito bem trabalhada, muito conceituada. Tudo aqui \u00e9 muito bonito. Tudo aqui \u00e9 muito importante, tudo de Deus \u00e9 importante&#8221;, afirma a aposentada Benigna Holanda, que h\u00e1 v\u00e1rios anos frequenta a catedral de pedra.<\/p>\n<\/div>\n<div class=\"mc-column content-text active-extra-styles \" style=\"text-align: justify;\" data-block-type=\"unstyled\" data-block-weight=\"52\" data-block-id=\"16\">\n<p class=\"content-text__container \" data-track-category=\"Link no Texto\" data-track-links=\"\">Segundo o padre, a igreja \u00e9 um local onde as pessoas podem ficar mais perto de Deus. \u201cA igreja de pedra, a igreja templo, \u00e9, na verdade, express\u00e3o sacramento de uma realidade muito maior, que \u00e9 a igreja do povo de Deus. N\u00f3s somos templos de Deus, lugar onde Deus habita&#8221;.<\/p>\n<\/div>\n<div class=\"row medium-uncollapsed content-media content-photo\" style=\"text-align: justify;\" data-block-type=\"backstage-photo\" data-block-id=\"17\">\n<div class=\"mc-column content-media__container\">\n<div class=\"progressive-img can-open-lightbox\" data-min-size=\"1008x756\" data-min-size-url=\"https:\/\/s2.glbimg.com\/VKtCdYhP6AXSHyOeXo2YDGkgDTw=\/0x0:620x465\/1008x0\/smart\/filters:strip_icc()\/s.glbimg.com\/jo\/g1\/f\/original\/2013\/12\/29\/construcao_da_catedral_em_1929_-_museu_do_sertao.jpg\" data-max-size=\"1600x1200\" data-max-size-url=\"https:\/\/s2.glbimg.com\/OZ8zJ4c1_yL6lTQe8KOmBtlmlDw=\/0x0:620x465\/1600x0\/smart\/filters:strip_icc()\/s.glbimg.com\/jo\/g1\/f\/original\/2013\/12\/29\/construcao_da_catedral_em_1929_-_museu_do_sertao.jpg\" data-media-index=\"3\">\n<div class=\"placeholder-container\"><\/div>\n<p><img decoding=\"async\" class=\"progressive-draft\" title=\"Registro da constru\u00e7\u00e3o da Catedral no ano de 1929. \u2014 Foto: Reprodu\u00e7\u00e3o\" src=\"data:image\/jpeg;base64,\/9j\/4AAQSkZJRgABAQAAAQABAAD\/2wBDAAMCAgMCAgMDAwMEAwMEBQgFBQQEBQoHBwYIDAoMDAsKCwsNDhIQDQ4RDgsLEBYQERMUFRUVDA8XGBYUGBIUFRT\/2wBDAQMEBAUEBQkFBQkUDQsNFBQUFBQUFBQUFBQUFBQUFBQUFBQUFBQUFBQUFBQUFBQUFBQUFBQUFBQUFBQUFBQUFBT\/wgARCAATABkDASIAAhEBAxEB\/8QAGAAAAwEBAAAAAAAAAAAAAAAAAAUGBAP\/xAAWAQEBAQAAAAAAAAAAAAAAAAACAQP\/2gAMAwEAAhADEAAAAcbqYrUtGHmiKr2ACLpIFt\/\/xAAfEAABAwQDAQAAAAAAAAAAAAADAQIEAAUGEhMUFRb\/2gAIAQEAAQUCDka6ByXcB8jHGX6yFUK17RItsYKFJtYuPz2VEergjcqFuB3jTvHr\/8QAGREAAgMBAAAAAAAAAAAAAAAAAAEQERIx\/9oACAEDAQE\/AaMpwuH\/xAAYEQACAwAAAAAAAAAAAAAAAAAAAhARIf\/aAAgBAgEBPwGlMn\/\/xAAmEAABAwMDAgcAAAAAAAAAAAABAAIRAyEyBBITQaEiIzNScYGT\/9oACAEBAAY\/AnObp2mmL53XINI6InNUxUoP8fsIMLHUfmmlhafKLbfKaw5ce26pbH+nDcuizp9lJUdEdpj6WfZf\/8QAIRABAAICAQMFAAAAAAAAAAAAAQARITFBUXHwEGGRsdH\/2gAIAQEAAT8hoEGi1ZfSoYEvaNfEQRDZY9xPKfscA27baH6gltFRV0s74jKa7BVQnPvv0gcQXHBEZdHDmUtccCeUT\/\/aAAwDAQACAAMAAAAQXf8Agf\/EABcRAQEBAQAAAAAAAAAAAAAAAAEAIUH\/2gAIAQMBAT8QTGyOxJ\/\/xAAXEQEAAwAAAAAAAAAAAAAAAAABABBB\/9oACAECAQE\/EEciX\/\/EAB8QAQACAgIDAQEAAAAAAAAAAAEAESExQVFhgfHR8P\/aAAgBAQABPxAjwQAOi1ZqucXmIALRCANpUuzbDgz0JXgr1Tmp9bFIFgFRrk1QL9SrD4IU2Q8qD0wxUgXYQTDZ5n3P3KBjzebfEsaMETAMbiSq517KXOOwnn\/z4n\/\/2Q==\" alt=\"Registro da constru\u00e7\u00e3o da Catedral no ano de 1929. \u2014 Foto: Reprodu\u00e7\u00e3o\" \/><picture><source srcset=\"https:\/\/s2.glbimg.com\/jJdKuCLHRwQg6AAkWlirAHi93F0=\/0x0:620x465\/600x0\/smart\/filters:strip_icc()\/s.glbimg.com\/jo\/g1\/f\/original\/2013\/12\/29\/construcao_da_catedral_em_1929_-_museu_do_sertao.jpg 1x, https:\/\/s2.glbimg.com\/VTvGnRwjBXKdsovD7bQc_V4YDnw=\/0x0:620x465\/1200x0\/smart\/filters:strip_icc()\/s.glbimg.com\/jo\/g1\/f\/original\/2013\/12\/29\/construcao_da_catedral_em_1929_-_museu_do_sertao.jpg 2x\" media=\"(max-width: 1024px)\" data-src=\"https:\/\/s2.glbimg.com\/jJdKuCLHRwQg6AAkWlirAHi93F0=\/0x0:620x465\/600x0\/smart\/filters:strip_icc()\/s.glbimg.com\/jo\/g1\/f\/original\/2013\/12\/29\/construcao_da_catedral_em_1929_-_museu_do_sertao.jpg 1x, https:\/\/s2.glbimg.com\/VTvGnRwjBXKdsovD7bQc_V4YDnw=\/0x0:620x465\/1200x0\/smart\/filters:strip_icc()\/s.glbimg.com\/jo\/g1\/f\/original\/2013\/12\/29\/construcao_da_catedral_em_1929_-_museu_do_sertao.jpg 2x\" \/><source srcset=\"https:\/\/s2.glbimg.com\/jHX3kkg2WVGltJ3RlrM_W7XjgOo=\/0x0:620x465\/640x0\/smart\/filters:strip_icc()\/s.glbimg.com\/jo\/g1\/f\/original\/2013\/12\/29\/construcao_da_catedral_em_1929_-_museu_do_sertao.jpg 1x, https:\/\/s2.glbimg.com\/vh75cYJNQKdHUnlWcMTndxj5AWU=\/0x0:620x465\/1280x0\/smart\/filters:strip_icc()\/s.glbimg.com\/jo\/g1\/f\/original\/2013\/12\/29\/construcao_da_catedral_em_1929_-_museu_do_sertao.jpg 2x\" media=\"(max-width: 1280px)\" data-src=\"https:\/\/s2.glbimg.com\/jHX3kkg2WVGltJ3RlrM_W7XjgOo=\/0x0:620x465\/640x0\/smart\/filters:strip_icc()\/s.glbimg.com\/jo\/g1\/f\/original\/2013\/12\/29\/construcao_da_catedral_em_1929_-_museu_do_sertao.jpg 1x, https:\/\/s2.glbimg.com\/vh75cYJNQKdHUnlWcMTndxj5AWU=\/0x0:620x465\/1280x0\/smart\/filters:strip_icc()\/s.glbimg.com\/jo\/g1\/f\/original\/2013\/12\/29\/construcao_da_catedral_em_1929_-_museu_do_sertao.jpg 2x\" \/><source srcset=\"https:\/\/s2.glbimg.com\/OXO46BzB_NvSN17CQbMwBMYzNmo=\/0x0:620x465\/984x0\/smart\/filters:strip_icc()\/s.glbimg.com\/jo\/g1\/f\/original\/2013\/12\/29\/construcao_da_catedral_em_1929_-_museu_do_sertao.jpg 1x, https:\/\/s2.glbimg.com\/XkzGkZq703N5YreL-iCshl30GPU=\/0x0:620x465\/1968x0\/smart\/filters:strip_icc()\/s.glbimg.com\/jo\/g1\/f\/original\/2013\/12\/29\/construcao_da_catedral_em_1929_-_museu_do_sertao.jpg 2x\" media=\"(max-width: 1360px)\" data-src=\"https:\/\/s2.glbimg.com\/OXO46BzB_NvSN17CQbMwBMYzNmo=\/0x0:620x465\/984x0\/smart\/filters:strip_icc()\/s.glbimg.com\/jo\/g1\/f\/original\/2013\/12\/29\/construcao_da_catedral_em_1929_-_museu_do_sertao.jpg 1x, https:\/\/s2.glbimg.com\/XkzGkZq703N5YreL-iCshl30GPU=\/0x0:620x465\/1968x0\/smart\/filters:strip_icc()\/s.glbimg.com\/jo\/g1\/f\/original\/2013\/12\/29\/construcao_da_catedral_em_1929_-_museu_do_sertao.jpg 2x\" \/><source srcset=\"https:\/\/s2.glbimg.com\/AVh6tJGuqcxYEO0GMPX2eLBU1yA=\/0x0:620x465\/1000x0\/smart\/filters:strip_icc()\/s.glbimg.com\/jo\/g1\/f\/original\/2013\/12\/29\/construcao_da_catedral_em_1929_-_museu_do_sertao.jpg 1x, https:\/\/s2.glbimg.com\/rze4Cfdstq5lKHJOkzuQbaGHP58=\/0x0:620x465\/2000x0\/smart\/filters:strip_icc()\/s.glbimg.com\/jo\/g1\/f\/original\/2013\/12\/29\/construcao_da_catedral_em_1929_-_museu_do_sertao.jpg 2x\" media=\"(min-width: 1361px)\" data-src=\"https:\/\/s2.glbimg.com\/AVh6tJGuqcxYEO0GMPX2eLBU1yA=\/0x0:620x465\/1000x0\/smart\/filters:strip_icc()\/s.glbimg.com\/jo\/g1\/f\/original\/2013\/12\/29\/construcao_da_catedral_em_1929_-_museu_do_sertao.jpg 1x, https:\/\/s2.glbimg.com\/rze4Cfdstq5lKHJOkzuQbaGHP58=\/0x0:620x465\/2000x0\/smart\/filters:strip_icc()\/s.glbimg.com\/jo\/g1\/f\/original\/2013\/12\/29\/construcao_da_catedral_em_1929_-_museu_do_sertao.jpg 2x\" \/><source srcset=\"https:\/\/s2.glbimg.com\/OXO46BzB_NvSN17CQbMwBMYzNmo=\/0x0:620x465\/984x0\/smart\/filters:strip_icc()\/s.glbimg.com\/jo\/g1\/f\/original\/2013\/12\/29\/construcao_da_catedral_em_1929_-_museu_do_sertao.jpg\" data-src=\"https:\/\/s2.glbimg.com\/OXO46BzB_NvSN17CQbMwBMYzNmo=\/0x0:620x465\/984x0\/smart\/filters:strip_icc()\/s.glbimg.com\/jo\/g1\/f\/original\/2013\/12\/29\/construcao_da_catedral_em_1929_-_museu_do_sertao.jpg\" \/><img decoding=\"async\" class=\"image content-media__image progressive-loaded\" title=\"Registro da constru\u00e7\u00e3o da Catedral no ano de 1929. \u2014 Foto: Reprodu\u00e7\u00e3o\" src=\"https:\/\/s2.glbimg.com\/OXO46BzB_NvSN17CQbMwBMYzNmo=\/0x0:620x465\/984x0\/smart\/filters:strip_icc()\/s.glbimg.com\/jo\/g1\/f\/original\/2013\/12\/29\/construcao_da_catedral_em_1929_-_museu_do_sertao.jpg\" alt=\"Registro da constru\u00e7\u00e3o da Catedral no ano de 1929. \u2014 Foto: Reprodu\u00e7\u00e3o\" data-src=\"https:\/\/s2.glbimg.com\/OXO46BzB_NvSN17CQbMwBMYzNmo=\/0x0:620x465\/984x0\/smart\/filters:strip_icc()\/s.glbimg.com\/jo\/g1\/f\/original\/2013\/12\/29\/construcao_da_catedral_em_1929_-_museu_do_sertao.jpg\" \/><\/picture><\/div>\n<pre class=\"content-media__description \">Registro da constru\u00e7\u00e3o da Catedral no ano de 1929. \u2014 Foto: Reprodu\u00e7\u00e3o<\/pre>\n<\/div>\n<\/div>\n<div class=\"mc-column content-text active-extra-styles \" style=\"text-align: justify;\" data-block-type=\"unstyled\" data-block-weight=\"32\" data-block-id=\"19\">\n<p class=\"content-text__container \" data-track-category=\"Link no Texto\" data-track-links=\"\">De acordo com padre Carlos, a catedral,\u00a0<a href=\"http:\/\/g1.globo.com\/pe\/petrolina-regiao\/noticia\/2015\/12\/catedral-de-petrolina-e-reinaugurada-apos-quase-dois-anos-em-reforma.html\">que ficou fechada para reforma entre janeiro de 2014 e dezembro de 2015,<\/a>\u00a0\u00e9 testemunha do crescimento da regi\u00e3o durante essas nove d\u00e9cadas.<\/p>\n<\/div>\n<div data-track-category=\"multicontent\" data-track-action=\"ultimo chunk conteudo\" data-track-noninteraction=\"false\" data-track-scroll=\"view\">\n<div class=\"mc-column content-text active-extra-styles \" style=\"text-align: justify;\" data-block-type=\"unstyled\" data-block-weight=\"56\" data-block-id=\"20\">\n<p class=\"content-text__container \" data-track-category=\"Link no Texto\" data-track-links=\"\">\u201cN\u00f3s s\u00f3 temos motivos para agradecer porque a catedral, este poema de pedra, testemunha o crescimento, o progresso desta terra e de sua gente. H\u00e1 90 anos, Petrolina era uma cidade pequenina de 3.500 habitantes. Passados 90 anos, Petrolina \u00e9 esta capital do Sert\u00e3o, esta cidade importante para onde todo Vale do S\u00e3o Francisco converge\u201d.<\/p>\n<pre data-track-category=\"Link no Texto\">Fonte: G1<\/pre>\n<\/div>\n<\/div>\n","protected":false},"excerpt":{"rendered":"<p>A catedral foi inaugurada em 1929, pelo bispo Dom Malan. O religioso dizia que &#8220;construindo a casa de Deus, tudo cresceria em volta&#8221;. <\/p>\n","protected":false},"author":1,"featured_media":5041,"comment_status":"open","ping_status":"open","sticky":false,"template":"","format":"standard","meta":{"_uag_custom_page_level_css":"","_monsterinsights_skip_tracking":false,"_monsterinsights_sitenote_active":false,"_monsterinsights_sitenote_note":"","_monsterinsights_sitenote_category":0,"jetpack_post_was_ever_published":false,"_jetpack_newsletter_access":"","_jetpack_dont_email_post_to_subs":false,"_jetpack_newsletter_tier_id":0,"_jetpack_memberships_contains_paywalled_content":false,"_jetpack_memberships_contains_paid_content":false,"footnotes":"","jetpack_publicize_message":"","jetpack_publicize_feature_enabled":true,"jetpack_social_post_already_shared":true,"jetpack_social_options":{"image_generator_settings":{"template":"highway","default_image_id":0,"font":"","enabled":false},"version":2}},"categories":[851],"tags":[1267,1268,1269],"class_list":["post-5040","post","type-post","status-publish","format-standard","has-post-thumbnail","hentry","category-petrolina","tag-catedral","tag-catolicos","tag-celebracao"],"jetpack_publicize_connections":[],"jetpack_featured_media_url":"https:\/\/blogopara.com.br\/wp-content\/uploads\/2019\/11\/varias-195-.jpg","uagb_featured_image_src":{"full":["https:\/\/blogopara.com.br\/wp-content\/uploads\/2019\/11\/varias-195-.jpg",1600,1063,false],"thumbnail":["https:\/\/blogopara.com.br\/wp-content\/uploads\/2019\/11\/varias-195--150x150.jpg",150,150,true],"medium":["https:\/\/blogopara.com.br\/wp-content\/uploads\/2019\/11\/varias-195--300x199.jpg",300,199,true],"medium_large":["https:\/\/blogopara.com.br\/wp-content\/uploads\/2019\/11\/varias-195--768x510.jpg",640,425,true],"large":["https:\/\/blogopara.com.br\/wp-content\/uploads\/2019\/11\/varias-195--1024x680.jpg",640,425,true],"1536x1536":["https:\/\/blogopara.com.br\/wp-content\/uploads\/2019\/11\/varias-195--1536x1020.jpg",1536,1020,true],"2048x2048":["https:\/\/blogopara.com.br\/wp-content\/uploads\/2019\/11\/varias-195-.jpg",1600,1063,false],"mantranews-slider-large":["https:\/\/blogopara.com.br\/wp-content\/uploads\/2019\/11\/varias-195-.jpg",1020,678,false],"mantranews-featured-medium":["https:\/\/blogopara.com.br\/wp-content\/uploads\/2019\/11\/varias-195-.jpg",420,279,false],"mantranews-featured-long":["https:\/\/blogopara.com.br\/wp-content\/uploads\/2019\/11\/varias-195-.jpg",300,199,false],"mantranews-block-medium":["https:\/\/blogopara.com.br\/wp-content\/uploads\/2019\/11\/varias-195-.jpg",437,290,false],"mantranews-carousel-image":["https:\/\/blogopara.com.br\/wp-content\/uploads\/2019\/11\/varias-195-.jpg",600,399,false],"mantranews-block-thumb":["https:\/\/blogopara.com.br\/wp-content\/uploads\/2019\/11\/varias-195-.jpg",322,214,false],"mantranews-single-large":["https:\/\/blogopara.com.br\/wp-content\/uploads\/2019\/11\/varias-195-.jpg",966,642,false]},"uagb_author_info":{"display_name":"Reda\u00e7\u00e3o geral","author_link":"https:\/\/blogopara.com.br\/index.php\/author\/blogopara"},"uagb_comment_info":0,"uagb_excerpt":"A catedral foi inaugurada em 1929, pelo bispo Dom Malan. O religioso dizia que \"construindo a casa de Deus, tudo cresceria em volta\".","jetpack_sharing_enabled":true,"jetpack_likes_enabled":true,"_links":{"self":[{"href":"https:\/\/blogopara.com.br\/index.php\/wp-json\/wp\/v2\/posts\/5040","targetHints":{"allow":["GET"]}}],"collection":[{"href":"https:\/\/blogopara.com.br\/index.php\/wp-json\/wp\/v2\/posts"}],"about":[{"href":"https:\/\/blogopara.com.br\/index.php\/wp-json\/wp\/v2\/types\/post"}],"author":[{"embeddable":true,"href":"https:\/\/blogopara.com.br\/index.php\/wp-json\/wp\/v2\/users\/1"}],"replies":[{"embeddable":true,"href":"https:\/\/blogopara.com.br\/index.php\/wp-json\/wp\/v2\/comments?post=5040"}],"version-history":[{"count":1,"href":"https:\/\/blogopara.com.br\/index.php\/wp-json\/wp\/v2\/posts\/5040\/revisions"}],"predecessor-version":[{"id":5042,"href":"https:\/\/blogopara.com.br\/index.php\/wp-json\/wp\/v2\/posts\/5040\/revisions\/5042"}],"wp:featuredmedia":[{"embeddable":true,"href":"https:\/\/blogopara.com.br\/index.php\/wp-json\/wp\/v2\/media\/5041"}],"wp:attachment":[{"href":"https:\/\/blogopara.com.br\/index.php\/wp-json\/wp\/v2\/media?parent=5040"}],"wp:term":[{"taxonomy":"category","embeddable":true,"href":"https:\/\/blogopara.com.br\/index.php\/wp-json\/wp\/v2\/categories?post=5040"},{"taxonomy":"post_tag","embeddable":true,"href":"https:\/\/blogopara.com.br\/index.php\/wp-json\/wp\/v2\/tags?post=5040"}],"curies":[{"name":"wp","href":"https:\/\/api.w.org\/{rel}","templated":true}]}}