{"id":50424,"date":"2023-03-10T16:00:00","date_gmt":"2023-03-10T19:00:00","guid":{"rendered":"https:\/\/blogopara.com.br\/?p=50424"},"modified":"2023-03-09T22:21:26","modified_gmt":"2023-03-10T01:21:26","slug":"tse-ouvira-anderson-torres-sobre-minuta-do-golpe-em-acao-que-pode-tornar-bolsonaro-inelegivel","status":"publish","type":"post","link":"https:\/\/blogopara.com.br\/index.php\/2023\/03\/10\/tse-ouvira-anderson-torres-sobre-minuta-do-golpe-em-acao-que-pode-tornar-bolsonaro-inelegivel","title":{"rendered":"TSE ouvir\u00e1 Anderson Torres sobre minuta do golpe em a\u00e7\u00e3o que pode tornar Bolsonaro ineleg\u00edvel"},"content":{"rendered":"<p style=\"text-align: justify;\">O ministro do Tribunal Superior Eleitoral (TSE) Benedito Gon\u00e7alves convocou o ex-ministro da Justi\u00e7a e ex-secret\u00e1rio de Seguran\u00e7a P\u00fablica do DF Anderson Torres para depor sobre a chamada &#8220;minuta do golpe&#8221; em uma das a\u00e7\u00f5es movidas pelo PDT que pode levar \u00e0 inelegibilidade do ex-presidente Jair Bolsonaro.<\/p>\n<p style=\"text-align: justify;\">Preso em car\u00e1ter preventivo no \u00e2mbito do processo que investiga os atos antidemocr\u00e1ticos de 8 de janeiro que resultaram na depreda\u00e7\u00e3o das sedes dos Tr\u00eas Poderes em Bras\u00edlia, Torres prestar\u00e1 depoimento por videoconfer\u00eancia no dia 16 de mar\u00e7o, para explicar a minuta de decreto encontrada em opera\u00e7\u00e3o de busca e apreens\u00e3o em sua casa.<\/p>\n<p style=\"text-align: justify;\">O texto do documento tinha como objetivo estabelecer as condi\u00e7\u00f5es para a revers\u00e3o da vit\u00f3ria eleitoral do agora presidente Luiz In\u00e1cio Lula da Silva ao instituir um Estado de Defesa na sede do TSE, indicativo de que poderia haver um golpe de Estado em curso por extremistas.<\/p>\n<p style=\"text-align: justify;\">A minuta foi inclu\u00edda em uma a\u00e7\u00e3o movida pelo PDT contra o ex-presidente Jair Bolsonaro, \u00e0 \u00e9poca candidato \u00e0 reelei\u00e7\u00e3o.<\/p>\n<p style=\"text-align: justify;\">A pe\u00e7a havia sido inicialmente apresentada pelo partido pol\u00edtico para que fosse apurada a pr\u00e1tica de abuso de poder pol\u00edtico e de uso indevido dos meios de comunica\u00e7\u00e3o, al\u00e9m de desvio de finalidade, que teriam ocorrido em reuni\u00e3o em julho de 2022 no Pal\u00e1cio da Alvorada de Bolsonaro com embaixadores em que o ent\u00e3o presidente ataca, sem provas, a integridade do processo eleitoral, do voto e das urnas eletr\u00f4nicas.<\/p>\n<p style=\"text-align: justify;\">A minuta foi anexada ao processo por decis\u00e3o de Benedito Gon\u00e7alves, que tamb\u00e9m \u00e9 corregedor-geral da Justi\u00e7a Eleitoral, e relata o caso. Depois, o plen\u00e1rio do TSE rejeitou por unanimidade recurso que pedia a retirada da &#8220;minuta do golpe&#8221; da a\u00e7\u00e3o.<\/p>\n<p style=\"text-align: justify;\">Na convoca\u00e7\u00e3o do depoimento de Torres, o ministro defende a import\u00e2ncia de o ex-ministro de Bolsonaro explicar n\u00e3o apenas a minuta, mas sua contribui\u00e7\u00e3o para a realiza\u00e7\u00e3o de uma live de Bolsonaro em julho de 2021 em que o ent\u00e3o presidente levanta suspeitas sobre o sistema eleitoral utilizando como argumento para sua alega\u00e7\u00f5es infundadas um inqu\u00e9rito sigiloso da PF que apurava invas\u00e3o hacker ao sistema do TSE em 2018. Torres participou da live.<\/p>\n<p style=\"text-align: justify;\">A mesma alega\u00e7\u00e3o propagada na transmiss\u00e3o ao vivo foi utilizada pelo presidente na reuni\u00e3o com os embaixadores.<\/p>\n<p style=\"text-align: justify;\">&#8220;Pertinente que sejam ouvidas, em ju\u00edzo, pessoas que det\u00eam inequ\u00edvoco conhecimento dos fatos em debate, a fim submeter suas vers\u00f5es ao crivo do contradit\u00f3rio, assegurada a argui\u00e7\u00e3o pelas partes e pelo Minist\u00e9rio P\u00fablico Eleitoral&#8221;, diz o ministro do TSE na decis\u00e3o.<\/p>\n<p style=\"text-align: justify;\">No caso de Torres, Gon\u00e7alves elenca que o depoimento servir\u00e1 para apurar sua &#8220;contribui\u00e7\u00e3o e participa\u00e7\u00e3o na live de 29\/07\/2021, seu eventual envolvimento na reuni\u00e3o de 18\/07\/2022 e circunst\u00e2ncias relativas ao decreto de Estado de Defesa apreendido em sua resid\u00eancia, no dia 12\/01\/2023&#8221;.<\/p>\n<p style=\"text-align: justify;\"><em>Fonte: Reuters<\/em><\/p>\n","protected":false},"excerpt":{"rendered":"<p>O ministro do Tribunal Superior Eleitoral (TSE) Benedito Gon\u00e7alves convocou o ex-ministro da Justi\u00e7a e ex-secret\u00e1rio de Seguran\u00e7a P\u00fablica do DF Anderson Torres para depor sobre a chamada &#8220;minuta do golpe&#8221; em uma das a\u00e7\u00f5es movidas pelo PDT que pode levar \u00e0 inelegibilidade do ex-presidente Jair Bolsonaro. Preso em car\u00e1ter preventivo no \u00e2mbito do processo [&hellip;]<\/p>\n","protected":false},"author":1,"featured_media":48419,"comment_status":"closed","ping_status":"open","sticky":false,"template":"","format":"standard","meta":{"_uag_custom_page_level_css":"","_monsterinsights_skip_tracking":false,"_monsterinsights_sitenote_active":false,"_monsterinsights_sitenote_note":"","_monsterinsights_sitenote_category":0,"jetpack_post_was_ever_published":false,"_jetpack_newsletter_access":"","_jetpack_dont_email_post_to_subs":false,"_jetpack_newsletter_tier_id":0,"_jetpack_memberships_contains_paywalled_content":false,"_jetpack_memberships_contains_paid_content":false,"footnotes":"","jetpack_publicize_message":"","jetpack_publicize_feature_enabled":true,"jetpack_social_post_already_shared":true,"jetpack_social_options":{"image_generator_settings":{"template":"highway","default_image_id":0,"font":"","enabled":false},"version":2}},"categories":[200,210],"tags":[10458,1324],"class_list":["post-50424","post","type-post","status-publish","format-standard","has-post-thumbnail","hentry","category-brasil","category-justica","tag-anderson-torres","tag-jair-bolsonaro"],"jetpack_publicize_connections":[],"jetpack_featured_media_url":"https:\/\/blogopara.com.br\/wp-content\/uploads\/2023\/01\/anderson_torres-e1673392566406.webp","uagb_featured_image_src":{"full":["https:\/\/blogopara.com.br\/wp-content\/uploads\/2023\/01\/anderson_torres-e1673392566406.webp",500,333,false],"thumbnail":["https:\/\/blogopara.com.br\/wp-content\/uploads\/2023\/01\/anderson_torres-150x150.webp",150,150,true],"medium":["https:\/\/blogopara.com.br\/wp-content\/uploads\/2023\/01\/anderson_torres-300x200.webp",300,200,true],"medium_large":["https:\/\/blogopara.com.br\/wp-content\/uploads\/2023\/01\/anderson_torres-768x512.webp",640,427,true],"large":["https:\/\/blogopara.com.br\/wp-content\/uploads\/2023\/01\/anderson_torres-e1673392566406.webp",500,333,false],"1536x1536":["https:\/\/blogopara.com.br\/wp-content\/uploads\/2023\/01\/anderson_torres-e1673392566406.webp",500,333,false],"2048x2048":["https:\/\/blogopara.com.br\/wp-content\/uploads\/2023\/01\/anderson_torres-e1673392566406.webp",500,333,false],"mantranews-slider-large":["https:\/\/blogopara.com.br\/wp-content\/uploads\/2023\/01\/anderson_torres-e1673392566406.webp",500,333,false],"mantranews-featured-medium":["https:\/\/blogopara.com.br\/wp-content\/uploads\/2023\/01\/anderson_torres-420x307.webp",420,307,true],"mantranews-featured-long":["https:\/\/blogopara.com.br\/wp-content\/uploads\/2023\/01\/anderson_torres-300x443.webp",300,443,true],"mantranews-block-medium":["https:\/\/blogopara.com.br\/wp-content\/uploads\/2023\/01\/anderson_torres-464x290.webp",464,290,true],"mantranews-carousel-image":["https:\/\/blogopara.com.br\/wp-content\/uploads\/2023\/01\/anderson_torres-600x500.webp",600,500,true],"mantranews-block-thumb":["https:\/\/blogopara.com.br\/wp-content\/uploads\/2023\/01\/anderson_torres-322x230.webp",322,230,true],"mantranews-single-large":["https:\/\/blogopara.com.br\/wp-content\/uploads\/2023\/01\/anderson_torres-e1673392566406.webp",500,333,false]},"uagb_author_info":{"display_name":"Reda\u00e7\u00e3o geral","author_link":"https:\/\/blogopara.com.br\/index.php\/author\/blogopara"},"uagb_comment_info":0,"uagb_excerpt":"O ministro do Tribunal Superior Eleitoral (TSE) Benedito Gon\u00e7alves convocou o ex-ministro da Justi\u00e7a e ex-secret\u00e1rio de Seguran\u00e7a P\u00fablica do DF Anderson Torres para depor sobre a chamada &#8220;minuta do golpe&#8221; em uma das a\u00e7\u00f5es movidas pelo PDT que pode levar \u00e0 inelegibilidade do ex-presidente Jair Bolsonaro. Preso em car\u00e1ter preventivo no \u00e2mbito do processo&hellip;","jetpack_sharing_enabled":true,"jetpack_likes_enabled":true,"_links":{"self":[{"href":"https:\/\/blogopara.com.br\/index.php\/wp-json\/wp\/v2\/posts\/50424","targetHints":{"allow":["GET"]}}],"collection":[{"href":"https:\/\/blogopara.com.br\/index.php\/wp-json\/wp\/v2\/posts"}],"about":[{"href":"https:\/\/blogopara.com.br\/index.php\/wp-json\/wp\/v2\/types\/post"}],"author":[{"embeddable":true,"href":"https:\/\/blogopara.com.br\/index.php\/wp-json\/wp\/v2\/users\/1"}],"replies":[{"embeddable":true,"href":"https:\/\/blogopara.com.br\/index.php\/wp-json\/wp\/v2\/comments?post=50424"}],"version-history":[{"count":1,"href":"https:\/\/blogopara.com.br\/index.php\/wp-json\/wp\/v2\/posts\/50424\/revisions"}],"predecessor-version":[{"id":50425,"href":"https:\/\/blogopara.com.br\/index.php\/wp-json\/wp\/v2\/posts\/50424\/revisions\/50425"}],"wp:featuredmedia":[{"embeddable":true,"href":"https:\/\/blogopara.com.br\/index.php\/wp-json\/wp\/v2\/media\/48419"}],"wp:attachment":[{"href":"https:\/\/blogopara.com.br\/index.php\/wp-json\/wp\/v2\/media?parent=50424"}],"wp:term":[{"taxonomy":"category","embeddable":true,"href":"https:\/\/blogopara.com.br\/index.php\/wp-json\/wp\/v2\/categories?post=50424"},{"taxonomy":"post_tag","embeddable":true,"href":"https:\/\/blogopara.com.br\/index.php\/wp-json\/wp\/v2\/tags?post=50424"}],"curies":[{"name":"wp","href":"https:\/\/api.w.org\/{rel}","templated":true}]}}