{"id":50450,"date":"2023-03-11T09:00:00","date_gmt":"2023-03-11T12:00:00","guid":{"rendered":"https:\/\/blogopara.com.br\/?p=50450"},"modified":"2023-03-10T21:28:48","modified_gmt":"2023-03-11T00:28:48","slug":"primeira-edicao-da-travessia-das-sereias-contara-com-apoio-da-prefeitura-de-juazeiro","status":"publish","type":"post","link":"https:\/\/blogopara.com.br\/index.php\/2023\/03\/11\/primeira-edicao-da-travessia-das-sereias-contara-com-apoio-da-prefeitura-de-juazeiro","title":{"rendered":"Primeira edi\u00e7\u00e3o da Travessia das Sereias contar\u00e1 com apoio da Prefeitura de Juazeiro"},"content":{"rendered":"<p style=\"text-align: justify;\">As mulheres v\u00e3o ocupar as \u00e1guas do Rio S\u00e3o Francisco neste domingo (12), com a \u2018Travessia das Sereias\u2019. O evento, que conta com apoio da Prefeitura de Juazeiro, atrav\u00e9s da Secretaria de Cultura, Turismo e Esportes (Seculte), \u00e9 uma realiza\u00e7\u00e3o do grupo \u2018Sereias do Rio\u2019 para celebrar o Dia Internacional da Mulher, exaltando a uni\u00e3o e a for\u00e7a das nadadoras do Rio S\u00e3o Francisco.<\/p>\n<p style=\"text-align: justify;\">A largada est\u00e1 prevista para \u00e0s 7h30, do Condom\u00ednio Colina do Rio. Um percurso de 2,5 km at\u00e9 o quiosque da Arca Sport, na Orla 2 do munic\u00edpio. O evento disponibilizar\u00e1 medalha de participa\u00e7\u00e3o para as competidoras que completarem a prova e trof\u00e9us distribu\u00eddos por categoria.<\/p>\n<p style=\"text-align: justify;\">O Secret\u00e1rio de Cultura, Turismo e Esportes, S\u00e9rgio Fernandes, falou sobre o apoio \u00e0 competi\u00e7\u00e3o. \u201cEnquanto gest\u00e3o municipal, nosso papel \u00e9 fomentar atividades que incentivem a pr\u00e1tica esportiva, porque esporte \u00e9 sa\u00fade. Al\u00e9m disso, esse tipo de iniciativa tamb\u00e9m contribui para refor\u00e7ar a voca\u00e7\u00e3o para os esportes aqu\u00e1ticos\u201d, disse o gestor.<\/p>\n<p style=\"text-align: justify;\"><em>Fonte: Ascom\/Seculte\/PMJ<\/em><\/p>\n","protected":false},"excerpt":{"rendered":"<p>As mulheres v\u00e3o ocupar as \u00e1guas do Rio S\u00e3o Francisco neste domingo (12), com a \u2018Travessia das Sereias\u2019. O evento, que conta com apoio da Prefeitura de Juazeiro, atrav\u00e9s da Secretaria de Cultura, Turismo e Esportes (Seculte), \u00e9 uma realiza\u00e7\u00e3o do grupo \u2018Sereias do Rio\u2019 para celebrar o Dia Internacional da Mulher, exaltando a uni\u00e3o [&hellip;]<\/p>\n","protected":false},"author":1,"featured_media":50445,"comment_status":"closed","ping_status":"open","sticky":false,"template":"","format":"standard","meta":{"_uag_custom_page_level_css":"","_monsterinsights_skip_tracking":false,"_monsterinsights_sitenote_active":false,"_monsterinsights_sitenote_note":"","_monsterinsights_sitenote_category":0,"jetpack_post_was_ever_published":false,"_jetpack_newsletter_access":"","_jetpack_dont_email_post_to_subs":false,"_jetpack_newsletter_tier_id":0,"_jetpack_memberships_contains_paywalled_content":false,"_jetpack_memberships_contains_paid_content":false,"footnotes":"","jetpack_publicize_message":"","jetpack_publicize_feature_enabled":true,"jetpack_social_post_already_shared":true,"jetpack_social_options":{"image_generator_settings":{"template":"highway","default_image_id":0,"font":"","enabled":false},"version":2}},"categories":[1784,203],"tags":[340,10763],"class_list":["post-50450","post","type-post","status-publish","format-standard","has-post-thumbnail","hentry","category-cultura-2","category-juazeiro","tag-prefeitura-de-juazeiro","tag-travessia-das-sereias"],"jetpack_publicize_connections":[],"jetpack_featured_media_url":"https:\/\/blogopara.com.br\/wp-content\/uploads\/2023\/03\/WhatsApp-Image-2023-03-10-at-11.52.34.jpeg","uagb_featured_image_src":{"full":["https:\/\/blogopara.com.br\/wp-content\/uploads\/2023\/03\/WhatsApp-Image-2023-03-10-at-11.52.34.jpeg",500,500,false],"thumbnail":["https:\/\/blogopara.com.br\/wp-content\/uploads\/2023\/03\/WhatsApp-Image-2023-03-10-at-11.52.34-150x150.jpeg",150,150,true],"medium":["https:\/\/blogopara.com.br\/wp-content\/uploads\/2023\/03\/WhatsApp-Image-2023-03-10-at-11.52.34-300x300.jpeg",300,300,true],"medium_large":["https:\/\/blogopara.com.br\/wp-content\/uploads\/2023\/03\/WhatsApp-Image-2023-03-10-at-11.52.34.jpeg",500,500,false],"large":["https:\/\/blogopara.com.br\/wp-content\/uploads\/2023\/03\/WhatsApp-Image-2023-03-10-at-11.52.34.jpeg",500,500,false],"1536x1536":["https:\/\/blogopara.com.br\/wp-content\/uploads\/2023\/03\/WhatsApp-Image-2023-03-10-at-11.52.34.jpeg",500,500,false],"2048x2048":["https:\/\/blogopara.com.br\/wp-content\/uploads\/2023\/03\/WhatsApp-Image-2023-03-10-at-11.52.34.jpeg",500,500,false],"mantranews-slider-large":["https:\/\/blogopara.com.br\/wp-content\/uploads\/2023\/03\/WhatsApp-Image-2023-03-10-at-11.52.34.jpeg",500,500,false],"mantranews-featured-medium":["https:\/\/blogopara.com.br\/wp-content\/uploads\/2023\/03\/WhatsApp-Image-2023-03-10-at-11.52.34-420x307.jpeg",420,307,true],"mantranews-featured-long":["https:\/\/blogopara.com.br\/wp-content\/uploads\/2023\/03\/WhatsApp-Image-2023-03-10-at-11.52.34-300x443.jpeg",300,443,true],"mantranews-block-medium":["https:\/\/blogopara.com.br\/wp-content\/uploads\/2023\/03\/WhatsApp-Image-2023-03-10-at-11.52.34-464x290.jpeg",464,290,true],"mantranews-carousel-image":["https:\/\/blogopara.com.br\/wp-content\/uploads\/2023\/03\/WhatsApp-Image-2023-03-10-at-11.52.34.jpeg",500,500,false],"mantranews-block-thumb":["https:\/\/blogopara.com.br\/wp-content\/uploads\/2023\/03\/WhatsApp-Image-2023-03-10-at-11.52.34-322x230.jpeg",322,230,true],"mantranews-single-large":["https:\/\/blogopara.com.br\/wp-content\/uploads\/2023\/03\/WhatsApp-Image-2023-03-10-at-11.52.34.jpeg",500,500,false]},"uagb_author_info":{"display_name":"Reda\u00e7\u00e3o geral","author_link":"https:\/\/blogopara.com.br\/index.php\/author\/blogopara"},"uagb_comment_info":0,"uagb_excerpt":"As mulheres v\u00e3o ocupar as \u00e1guas do Rio S\u00e3o Francisco neste domingo (12), com a \u2018Travessia das Sereias\u2019. O evento, que conta com apoio da Prefeitura de Juazeiro, atrav\u00e9s da Secretaria de Cultura, Turismo e Esportes (Seculte), \u00e9 uma realiza\u00e7\u00e3o do grupo \u2018Sereias do Rio\u2019 para celebrar o Dia Internacional da Mulher, exaltando a uni\u00e3o&hellip;","jetpack_sharing_enabled":true,"jetpack_likes_enabled":true,"_links":{"self":[{"href":"https:\/\/blogopara.com.br\/index.php\/wp-json\/wp\/v2\/posts\/50450","targetHints":{"allow":["GET"]}}],"collection":[{"href":"https:\/\/blogopara.com.br\/index.php\/wp-json\/wp\/v2\/posts"}],"about":[{"href":"https:\/\/blogopara.com.br\/index.php\/wp-json\/wp\/v2\/types\/post"}],"author":[{"embeddable":true,"href":"https:\/\/blogopara.com.br\/index.php\/wp-json\/wp\/v2\/users\/1"}],"replies":[{"embeddable":true,"href":"https:\/\/blogopara.com.br\/index.php\/wp-json\/wp\/v2\/comments?post=50450"}],"version-history":[{"count":1,"href":"https:\/\/blogopara.com.br\/index.php\/wp-json\/wp\/v2\/posts\/50450\/revisions"}],"predecessor-version":[{"id":50451,"href":"https:\/\/blogopara.com.br\/index.php\/wp-json\/wp\/v2\/posts\/50450\/revisions\/50451"}],"wp:featuredmedia":[{"embeddable":true,"href":"https:\/\/blogopara.com.br\/index.php\/wp-json\/wp\/v2\/media\/50445"}],"wp:attachment":[{"href":"https:\/\/blogopara.com.br\/index.php\/wp-json\/wp\/v2\/media?parent=50450"}],"wp:term":[{"taxonomy":"category","embeddable":true,"href":"https:\/\/blogopara.com.br\/index.php\/wp-json\/wp\/v2\/categories?post=50450"},{"taxonomy":"post_tag","embeddable":true,"href":"https:\/\/blogopara.com.br\/index.php\/wp-json\/wp\/v2\/tags?post=50450"}],"curies":[{"name":"wp","href":"https:\/\/api.w.org\/{rel}","templated":true}]}}