{"id":50505,"date":"2023-03-13T13:00:00","date_gmt":"2023-03-13T16:00:00","guid":{"rendered":"https:\/\/blogopara.com.br\/?p=50505"},"modified":"2023-03-13T00:10:16","modified_gmt":"2023-03-13T03:10:16","slug":"governo-lula-quer-mediar-conflitos-e-acelerar-reforma-agraria-diz-ministro","status":"publish","type":"post","link":"https:\/\/blogopara.com.br\/index.php\/2023\/03\/13\/governo-lula-quer-mediar-conflitos-e-acelerar-reforma-agraria-diz-ministro","title":{"rendered":"Governo Lula quer mediar conflitos e acelerar reforma agr\u00e1ria, diz ministro"},"content":{"rendered":"<p style=\"text-align: justify;\">O ministro do Desenvolvimento Agr\u00e1rio, Paulo Teixeira, afirmou que o governo n\u00e3o vai admitir ocupa\u00e7\u00f5es de terra fora da lei. \u00c0s v\u00e9speras do \u201cAbril Vermelho\u201d, quando o Movimento dos Sem Terra (MST) lembrar\u00e1 o 27.\u00ba ano do massacre de Eldorado do Caraj\u00e1s (PA), Teixeira destacou que sua prioridade no cargo ser\u00e1 mediar conflitos e acelerar a reforma agr\u00e1ria.<\/p>\n<p style=\"text-align: justify;\">\u201cProtestos fora da lei n\u00e3o ter\u00e3o apoio do governo\u201d, disse ele ao Estad\u00e3o. \u201cQuando os movimentos souberem de alguma terra improdutiva, basta indic\u00e1-la para o Incra.\u201d<\/p>\n<p style=\"text-align: justify;\">A equipe econ\u00f4mica avalia uma proposta para que devedores da Uni\u00e3o paguem parte de suas d\u00edvidas em terras. A ideia \u00e9 que essas propriedades sejam destinadas \u00e0 reforma agr\u00e1ria. A sugest\u00e3o ser\u00e1 oferecida \u00e0 Suzano Celulose, que teve tr\u00eas fazendas invadidas pelo MST, no sul da Bahia, caso a empresa tenha d\u00e9bitos com a Uni\u00e3o. O MST deixou as \u00e1reas na ter\u00e7a-feira.<\/p>\n<p style=\"text-align: justify;\"><em>Fonte: Blog do Waldiney Passos<\/em><\/p>\n","protected":false},"excerpt":{"rendered":"<p>O ministro do Desenvolvimento Agr\u00e1rio, Paulo Teixeira, afirmou que o governo n\u00e3o vai admitir ocupa\u00e7\u00f5es de terra fora da lei. \u00c0s v\u00e9speras do \u201cAbril Vermelho\u201d, quando o Movimento dos Sem Terra (MST) lembrar\u00e1 o 27.\u00ba ano do massacre de Eldorado do Caraj\u00e1s (PA), Teixeira destacou que sua prioridade no cargo ser\u00e1 mediar conflitos e acelerar [&hellip;]<\/p>\n","protected":false},"author":1,"featured_media":50491,"comment_status":"closed","ping_status":"open","sticky":false,"template":"","format":"standard","meta":{"_uag_custom_page_level_css":"","_monsterinsights_skip_tracking":false,"_monsterinsights_sitenote_active":false,"_monsterinsights_sitenote_note":"","_monsterinsights_sitenote_category":0,"jetpack_post_was_ever_published":false,"_jetpack_newsletter_access":"","_jetpack_dont_email_post_to_subs":false,"_jetpack_newsletter_tier_id":0,"_jetpack_memberships_contains_paywalled_content":false,"_jetpack_memberships_contains_paid_content":false,"footnotes":"","jetpack_publicize_message":"","jetpack_publicize_feature_enabled":true,"jetpack_social_post_already_shared":true,"jetpack_social_options":{"image_generator_settings":{"template":"highway","default_image_id":0,"font":"","enabled":false},"version":2}},"categories":[200,197],"tags":[],"class_list":["post-50505","post","type-post","status-publish","format-standard","has-post-thumbnail","hentry","category-brasil","category-politica"],"jetpack_publicize_connections":[],"jetpack_featured_media_url":"https:\/\/blogopara.com.br\/wp-content\/uploads\/2023\/03\/WhatsApp-Image-2023-03-12-at-23.38.37.jpeg","uagb_featured_image_src":{"full":["https:\/\/blogopara.com.br\/wp-content\/uploads\/2023\/03\/WhatsApp-Image-2023-03-12-at-23.38.37.jpeg",500,281,false],"thumbnail":["https:\/\/blogopara.com.br\/wp-content\/uploads\/2023\/03\/WhatsApp-Image-2023-03-12-at-23.38.37-150x150.jpeg",150,150,true],"medium":["https:\/\/blogopara.com.br\/wp-content\/uploads\/2023\/03\/WhatsApp-Image-2023-03-12-at-23.38.37-300x169.jpeg",300,169,true],"medium_large":["https:\/\/blogopara.com.br\/wp-content\/uploads\/2023\/03\/WhatsApp-Image-2023-03-12-at-23.38.37.jpeg",500,281,false],"large":["https:\/\/blogopara.com.br\/wp-content\/uploads\/2023\/03\/WhatsApp-Image-2023-03-12-at-23.38.37.jpeg",500,281,false],"1536x1536":["https:\/\/blogopara.com.br\/wp-content\/uploads\/2023\/03\/WhatsApp-Image-2023-03-12-at-23.38.37.jpeg",500,281,false],"2048x2048":["https:\/\/blogopara.com.br\/wp-content\/uploads\/2023\/03\/WhatsApp-Image-2023-03-12-at-23.38.37.jpeg",500,281,false],"mantranews-slider-large":["https:\/\/blogopara.com.br\/wp-content\/uploads\/2023\/03\/WhatsApp-Image-2023-03-12-at-23.38.37.jpeg",500,281,false],"mantranews-featured-medium":["https:\/\/blogopara.com.br\/wp-content\/uploads\/2023\/03\/WhatsApp-Image-2023-03-12-at-23.38.37-420x281.jpeg",420,281,true],"mantranews-featured-long":["https:\/\/blogopara.com.br\/wp-content\/uploads\/2023\/03\/WhatsApp-Image-2023-03-12-at-23.38.37-300x281.jpeg",300,281,true],"mantranews-block-medium":["https:\/\/blogopara.com.br\/wp-content\/uploads\/2023\/03\/WhatsApp-Image-2023-03-12-at-23.38.37-464x281.jpeg",464,281,true],"mantranews-carousel-image":["https:\/\/blogopara.com.br\/wp-content\/uploads\/2023\/03\/WhatsApp-Image-2023-03-12-at-23.38.37.jpeg",500,281,false],"mantranews-block-thumb":["https:\/\/blogopara.com.br\/wp-content\/uploads\/2023\/03\/WhatsApp-Image-2023-03-12-at-23.38.37-322x230.jpeg",322,230,true],"mantranews-single-large":["https:\/\/blogopara.com.br\/wp-content\/uploads\/2023\/03\/WhatsApp-Image-2023-03-12-at-23.38.37.jpeg",500,281,false]},"uagb_author_info":{"display_name":"Reda\u00e7\u00e3o geral","author_link":"https:\/\/blogopara.com.br\/index.php\/author\/blogopara"},"uagb_comment_info":0,"uagb_excerpt":"O ministro do Desenvolvimento Agr\u00e1rio, Paulo Teixeira, afirmou que o governo n\u00e3o vai admitir ocupa\u00e7\u00f5es de terra fora da lei. \u00c0s v\u00e9speras do \u201cAbril Vermelho\u201d, quando o Movimento dos Sem Terra (MST) lembrar\u00e1 o 27.\u00ba ano do massacre de Eldorado do Caraj\u00e1s (PA), Teixeira destacou que sua prioridade no cargo ser\u00e1 mediar conflitos e acelerar&hellip;","jetpack_sharing_enabled":true,"jetpack_likes_enabled":true,"_links":{"self":[{"href":"https:\/\/blogopara.com.br\/index.php\/wp-json\/wp\/v2\/posts\/50505","targetHints":{"allow":["GET"]}}],"collection":[{"href":"https:\/\/blogopara.com.br\/index.php\/wp-json\/wp\/v2\/posts"}],"about":[{"href":"https:\/\/blogopara.com.br\/index.php\/wp-json\/wp\/v2\/types\/post"}],"author":[{"embeddable":true,"href":"https:\/\/blogopara.com.br\/index.php\/wp-json\/wp\/v2\/users\/1"}],"replies":[{"embeddable":true,"href":"https:\/\/blogopara.com.br\/index.php\/wp-json\/wp\/v2\/comments?post=50505"}],"version-history":[{"count":1,"href":"https:\/\/blogopara.com.br\/index.php\/wp-json\/wp\/v2\/posts\/50505\/revisions"}],"predecessor-version":[{"id":50506,"href":"https:\/\/blogopara.com.br\/index.php\/wp-json\/wp\/v2\/posts\/50505\/revisions\/50506"}],"wp:featuredmedia":[{"embeddable":true,"href":"https:\/\/blogopara.com.br\/index.php\/wp-json\/wp\/v2\/media\/50491"}],"wp:attachment":[{"href":"https:\/\/blogopara.com.br\/index.php\/wp-json\/wp\/v2\/media?parent=50505"}],"wp:term":[{"taxonomy":"category","embeddable":true,"href":"https:\/\/blogopara.com.br\/index.php\/wp-json\/wp\/v2\/categories?post=50505"},{"taxonomy":"post_tag","embeddable":true,"href":"https:\/\/blogopara.com.br\/index.php\/wp-json\/wp\/v2\/tags?post=50505"}],"curies":[{"name":"wp","href":"https:\/\/api.w.org\/{rel}","templated":true}]}}