{"id":50546,"date":"2023-03-14T16:00:00","date_gmt":"2023-03-14T19:00:00","guid":{"rendered":"https:\/\/blogopara.com.br\/?p=50546"},"modified":"2023-03-13T23:19:06","modified_gmt":"2023-03-14T02:19:06","slug":"conselho-da-previdencia-social-aprova-reducao-de-juros-para-credito-consignado","status":"publish","type":"post","link":"https:\/\/blogopara.com.br\/index.php\/2023\/03\/14\/conselho-da-previdencia-social-aprova-reducao-de-juros-para-credito-consignado","title":{"rendered":"Conselho da Previd\u00eancia Social aprova redu\u00e7\u00e3o de juros para cr\u00e9dito consignado"},"content":{"rendered":"<p style=\"text-align: justify;\">O Conselho Nacional da Previd\u00eancia Social aprovou nesta segunda-feira (13) a redu\u00e7\u00e3o da taxa de juros para o cr\u00e9dito consignado a aposentados e pensionistas.O teto dos juros que era de 2,14%, desde o ano passado, passar\u00e1 a 1,70% ao ano. A mudan\u00e7a representa uma diminui\u00e7\u00e3o de 0,44 ponto percentual.<\/p>\n<p style=\"text-align: justify;\">A redu\u00e7\u00e3o aprovada por doze votos a tr\u00eas \u00e9 ainda maior do que a proposta inicial do governo federal, que era de 1,76%, como antecipado nesta segunda-feira (13) pela CNN.<\/p>\n<p style=\"text-align: justify;\">O colegiado federal tamb\u00e9m aprovou a diminui\u00e7\u00e3o da taxa de juros do empr\u00e9stimo consignado para opera\u00e7\u00f5es com cart\u00e3o de cr\u00e9dito, que passou de 3,06% para 2,62% ao m\u00eas.<\/p>\n<p style=\"text-align: justify;\">\u201cVejo essas atuais taxas como abusivas para os benefici\u00e1rios do INSS, que s\u00e3o pessoas, em sua grande maioria, extremamente vulner\u00e1veis. Buscamos encontrar um caminho que seja o melhor para a parte mais fr\u00e1gil: o povo brasileiro\u201d, disse o ministro da Previd\u00eancia Social, Carlos Lupi.<\/p>\n<p style=\"text-align: justify;\">Hoje o sistema financeiro tem cerca de 17 milh\u00f5es de pessoas com contratos ativos de empr\u00e9stimo consignado em rela\u00e7\u00e3o ao INSS. Todos os meses s\u00e3o realizados quase um milh\u00e3o de contratos de consignados.<\/p>\n<p style=\"text-align: justify;\">Os contratos ativos totalizam mais de R$ 350 bilh\u00f5es. Os novos teto e piso dos juros, se efetivamente aprovados, valem apenas para os futuros contratos.<\/p>\n<p style=\"text-align: justify;\"><em>Fonte: CNN Brasil<\/em><\/p>\n","protected":false},"excerpt":{"rendered":"<p>O Conselho Nacional da Previd\u00eancia Social aprovou nesta segunda-feira (13) a redu\u00e7\u00e3o da taxa de juros para o cr\u00e9dito consignado a aposentados e pensionistas.O teto dos juros que era de 2,14%, desde o ano passado, passar\u00e1 a 1,70% ao ano. A mudan\u00e7a representa uma diminui\u00e7\u00e3o de 0,44 ponto percentual. A redu\u00e7\u00e3o aprovada por doze votos [&hellip;]<\/p>\n","protected":false},"author":1,"featured_media":24018,"comment_status":"closed","ping_status":"open","sticky":false,"template":"","format":"standard","meta":{"_uag_custom_page_level_css":"","_monsterinsights_skip_tracking":false,"_monsterinsights_sitenote_active":false,"_monsterinsights_sitenote_note":"","_monsterinsights_sitenote_category":0,"jetpack_post_was_ever_published":false,"_jetpack_newsletter_access":"","_jetpack_dont_email_post_to_subs":false,"_jetpack_newsletter_tier_id":0,"_jetpack_memberships_contains_paywalled_content":false,"_jetpack_memberships_contains_paid_content":false,"footnotes":"","jetpack_publicize_message":"","jetpack_publicize_feature_enabled":true,"jetpack_social_post_already_shared":true,"jetpack_social_options":{"image_generator_settings":{"template":"highway","default_image_id":0,"font":"","enabled":false},"version":2}},"categories":[200],"tags":[],"class_list":["post-50546","post","type-post","status-publish","format-standard","has-post-thumbnail","hentry","category-brasil"],"jetpack_publicize_connections":[],"jetpack_featured_media_url":"https:\/\/blogopara.com.br\/wp-content\/uploads\/2021\/06\/edit_previdencia_socialsantos_fc231082200890-696x416-2-e1622549776125.jpg","uagb_featured_image_src":{"full":["https:\/\/blogopara.com.br\/wp-content\/uploads\/2021\/06\/edit_previdencia_socialsantos_fc231082200890-696x416-2-e1622549776125.jpg",500,299,false],"thumbnail":["https:\/\/blogopara.com.br\/wp-content\/uploads\/2021\/06\/edit_previdencia_socialsantos_fc231082200890-696x416-2-150x150.jpg",150,150,true],"medium":["https:\/\/blogopara.com.br\/wp-content\/uploads\/2021\/06\/edit_previdencia_socialsantos_fc231082200890-696x416-2-300x179.jpg",300,179,true],"medium_large":["https:\/\/blogopara.com.br\/wp-content\/uploads\/2021\/06\/edit_previdencia_socialsantos_fc231082200890-696x416-2-e1622549776125.jpg",500,299,false],"large":["https:\/\/blogopara.com.br\/wp-content\/uploads\/2021\/06\/edit_previdencia_socialsantos_fc231082200890-696x416-2-e1622549776125.jpg",500,299,false],"1536x1536":["https:\/\/blogopara.com.br\/wp-content\/uploads\/2021\/06\/edit_previdencia_socialsantos_fc231082200890-696x416-2-e1622549776125.jpg",500,299,false],"2048x2048":["https:\/\/blogopara.com.br\/wp-content\/uploads\/2021\/06\/edit_previdencia_socialsantos_fc231082200890-696x416-2-e1622549776125.jpg",500,299,false],"mantranews-slider-large":["https:\/\/blogopara.com.br\/wp-content\/uploads\/2021\/06\/edit_previdencia_socialsantos_fc231082200890-696x416-2-e1622549776125.jpg",500,299,false],"mantranews-featured-medium":["https:\/\/blogopara.com.br\/wp-content\/uploads\/2021\/06\/edit_previdencia_socialsantos_fc231082200890-696x416-2-420x307.jpg",420,307,true],"mantranews-featured-long":["https:\/\/blogopara.com.br\/wp-content\/uploads\/2021\/06\/edit_previdencia_socialsantos_fc231082200890-696x416-2-300x416.jpg",300,416,true],"mantranews-block-medium":["https:\/\/blogopara.com.br\/wp-content\/uploads\/2021\/06\/edit_previdencia_socialsantos_fc231082200890-696x416-2-464x290.jpg",464,290,true],"mantranews-carousel-image":["https:\/\/blogopara.com.br\/wp-content\/uploads\/2021\/06\/edit_previdencia_socialsantos_fc231082200890-696x416-2-600x416.jpg",600,416,true],"mantranews-block-thumb":["https:\/\/blogopara.com.br\/wp-content\/uploads\/2021\/06\/edit_previdencia_socialsantos_fc231082200890-696x416-2-322x230.jpg",322,230,true],"mantranews-single-large":["https:\/\/blogopara.com.br\/wp-content\/uploads\/2021\/06\/edit_previdencia_socialsantos_fc231082200890-696x416-2-e1622549776125.jpg",500,299,false]},"uagb_author_info":{"display_name":"Reda\u00e7\u00e3o geral","author_link":"https:\/\/blogopara.com.br\/index.php\/author\/blogopara"},"uagb_comment_info":0,"uagb_excerpt":"O Conselho Nacional da Previd\u00eancia Social aprovou nesta segunda-feira (13) a redu\u00e7\u00e3o da taxa de juros para o cr\u00e9dito consignado a aposentados e pensionistas.O teto dos juros que era de 2,14%, desde o ano passado, passar\u00e1 a 1,70% ao ano. A mudan\u00e7a representa uma diminui\u00e7\u00e3o de 0,44 ponto percentual. A redu\u00e7\u00e3o aprovada por doze votos&hellip;","jetpack_sharing_enabled":true,"jetpack_likes_enabled":true,"_links":{"self":[{"href":"https:\/\/blogopara.com.br\/index.php\/wp-json\/wp\/v2\/posts\/50546","targetHints":{"allow":["GET"]}}],"collection":[{"href":"https:\/\/blogopara.com.br\/index.php\/wp-json\/wp\/v2\/posts"}],"about":[{"href":"https:\/\/blogopara.com.br\/index.php\/wp-json\/wp\/v2\/types\/post"}],"author":[{"embeddable":true,"href":"https:\/\/blogopara.com.br\/index.php\/wp-json\/wp\/v2\/users\/1"}],"replies":[{"embeddable":true,"href":"https:\/\/blogopara.com.br\/index.php\/wp-json\/wp\/v2\/comments?post=50546"}],"version-history":[{"count":1,"href":"https:\/\/blogopara.com.br\/index.php\/wp-json\/wp\/v2\/posts\/50546\/revisions"}],"predecessor-version":[{"id":50547,"href":"https:\/\/blogopara.com.br\/index.php\/wp-json\/wp\/v2\/posts\/50546\/revisions\/50547"}],"wp:featuredmedia":[{"embeddable":true,"href":"https:\/\/blogopara.com.br\/index.php\/wp-json\/wp\/v2\/media\/24018"}],"wp:attachment":[{"href":"https:\/\/blogopara.com.br\/index.php\/wp-json\/wp\/v2\/media?parent=50546"}],"wp:term":[{"taxonomy":"category","embeddable":true,"href":"https:\/\/blogopara.com.br\/index.php\/wp-json\/wp\/v2\/categories?post=50546"},{"taxonomy":"post_tag","embeddable":true,"href":"https:\/\/blogopara.com.br\/index.php\/wp-json\/wp\/v2\/tags?post=50546"}],"curies":[{"name":"wp","href":"https:\/\/api.w.org\/{rel}","templated":true}]}}