{"id":50629,"date":"2023-03-16T09:00:00","date_gmt":"2023-03-16T12:00:00","guid":{"rendered":"https:\/\/blogopara.com.br\/?p=50629"},"modified":"2023-03-15T21:06:29","modified_gmt":"2023-03-16T00:06:29","slug":"escola-de-idiomas-da-prefeitura-de-juazeiro-amplia-vagas-em-2023-e-inicia-aulas-em-cursos-gratuitos-de-idiomas","status":"publish","type":"post","link":"https:\/\/blogopara.com.br\/index.php\/2023\/03\/16\/escola-de-idiomas-da-prefeitura-de-juazeiro-amplia-vagas-em-2023-e-inicia-aulas-em-cursos-gratuitos-de-idiomas","title":{"rendered":"Escola de Idiomas da Prefeitura de Juazeiro amplia vagas em 2023 e inicia aulas em cursos gratuitos de idiomas"},"content":{"rendered":"<p style=\"text-align: justify;\">A Escola de Idiomas da Prefeitura de Juazeiro, uma iniciativa pioneira da gest\u00e3o Suzana Ramos, ampliou o n\u00famero de vagas para este ano, um total de 216 vagas, em cursos gratuitos de Ingl\u00eas, Espanhol e L\u00edngua Brasileira de Sinais (Libras), voltados para alunos da rede municipal, matriculados entre o 4\u00ba e 9\u00ba ano, servidores, e professores que atuam na Educa\u00e7\u00e3o municipal.<\/p>\n<p style=\"text-align: justify;\">As aulas iniciaram no dia 8 de mar\u00e7o e at\u00e9 o momento j\u00e1 foram matriculados 198 alunos. A Escola possui 18 vagas remanescentes, podendo incluir algum retardat\u00e1rio nessas duas primeiras semanas. As vagas t\u00eam hor\u00e1rios espec\u00edficos, que, se for compat\u00edvel com o interessado, \u00e9 s\u00f3 efetuar a matr\u00edcula e come\u00e7ar o curso.<\/p>\n<p style=\"text-align: justify;\">\u201cA prefeita Suzana Ramos vem investindo em diversas iniciativas para que estudantes e profissionais da rede municipal tenham acesso a novos conhecimentos, novos idiomas, e a Escola de Idiomas viabiliza tudo isso. Queremos ampliar e tamb\u00e9m fortalecer diversas oportunidades para nossos alunos, seja no campo profissional, social, mas principalmente no cultural. Contribuir positivamente para que evoluam sempre\u201d, destacou o secret\u00e1rio de Educa\u00e7\u00e3o e Juventude, Wank Medrado.<\/p>\n<h4 style=\"text-align: justify;\">Cursos<\/h4>\n<p style=\"text-align: justify;\">A Escola de Idiomas tem a miss\u00e3o de promover o ensino de l\u00ednguas estrangeiras e L\u00edngua Brasileira de Sinais (libras), com qualidade e de maneira facilitada. Os cursos t\u00eam dura\u00e7\u00e3o vari\u00e1veis de acordo com a l\u00edngua e a idade do aluno: Ingl\u00eas (4 anos), Espanhol (3 anos) e Libras (2 anos) e acontecem duas vezes na semana, com dura\u00e7\u00e3o de 1h20 de aula cada um dos dois dias.<\/p>\n<p style=\"text-align: justify;\">\u201cNosso objetivo \u00e9 justamente oportunizar para os alunos da rede p\u00fablica municipal o aprendizado de uma segunda l\u00edngua. At\u00e9 ent\u00e3o, ofertamos os cursos de ingl\u00eas, espanhol e libras. Nosso intuito \u00e9 que todos cheguem at\u00e9 o n\u00edvel intermedi\u00e1rio de flu\u00eancia, o que garantiria compreender e se expressar na l\u00edngua alvo, j\u00e1 conseguindo desempenhar in\u00fameras tarefas\u201d, finaliza o coordenador da Escola, George Cabral.<\/p>\n<p style=\"text-align: justify;\">Para as vagas remanescentes, os interessados devem comparecer \u00e0 sede da Escola de Idiomas, localizada na Pra\u00e7a da Bandeira, n\u00ba 16, no Centro da cidade, das 8h \u00e0s 19h, portando os seguintes documentos: certid\u00e3o de nascimento ou RG com foto (original e c\u00f3pia); original do RG e CPF do respons\u00e1vel legal; declara\u00e7\u00e3o de v\u00ednculo da escola municipal ou comprovante de matr\u00edcula (original e c\u00f3pia); comprovante de resid\u00eancia (original e c\u00f3pia); documento comprobat\u00f3rio para Atendimento Educacional Especializado (AEE), no caso de alunos com defici\u00eancia; e duas fotos 3\u00d74. No caso dos servidores, podem ser apresentados a declara\u00e7\u00e3o da escola ou o contracheque.<\/p>\n<p style=\"text-align: justify;\"><em>Fonte: Ascom\/Seduc\/PMJ<\/em><\/p>\n","protected":false},"excerpt":{"rendered":"<p>A Escola de Idiomas da Prefeitura de Juazeiro, uma iniciativa pioneira da gest\u00e3o Suzana Ramos, ampliou o n\u00famero de vagas para este ano, um total de 216 vagas, em cursos gratuitos de Ingl\u00eas, Espanhol e L\u00edngua Brasileira de Sinais (Libras), voltados para alunos da rede municipal, matriculados entre o 4\u00ba e 9\u00ba ano, servidores, e [&hellip;]<\/p>\n","protected":false},"author":1,"featured_media":50611,"comment_status":"closed","ping_status":"open","sticky":false,"template":"","format":"standard","meta":{"_uag_custom_page_level_css":"","_monsterinsights_skip_tracking":false,"_monsterinsights_sitenote_active":false,"_monsterinsights_sitenote_note":"","_monsterinsights_sitenote_category":0,"jetpack_post_was_ever_published":false,"_jetpack_newsletter_access":"","_jetpack_dont_email_post_to_subs":false,"_jetpack_newsletter_tier_id":0,"_jetpack_memberships_contains_paywalled_content":false,"_jetpack_memberships_contains_paid_content":false,"footnotes":"","jetpack_publicize_message":"","jetpack_publicize_feature_enabled":true,"jetpack_social_post_already_shared":true,"jetpack_social_options":{"image_generator_settings":{"template":"highway","default_image_id":0,"font":"","enabled":false},"version":2}},"categories":[209,203],"tags":[10777,143,340],"class_list":["post-50629","post","type-post","status-publish","format-standard","has-post-thumbnail","hentry","category-educacao","category-juazeiro","tag-escola-de-idiomas","tag-juazeiro-da-bahia","tag-prefeitura-de-juazeiro"],"jetpack_publicize_connections":[],"jetpack_featured_media_url":"https:\/\/blogopara.com.br\/wp-content\/uploads\/2023\/03\/WhatsApp-Image-2023-03-15-at-15.23.41.jpeg","uagb_featured_image_src":{"full":["https:\/\/blogopara.com.br\/wp-content\/uploads\/2023\/03\/WhatsApp-Image-2023-03-15-at-15.23.41.jpeg",500,334,false],"thumbnail":["https:\/\/blogopara.com.br\/wp-content\/uploads\/2023\/03\/WhatsApp-Image-2023-03-15-at-15.23.41-150x150.jpeg",150,150,true],"medium":["https:\/\/blogopara.com.br\/wp-content\/uploads\/2023\/03\/WhatsApp-Image-2023-03-15-at-15.23.41-300x200.jpeg",300,200,true],"medium_large":["https:\/\/blogopara.com.br\/wp-content\/uploads\/2023\/03\/WhatsApp-Image-2023-03-15-at-15.23.41.jpeg",500,334,false],"large":["https:\/\/blogopara.com.br\/wp-content\/uploads\/2023\/03\/WhatsApp-Image-2023-03-15-at-15.23.41.jpeg",500,334,false],"1536x1536":["https:\/\/blogopara.com.br\/wp-content\/uploads\/2023\/03\/WhatsApp-Image-2023-03-15-at-15.23.41.jpeg",500,334,false],"2048x2048":["https:\/\/blogopara.com.br\/wp-content\/uploads\/2023\/03\/WhatsApp-Image-2023-03-15-at-15.23.41.jpeg",500,334,false],"mantranews-slider-large":["https:\/\/blogopara.com.br\/wp-content\/uploads\/2023\/03\/WhatsApp-Image-2023-03-15-at-15.23.41.jpeg",500,334,false],"mantranews-featured-medium":["https:\/\/blogopara.com.br\/wp-content\/uploads\/2023\/03\/WhatsApp-Image-2023-03-15-at-15.23.41-420x307.jpeg",420,307,true],"mantranews-featured-long":["https:\/\/blogopara.com.br\/wp-content\/uploads\/2023\/03\/WhatsApp-Image-2023-03-15-at-15.23.41-300x334.jpeg",300,334,true],"mantranews-block-medium":["https:\/\/blogopara.com.br\/wp-content\/uploads\/2023\/03\/WhatsApp-Image-2023-03-15-at-15.23.41-464x290.jpeg",464,290,true],"mantranews-carousel-image":["https:\/\/blogopara.com.br\/wp-content\/uploads\/2023\/03\/WhatsApp-Image-2023-03-15-at-15.23.41.jpeg",500,334,false],"mantranews-block-thumb":["https:\/\/blogopara.com.br\/wp-content\/uploads\/2023\/03\/WhatsApp-Image-2023-03-15-at-15.23.41-322x230.jpeg",322,230,true],"mantranews-single-large":["https:\/\/blogopara.com.br\/wp-content\/uploads\/2023\/03\/WhatsApp-Image-2023-03-15-at-15.23.41.jpeg",500,334,false]},"uagb_author_info":{"display_name":"Reda\u00e7\u00e3o geral","author_link":"https:\/\/blogopara.com.br\/index.php\/author\/blogopara"},"uagb_comment_info":0,"uagb_excerpt":"A Escola de Idiomas da Prefeitura de Juazeiro, uma iniciativa pioneira da gest\u00e3o Suzana Ramos, ampliou o n\u00famero de vagas para este ano, um total de 216 vagas, em cursos gratuitos de Ingl\u00eas, Espanhol e L\u00edngua Brasileira de Sinais (Libras), voltados para alunos da rede municipal, matriculados entre o 4\u00ba e 9\u00ba ano, servidores, e&hellip;","jetpack_sharing_enabled":true,"jetpack_likes_enabled":true,"_links":{"self":[{"href":"https:\/\/blogopara.com.br\/index.php\/wp-json\/wp\/v2\/posts\/50629","targetHints":{"allow":["GET"]}}],"collection":[{"href":"https:\/\/blogopara.com.br\/index.php\/wp-json\/wp\/v2\/posts"}],"about":[{"href":"https:\/\/blogopara.com.br\/index.php\/wp-json\/wp\/v2\/types\/post"}],"author":[{"embeddable":true,"href":"https:\/\/blogopara.com.br\/index.php\/wp-json\/wp\/v2\/users\/1"}],"replies":[{"embeddable":true,"href":"https:\/\/blogopara.com.br\/index.php\/wp-json\/wp\/v2\/comments?post=50629"}],"version-history":[{"count":1,"href":"https:\/\/blogopara.com.br\/index.php\/wp-json\/wp\/v2\/posts\/50629\/revisions"}],"predecessor-version":[{"id":50630,"href":"https:\/\/blogopara.com.br\/index.php\/wp-json\/wp\/v2\/posts\/50629\/revisions\/50630"}],"wp:featuredmedia":[{"embeddable":true,"href":"https:\/\/blogopara.com.br\/index.php\/wp-json\/wp\/v2\/media\/50611"}],"wp:attachment":[{"href":"https:\/\/blogopara.com.br\/index.php\/wp-json\/wp\/v2\/media?parent=50629"}],"wp:term":[{"taxonomy":"category","embeddable":true,"href":"https:\/\/blogopara.com.br\/index.php\/wp-json\/wp\/v2\/categories?post=50629"},{"taxonomy":"post_tag","embeddable":true,"href":"https:\/\/blogopara.com.br\/index.php\/wp-json\/wp\/v2\/tags?post=50629"}],"curies":[{"name":"wp","href":"https:\/\/api.w.org\/{rel}","templated":true}]}}