{"id":50720,"date":"2023-03-20T12:00:00","date_gmt":"2023-03-20T15:00:00","guid":{"rendered":"https:\/\/blogopara.com.br\/?p=50720"},"modified":"2023-03-19T23:26:00","modified_gmt":"2023-03-20T02:26:00","slug":"homem-e-preso-suspeito-de-furtar-mais-de-r-8-mil-em-produtos-de-supermercado-em-juazeiro","status":"publish","type":"post","link":"https:\/\/blogopara.com.br\/index.php\/2023\/03\/20\/homem-e-preso-suspeito-de-furtar-mais-de-r-8-mil-em-produtos-de-supermercado-em-juazeiro","title":{"rendered":"Homem \u00e9 preso suspeito de furtar mais de R$ 8 mil em produtos de supermercado em Juazeiro"},"content":{"rendered":"<div id=\"chunk-d8104\">\n<div class=\"mc-column content-text active-extra-styles \" data-block-type=\"unstyled\" data-block-weight=\"25\" data-block-id=\"3\">\n<p class=\"content-text__container \" style=\"text-align: justify;\" data-track-category=\"Link no Texto\" data-track-links=\"\">Um homem foi preso suspeito de furtar cerca de R$ 8,5 mil em produtos de um supermercado de\u00a0Juazeiro, na regi\u00e3o norte da Bahia.<\/p>\n<\/div>\n<\/div>\n<div class=\"wall protected-content\">\n<div id=\"chunk-2kn9p\" style=\"text-align: justify;\">\n<div class=\"mc-column content-text active-extra-styles \" data-block-type=\"unstyled\" data-block-weight=\"38\" data-block-id=\"4\">\n<p class=\"content-text__container \" data-track-category=\"Link no Texto\" data-track-links=\"\">Policiais militares da 73\u00aa Companhia Independente da PM realizaram a pris\u00e3o na quinta-feira (16). Segundo a Secretaria de Seguran\u00e7a P\u00fablica, foi expedida uma ordem de pris\u00e3o preventiva a pedido da Delegacia de Repress\u00e3o a Furtos e Roubos (DRFR).<\/p>\n<\/div>\n<\/div>\n<div id=\"chunk-dm3ov\" style=\"text-align: justify;\">\n<div class=\"mc-column content-text active-extra-styles \" data-block-type=\"unstyled\" data-block-weight=\"37\" data-block-id=\"5\">\n<p class=\"content-text__container \" data-track-category=\"Link no Texto\" data-track-links=\"\">De acordo com a major Ivana Almeida, comandante da unidade militar, as equipes foram informadas por funcion\u00e1rios do estabelecimento, localizado no bairro de Jardim Vit\u00f3ria, pr\u00f3ximo ao Centro da cidade, que um trio estava furtando o mercado.<\/p>\n<\/div>\n<\/div>\n<div id=\"chunk-3uqnk\" style=\"text-align: justify;\">\n<div class=\"content-ads content-ads--reveal\" data-block-type=\"ads\" data-block-id=\"6\">\n<div id=\"banner_materia2\" class=\"tag-manager-publicidade-container mc-has-reveal mc-has-ad-lazyload tag-manager-publicidade-banner_materia2 tag-manager-publicidade-container--carregado tag-manager-publicidade-container--visivel\" data-id=\"banner_materia2\" data-google-query-id=\"COL0g6256f0CFepMuAQdziAKbA\">\n<div id=\"google_ads_iframe_\/95377733\/tvg_G1\/Sua_Regiao&gt;Nordeste&gt;Bahia_3__container__\" style=\"box-sizing: inherit; margin: auto; padding: 0px; border: 0pt none; font: inherit; vertical-align: initial; max-width: 100%; text-align: center; width: 970px; height: 90px;\"><iframe loading=\"lazy\" id=\"google_ads_iframe_\/95377733\/tvg_G1\/Sua_Regiao&gt;Nordeste&gt;Bahia_3\" style=\"box-sizing: inherit; margin: 0px; padding: 0px; border: 0px; font: inherit; vertical-align: bottom;\" tabindex=\"0\" title=\"3rd party ad content\" role=\"region\" src=\"https:\/\/7784da4ad03cbb62fb6ddbe0f48bf93e.safeframe.googlesyndication.com\/safeframe\/1-0-40\/html\/container.html\" name=\"\" width=\"970\" height=\"90\" frameborder=\"0\" marginwidth=\"0\" marginheight=\"0\" scrolling=\"no\" sandbox=\"allow-forms allow-popups allow-popups-to-escape-sandbox allow-same-origin allow-scripts allow-top-navigation-by-user-activation\" data-is-safeframe=\"true\" aria-label=\"Advertisement\" data-google-container-id=\"5\" data-load-complete=\"true\" data-mce-fragment=\"1\"><\/iframe><\/div>\n<\/div>\n<\/div>\n<\/div>\n<div id=\"chunk-dehl1\" style=\"text-align: justify;\">\n<div class=\"mc-column content-text active-extra-styles \" data-block-type=\"unstyled\" data-block-weight=\"18\" data-block-id=\"7\">\n<p class=\"content-text__container \" data-track-category=\"Link no Texto\" data-track-links=\"\">\u201cOs tr\u00eas furtaram diversos produtos. Pegamos um deles em uma rua pr\u00f3xima ao supermercado\u201d, contou a oficial.<\/p>\n<\/div>\n<\/div>\n<div id=\"chunk-b6ec5\">\n<div class=\"mc-column content-text active-extra-styles \" data-block-type=\"unstyled\" data-block-weight=\"51\" data-block-id=\"8\">\n<p class=\"content-text__container \" style=\"text-align: justify;\" data-track-category=\"Link no Texto\" data-track-links=\"\">Ainda de acordo com a militar, os suspeitos levaram 21 caixas de creme de avel\u00e3 com cacau e leite, 16 caixas de creme dental, 11 shampoos, nove desodorantes, nove l\u00e2minas de barbear, entre outros itens. O preso e os materiais foram apresentados na DRFR. O homem foi autuado por furto.<\/p>\n<p style=\"text-align: justify;\" data-track-category=\"Link no Texto\" data-track-links=\"\"><em>Fonte: g1 Bahia<\/em><\/p>\n<\/div>\n<\/div>\n<\/div>\n","protected":false},"excerpt":{"rendered":"<p>Um homem foi preso suspeito de furtar cerca de R$ 8,5 mil em produtos de um supermercado de\u00a0Juazeiro, na regi\u00e3o norte da Bahia. Policiais militares da 73\u00aa Companhia Independente da PM realizaram a pris\u00e3o na quinta-feira (16). Segundo a Secretaria de Seguran\u00e7a P\u00fablica, foi expedida uma ordem de pris\u00e3o preventiva a pedido da Delegacia de [&hellip;]<\/p>\n","protected":false},"author":1,"featured_media":50721,"comment_status":"closed","ping_status":"open","sticky":false,"template":"","format":"standard","meta":{"_uag_custom_page_level_css":"","_monsterinsights_skip_tracking":false,"_monsterinsights_sitenote_active":false,"_monsterinsights_sitenote_note":"","_monsterinsights_sitenote_category":0,"jetpack_post_was_ever_published":false,"_jetpack_newsletter_access":"","_jetpack_dont_email_post_to_subs":false,"_jetpack_newsletter_tier_id":0,"_jetpack_memberships_contains_paywalled_content":false,"_jetpack_memberships_contains_paid_content":false,"footnotes":"","jetpack_publicize_message":"","jetpack_publicize_feature_enabled":true,"jetpack_social_post_already_shared":true,"jetpack_social_options":{"image_generator_settings":{"template":"highway","default_image_id":0,"font":"","enabled":false},"version":2}},"categories":[203,202],"tags":[143,917],"class_list":["post-50720","post","type-post","status-publish","format-standard","has-post-thumbnail","hentry","category-juazeiro","category-policia","tag-juazeiro-da-bahia","tag-policia-militar-2"],"jetpack_publicize_connections":[],"jetpack_featured_media_url":"https:\/\/blogopara.com.br\/wp-content\/uploads\/2023\/03\/Captura-de-tela-2023-03-19-232428-1-e1679279152717.jpg","uagb_featured_image_src":{"full":["https:\/\/blogopara.com.br\/wp-content\/uploads\/2023\/03\/Captura-de-tela-2023-03-19-232428-1-e1679279152717.jpg",500,332,false],"thumbnail":["https:\/\/blogopara.com.br\/wp-content\/uploads\/2023\/03\/Captura-de-tela-2023-03-19-232428-1-e1679279152717-150x150.jpg",150,150,true],"medium":["https:\/\/blogopara.com.br\/wp-content\/uploads\/2023\/03\/Captura-de-tela-2023-03-19-232428-1-e1679279152717-300x199.jpg",300,199,true],"medium_large":["https:\/\/blogopara.com.br\/wp-content\/uploads\/2023\/03\/Captura-de-tela-2023-03-19-232428-1-e1679279152717.jpg",500,332,false],"large":["https:\/\/blogopara.com.br\/wp-content\/uploads\/2023\/03\/Captura-de-tela-2023-03-19-232428-1-e1679279152717.jpg",500,332,false],"1536x1536":["https:\/\/blogopara.com.br\/wp-content\/uploads\/2023\/03\/Captura-de-tela-2023-03-19-232428-1-e1679279152717.jpg",500,332,false],"2048x2048":["https:\/\/blogopara.com.br\/wp-content\/uploads\/2023\/03\/Captura-de-tela-2023-03-19-232428-1-e1679279152717.jpg",500,332,false],"mantranews-slider-large":["https:\/\/blogopara.com.br\/wp-content\/uploads\/2023\/03\/Captura-de-tela-2023-03-19-232428-1-e1679279152717.jpg",500,332,false],"mantranews-featured-medium":["https:\/\/blogopara.com.br\/wp-content\/uploads\/2023\/03\/Captura-de-tela-2023-03-19-232428-1-e1679279152717-420x307.jpg",420,307,true],"mantranews-featured-long":["https:\/\/blogopara.com.br\/wp-content\/uploads\/2023\/03\/Captura-de-tela-2023-03-19-232428-1-e1679279152717-300x332.jpg",300,332,true],"mantranews-block-medium":["https:\/\/blogopara.com.br\/wp-content\/uploads\/2023\/03\/Captura-de-tela-2023-03-19-232428-1-e1679279152717-464x290.jpg",464,290,true],"mantranews-carousel-image":["https:\/\/blogopara.com.br\/wp-content\/uploads\/2023\/03\/Captura-de-tela-2023-03-19-232428-1-e1679279152717.jpg",500,332,false],"mantranews-block-thumb":["https:\/\/blogopara.com.br\/wp-content\/uploads\/2023\/03\/Captura-de-tela-2023-03-19-232428-1-e1679279152717-322x230.jpg",322,230,true],"mantranews-single-large":["https:\/\/blogopara.com.br\/wp-content\/uploads\/2023\/03\/Captura-de-tela-2023-03-19-232428-1-e1679279152717.jpg",500,332,false]},"uagb_author_info":{"display_name":"Reda\u00e7\u00e3o geral","author_link":"https:\/\/blogopara.com.br\/index.php\/author\/blogopara"},"uagb_comment_info":0,"uagb_excerpt":"Um homem foi preso suspeito de furtar cerca de R$ 8,5 mil em produtos de um supermercado de\u00a0Juazeiro, na regi\u00e3o norte da Bahia. Policiais militares da 73\u00aa Companhia Independente da PM realizaram a pris\u00e3o na quinta-feira (16). Segundo a Secretaria de Seguran\u00e7a P\u00fablica, foi expedida uma ordem de pris\u00e3o preventiva a pedido da Delegacia de&hellip;","jetpack_sharing_enabled":true,"jetpack_likes_enabled":true,"_links":{"self":[{"href":"https:\/\/blogopara.com.br\/index.php\/wp-json\/wp\/v2\/posts\/50720","targetHints":{"allow":["GET"]}}],"collection":[{"href":"https:\/\/blogopara.com.br\/index.php\/wp-json\/wp\/v2\/posts"}],"about":[{"href":"https:\/\/blogopara.com.br\/index.php\/wp-json\/wp\/v2\/types\/post"}],"author":[{"embeddable":true,"href":"https:\/\/blogopara.com.br\/index.php\/wp-json\/wp\/v2\/users\/1"}],"replies":[{"embeddable":true,"href":"https:\/\/blogopara.com.br\/index.php\/wp-json\/wp\/v2\/comments?post=50720"}],"version-history":[{"count":1,"href":"https:\/\/blogopara.com.br\/index.php\/wp-json\/wp\/v2\/posts\/50720\/revisions"}],"predecessor-version":[{"id":50722,"href":"https:\/\/blogopara.com.br\/index.php\/wp-json\/wp\/v2\/posts\/50720\/revisions\/50722"}],"wp:featuredmedia":[{"embeddable":true,"href":"https:\/\/blogopara.com.br\/index.php\/wp-json\/wp\/v2\/media\/50721"}],"wp:attachment":[{"href":"https:\/\/blogopara.com.br\/index.php\/wp-json\/wp\/v2\/media?parent=50720"}],"wp:term":[{"taxonomy":"category","embeddable":true,"href":"https:\/\/blogopara.com.br\/index.php\/wp-json\/wp\/v2\/categories?post=50720"},{"taxonomy":"post_tag","embeddable":true,"href":"https:\/\/blogopara.com.br\/index.php\/wp-json\/wp\/v2\/tags?post=50720"}],"curies":[{"name":"wp","href":"https:\/\/api.w.org\/{rel}","templated":true}]}}