{"id":50809,"date":"2023-03-22T14:00:00","date_gmt":"2023-03-22T17:00:00","guid":{"rendered":"https:\/\/blogopara.com.br\/?p=50809"},"modified":"2023-03-21T21:11:15","modified_gmt":"2023-03-22T00:11:15","slug":"correios-abre-selecao-de-4-382-vagas-para-jovem-aprendiz","status":"publish","type":"post","link":"https:\/\/blogopara.com.br\/index.php\/2023\/03\/22\/correios-abre-selecao-de-4-382-vagas-para-jovem-aprendiz","title":{"rendered":"Correios abre sele\u00e7\u00e3o de 4.382 vagas para Jovem Aprendiz"},"content":{"rendered":"<p style=\"text-align: justify;\">O Correios divulgou nesta segunda-feira (20) um processo seletivo nacional para o preenchimento de 4.382 vagas e forma\u00e7\u00e3o de cadastro de reserva para jovens aprendizes. A sele\u00e7\u00e3o \u00e9 para a ocupa\u00e7\u00e3o de vagas nos cursos de assistente administrativo ou log\u00edstica e as inscri\u00e7\u00f5es come\u00e7am a partir da pr\u00f3xima segunda-feira (27).<\/p>\n<p style=\"text-align: justify;\">Conforme o edital, as oportunidades s\u00e3o para os turnos matutino e vespertino em diversas cidades do pa\u00eds. No Esp\u00edrito Santo, s\u00e3o oferecidas 85 vagas em 22 cidades.<\/p>\n<h4 style=\"text-align: justify;\">Quem pode concorrer?<\/h4>\n<p style=\"text-align: justify;\">Podem se inscrever no processo seletivo estudantes com idades entre 14 e 21 anos completos, que estejam cursando, no m\u00ednimo, o 9\u00ba ano do Ensino Fundamental, que estejam matriculados e frequentando a escola, caso n\u00e3o tenham conclu\u00eddo ainda o Ensino M\u00e9dio.<\/p>\n<p style=\"text-align: justify;\">O edital esclarece ainda que n\u00e3o podem se candidatar jovens que tenham sido contratados anteriormente como jovens aprendizes e\/ou mantido v\u00ednculo empregat\u00edcio com os Correios.<\/p>\n<h4 style=\"text-align: justify;\">Inscri\u00e7\u00f5es<\/h4>\n<p style=\"text-align: justify;\">As inscri\u00e7\u00f5es dever\u00e3o ser feitas, exclusivamente, pelo site dos Correios, a partir do dia 27 de mar\u00e7o. O prazo se encerra no dia 21 de abril. N\u00e3o ser\u00e1 cobrada taxa de participa\u00e7\u00e3o.<\/p>\n<h4 style=\"text-align: justify;\">Sele\u00e7\u00e3o<\/h4>\n<p style=\"text-align: justify;\">De acordo com o edital, a primeira fase do processo seletivo deve considerar a somat\u00f3ria de pontos referentes aos seguintes quesitos:<\/p>\n<ul style=\"text-align: justify;\">\n<li>Renda familiar mensal;<\/li>\n<li>Idade (art. 53 do Decreto N.\u00ba 9.579\/2018);<\/li>\n<li>Institui\u00e7\u00e3o de ensino (art. 66 \u00a75\u00ba inciso VII do Decreto N.\u00ba 9.579\/2018);<\/li>\n<li>Participa\u00e7\u00e3o em programas sociais previstos no edital (art. 66 \u00a75\u00ba incisos I a V do Decreto N.\u00ba 9.579\/2018).<\/li>\n<\/ul>\n<p style=\"text-align: justify;\">Na segunda fase, os candidatos ser\u00e3o convocados para comprovar requisitos de classifica\u00e7\u00e3o, fazer exame pr\u00e9-admissional e, por fim, chegar \u00e0 contrata\u00e7\u00e3o. Todas as etapas ter\u00e3o car\u00e1ter eliminat\u00f3rio.<\/p>\n<p style=\"text-align: justify;\"><em>Fonte: Jornal A Gazeta<\/em><\/p>\n","protected":false},"excerpt":{"rendered":"<p>O Correios divulgou nesta segunda-feira (20) um processo seletivo nacional para o preenchimento de 4.382 vagas e forma\u00e7\u00e3o de cadastro de reserva para jovens aprendizes. A sele\u00e7\u00e3o \u00e9 para a ocupa\u00e7\u00e3o de vagas nos cursos de assistente administrativo ou log\u00edstica e as inscri\u00e7\u00f5es come\u00e7am a partir da pr\u00f3xima segunda-feira (27). Conforme o edital, as oportunidades [&hellip;]<\/p>\n","protected":false},"author":1,"featured_media":21913,"comment_status":"closed","ping_status":"open","sticky":false,"template":"","format":"standard","meta":{"_uag_custom_page_level_css":"","_monsterinsights_skip_tracking":false,"_monsterinsights_sitenote_active":false,"_monsterinsights_sitenote_note":"","_monsterinsights_sitenote_category":0,"jetpack_post_was_ever_published":false,"_jetpack_newsletter_access":"","_jetpack_dont_email_post_to_subs":false,"_jetpack_newsletter_tier_id":0,"_jetpack_memberships_contains_paywalled_content":false,"_jetpack_memberships_contains_paid_content":false,"footnotes":"","jetpack_publicize_message":"","jetpack_publicize_feature_enabled":true,"jetpack_social_post_already_shared":true,"jetpack_social_options":{"image_generator_settings":{"template":"highway","default_image_id":0,"font":"","enabled":false},"version":2}},"categories":[200,1505],"tags":[1294,10790,10791],"class_list":["post-50809","post","type-post","status-publish","format-standard","has-post-thumbnail","hentry","category-brasil","category-oportunidade","tag-correios","tag-jovem-aprendiz","tag-vaga-de-emprego"],"jetpack_publicize_connections":[],"jetpack_featured_media_url":"https:\/\/blogopara.com.br\/wp-content\/uploads\/2021\/04\/correios.png","uagb_featured_image_src":{"full":["https:\/\/blogopara.com.br\/wp-content\/uploads\/2021\/04\/correios.png",499,273,false],"thumbnail":["https:\/\/blogopara.com.br\/wp-content\/uploads\/2021\/04\/correios-150x150.png",150,150,true],"medium":["https:\/\/blogopara.com.br\/wp-content\/uploads\/2021\/04\/correios-300x164.png",300,164,true],"medium_large":["https:\/\/blogopara.com.br\/wp-content\/uploads\/2021\/04\/correios.png",499,273,false],"large":["https:\/\/blogopara.com.br\/wp-content\/uploads\/2021\/04\/correios.png",499,273,false],"1536x1536":["https:\/\/blogopara.com.br\/wp-content\/uploads\/2021\/04\/correios.png",499,273,false],"2048x2048":["https:\/\/blogopara.com.br\/wp-content\/uploads\/2021\/04\/correios.png",499,273,false],"mantranews-slider-large":["https:\/\/blogopara.com.br\/wp-content\/uploads\/2021\/04\/correios.png",499,273,false],"mantranews-featured-medium":["https:\/\/blogopara.com.br\/wp-content\/uploads\/2021\/04\/correios-420x273.png",420,273,true],"mantranews-featured-long":["https:\/\/blogopara.com.br\/wp-content\/uploads\/2021\/04\/correios-300x273.png",300,273,true],"mantranews-block-medium":["https:\/\/blogopara.com.br\/wp-content\/uploads\/2021\/04\/correios-464x273.png",464,273,true],"mantranews-carousel-image":["https:\/\/blogopara.com.br\/wp-content\/uploads\/2021\/04\/correios.png",499,273,false],"mantranews-block-thumb":["https:\/\/blogopara.com.br\/wp-content\/uploads\/2021\/04\/correios-322x230.png",322,230,true],"mantranews-single-large":["https:\/\/blogopara.com.br\/wp-content\/uploads\/2021\/04\/correios.png",499,273,false]},"uagb_author_info":{"display_name":"Reda\u00e7\u00e3o geral","author_link":"https:\/\/blogopara.com.br\/index.php\/author\/blogopara"},"uagb_comment_info":0,"uagb_excerpt":"O Correios divulgou nesta segunda-feira (20) um processo seletivo nacional para o preenchimento de 4.382 vagas e forma\u00e7\u00e3o de cadastro de reserva para jovens aprendizes. A sele\u00e7\u00e3o \u00e9 para a ocupa\u00e7\u00e3o de vagas nos cursos de assistente administrativo ou log\u00edstica e as inscri\u00e7\u00f5es come\u00e7am a partir da pr\u00f3xima segunda-feira (27). Conforme o edital, as oportunidades&hellip;","jetpack_sharing_enabled":true,"jetpack_likes_enabled":true,"_links":{"self":[{"href":"https:\/\/blogopara.com.br\/index.php\/wp-json\/wp\/v2\/posts\/50809","targetHints":{"allow":["GET"]}}],"collection":[{"href":"https:\/\/blogopara.com.br\/index.php\/wp-json\/wp\/v2\/posts"}],"about":[{"href":"https:\/\/blogopara.com.br\/index.php\/wp-json\/wp\/v2\/types\/post"}],"author":[{"embeddable":true,"href":"https:\/\/blogopara.com.br\/index.php\/wp-json\/wp\/v2\/users\/1"}],"replies":[{"embeddable":true,"href":"https:\/\/blogopara.com.br\/index.php\/wp-json\/wp\/v2\/comments?post=50809"}],"version-history":[{"count":1,"href":"https:\/\/blogopara.com.br\/index.php\/wp-json\/wp\/v2\/posts\/50809\/revisions"}],"predecessor-version":[{"id":50810,"href":"https:\/\/blogopara.com.br\/index.php\/wp-json\/wp\/v2\/posts\/50809\/revisions\/50810"}],"wp:featuredmedia":[{"embeddable":true,"href":"https:\/\/blogopara.com.br\/index.php\/wp-json\/wp\/v2\/media\/21913"}],"wp:attachment":[{"href":"https:\/\/blogopara.com.br\/index.php\/wp-json\/wp\/v2\/media?parent=50809"}],"wp:term":[{"taxonomy":"category","embeddable":true,"href":"https:\/\/blogopara.com.br\/index.php\/wp-json\/wp\/v2\/categories?post=50809"},{"taxonomy":"post_tag","embeddable":true,"href":"https:\/\/blogopara.com.br\/index.php\/wp-json\/wp\/v2\/tags?post=50809"}],"curies":[{"name":"wp","href":"https:\/\/api.w.org\/{rel}","templated":true}]}}