{"id":50811,"date":"2023-03-22T15:00:00","date_gmt":"2023-03-22T18:00:00","guid":{"rendered":"https:\/\/blogopara.com.br\/?p=50811"},"modified":"2023-03-21T21:12:40","modified_gmt":"2023-03-22T00:12:40","slug":"foragido-da-justica-acusado-de-assassinar-jovem-em-juazeiro-e-morto-em-confronto-com-a-policia-militar-de-sergipe","status":"publish","type":"post","link":"https:\/\/blogopara.com.br\/index.php\/2023\/03\/22\/foragido-da-justica-acusado-de-assassinar-jovem-em-juazeiro-e-morto-em-confronto-com-a-policia-militar-de-sergipe","title":{"rendered":"Foragido da justi\u00e7a, acusado de assassinar jovem em Juazeiro \u00e9 morto em confronto com a Pol\u00edcia Militar de Sergipe"},"content":{"rendered":"<p style=\"text-align: justify;\">Um homem acusado de homic\u00eddio e que estava foragido desde janeiro deste ano foi morto em troca de tiros com a Pol\u00edcia Militar de Sergipe, em Aracaju. O confronto aconteceu ap\u00f3s uma tentativa de cumprimento de seu mandado de pris\u00e3o tempor\u00e1ria, expedido pela Vara do J\u00fari de Juazeiro.<\/p>\n<p style=\"text-align: justify;\">Segundo informa\u00e7\u00f5es da Delegacia de Homic\u00eddios da Pol\u00edcia Civil de Juazeiro, o acusado iniciou os disparos com a chegada dos agentes de seguran\u00e7a, que revidaram em seguida. O homem chegou a ser socorrido em um hospital da capital sergipana, mas n\u00e3o resistiu e foi a \u00f3bito.<\/p>\n<p style=\"text-align: justify;\">O mandado foi expedido em raz\u00e3o da investiga\u00e7\u00e3o do crime de homic\u00eddio que vitimou Ycaro Emanuel Lima Alves, 18 anos, assassinado em janeiro deste ano. \u00c0 \u00e9poca, o seu corpo foi localizado pr\u00f3ximo ao distrito de Mani\u00e7oba, zona rural deste munic\u00edpio, com diversas les\u00f5es por disparos de arma de fogo.<\/p>\n<p style=\"text-align: justify;\">Investigado por associa\u00e7\u00e3o criminosa, o acusado era um dos alvos da Opera\u00e7\u00e3o Holanda, deflagrada pela Pol\u00edcia Civil contra o grupo Holanda, que atuava em Juazeiro atrav\u00e9s da pr\u00e1tica de crimes de homic\u00eddios e tr\u00e1fico de drogas. Ele \u00e9 apontado como l\u00edder do agrupamento, que agia em bairros como o Centro, Nossa Senhora da Penha, Quid\u00e9, Santo Ant\u00f4nio, Alto do Cruzeiro e Sol Levante.<\/p>\n<p style=\"text-align: justify;\">Com o investigado foram apreendidos tr\u00eas celulares e um rev\u00f3lver de calibre .38 com muni\u00e7\u00f5es deflagradas e intactas.<\/p>\n<p style=\"text-align: justify;\"><em>Fonte: RedeGN<\/em><\/p>\n","protected":false},"excerpt":{"rendered":"<p>Um homem acusado de homic\u00eddio e que estava foragido desde janeiro deste ano foi morto em troca de tiros com a Pol\u00edcia Militar de Sergipe, em Aracaju. O confronto aconteceu ap\u00f3s uma tentativa de cumprimento de seu mandado de pris\u00e3o tempor\u00e1ria, expedido pela Vara do J\u00fari de Juazeiro. Segundo informa\u00e7\u00f5es da Delegacia de Homic\u00eddios da [&hellip;]<\/p>\n","protected":false},"author":1,"featured_media":7286,"comment_status":"closed","ping_status":"open","sticky":false,"template":"","format":"standard","meta":{"_uag_custom_page_level_css":"","_monsterinsights_skip_tracking":false,"_monsterinsights_sitenote_active":false,"_monsterinsights_sitenote_note":"","_monsterinsights_sitenote_category":0,"jetpack_post_was_ever_published":false,"_jetpack_newsletter_access":"","_jetpack_dont_email_post_to_subs":false,"_jetpack_newsletter_tier_id":0,"_jetpack_memberships_contains_paywalled_content":false,"_jetpack_memberships_contains_paid_content":false,"footnotes":"","jetpack_publicize_message":"","jetpack_publicize_feature_enabled":true,"jetpack_social_post_already_shared":true,"jetpack_social_options":{"image_generator_settings":{"template":"highway","default_image_id":0,"font":"","enabled":false},"version":2}},"categories":[203,202],"tags":[],"class_list":["post-50811","post","type-post","status-publish","format-standard","has-post-thumbnail","hentry","category-juazeiro","category-policia"],"jetpack_publicize_connections":[],"jetpack_featured_media_url":"https:\/\/blogopara.com.br\/wp-content\/uploads\/2020\/02\/homicidio-violencia-e1666094574189.jpg","uagb_featured_image_src":{"full":["https:\/\/blogopara.com.br\/wp-content\/uploads\/2020\/02\/homicidio-violencia-e1666094574189.jpg",500,263,false],"thumbnail":["https:\/\/blogopara.com.br\/wp-content\/uploads\/2020\/02\/homicidio-violencia-e1528235328685-150x150.jpg",150,150,true],"medium":["https:\/\/blogopara.com.br\/wp-content\/uploads\/2020\/02\/homicidio-violencia-e1528235328685-300x158.jpg",300,158,true],"medium_large":["https:\/\/blogopara.com.br\/wp-content\/uploads\/2020\/02\/homicidio-violencia-e1666094574189.jpg",500,263,false],"large":["https:\/\/blogopara.com.br\/wp-content\/uploads\/2020\/02\/homicidio-violencia-e1666094574189.jpg",500,263,false],"1536x1536":["https:\/\/blogopara.com.br\/wp-content\/uploads\/2020\/02\/homicidio-violencia-e1666094574189.jpg",500,263,false],"2048x2048":["https:\/\/blogopara.com.br\/wp-content\/uploads\/2020\/02\/homicidio-violencia-e1666094574189.jpg",500,263,false],"mantranews-slider-large":["https:\/\/blogopara.com.br\/wp-content\/uploads\/2020\/02\/homicidio-violencia-e1666094574189.jpg",500,263,false],"mantranews-featured-medium":["https:\/\/blogopara.com.br\/wp-content\/uploads\/2020\/02\/homicidio-violencia-e1666094574189.jpg",420,221,false],"mantranews-featured-long":["https:\/\/blogopara.com.br\/wp-content\/uploads\/2020\/02\/homicidio-violencia-e1666094574189.jpg",300,158,false],"mantranews-block-medium":["https:\/\/blogopara.com.br\/wp-content\/uploads\/2020\/02\/homicidio-violencia-e1666094574189.jpg",464,244,false],"mantranews-carousel-image":["https:\/\/blogopara.com.br\/wp-content\/uploads\/2020\/02\/homicidio-violencia-e1666094574189.jpg",500,263,false],"mantranews-block-thumb":["https:\/\/blogopara.com.br\/wp-content\/uploads\/2020\/02\/homicidio-violencia-e1666094574189.jpg",322,169,false],"mantranews-single-large":["https:\/\/blogopara.com.br\/wp-content\/uploads\/2020\/02\/homicidio-violencia-e1666094574189.jpg",500,263,false]},"uagb_author_info":{"display_name":"Reda\u00e7\u00e3o geral","author_link":"https:\/\/blogopara.com.br\/index.php\/author\/blogopara"},"uagb_comment_info":0,"uagb_excerpt":"Um homem acusado de homic\u00eddio e que estava foragido desde janeiro deste ano foi morto em troca de tiros com a Pol\u00edcia Militar de Sergipe, em Aracaju. O confronto aconteceu ap\u00f3s uma tentativa de cumprimento de seu mandado de pris\u00e3o tempor\u00e1ria, expedido pela Vara do J\u00fari de Juazeiro. Segundo informa\u00e7\u00f5es da Delegacia de Homic\u00eddios da&hellip;","jetpack_sharing_enabled":true,"jetpack_likes_enabled":true,"_links":{"self":[{"href":"https:\/\/blogopara.com.br\/index.php\/wp-json\/wp\/v2\/posts\/50811","targetHints":{"allow":["GET"]}}],"collection":[{"href":"https:\/\/blogopara.com.br\/index.php\/wp-json\/wp\/v2\/posts"}],"about":[{"href":"https:\/\/blogopara.com.br\/index.php\/wp-json\/wp\/v2\/types\/post"}],"author":[{"embeddable":true,"href":"https:\/\/blogopara.com.br\/index.php\/wp-json\/wp\/v2\/users\/1"}],"replies":[{"embeddable":true,"href":"https:\/\/blogopara.com.br\/index.php\/wp-json\/wp\/v2\/comments?post=50811"}],"version-history":[{"count":1,"href":"https:\/\/blogopara.com.br\/index.php\/wp-json\/wp\/v2\/posts\/50811\/revisions"}],"predecessor-version":[{"id":50812,"href":"https:\/\/blogopara.com.br\/index.php\/wp-json\/wp\/v2\/posts\/50811\/revisions\/50812"}],"wp:featuredmedia":[{"embeddable":true,"href":"https:\/\/blogopara.com.br\/index.php\/wp-json\/wp\/v2\/media\/7286"}],"wp:attachment":[{"href":"https:\/\/blogopara.com.br\/index.php\/wp-json\/wp\/v2\/media?parent=50811"}],"wp:term":[{"taxonomy":"category","embeddable":true,"href":"https:\/\/blogopara.com.br\/index.php\/wp-json\/wp\/v2\/categories?post=50811"},{"taxonomy":"post_tag","embeddable":true,"href":"https:\/\/blogopara.com.br\/index.php\/wp-json\/wp\/v2\/tags?post=50811"}],"curies":[{"name":"wp","href":"https:\/\/api.w.org\/{rel}","templated":true}]}}