{"id":50889,"date":"2023-03-24T13:00:00","date_gmt":"2023-03-24T16:00:00","guid":{"rendered":"https:\/\/blogopara.com.br\/?p=50889"},"modified":"2023-03-23T22:23:17","modified_gmt":"2023-03-24T01:23:17","slug":"10a-conferencia-municipal-de-saude-de-juazeiro-reune-propostas-que-serao-levadas-para-a-etapa-estadual","status":"publish","type":"post","link":"https:\/\/blogopara.com.br\/index.php\/2023\/03\/24\/10a-conferencia-municipal-de-saude-de-juazeiro-reune-propostas-que-serao-levadas-para-a-etapa-estadual","title":{"rendered":"10\u00aa Confer\u00eancia Municipal de Sa\u00fade de Juazeiro re\u00fane propostas que ser\u00e3o levadas para a etapa estadual"},"content":{"rendered":"<p style=\"text-align: justify;\">A 10\u00aa Confer\u00eancia Municipal de Sa\u00fade de Juazeiro foi encerrada nesta quinta-feira (23) e reuniu dezenas de propostas de fortalecimento do Sistema \u00danico de Sa\u00fade (SUS) que ser\u00e3o levadas para a etapa estadual da Confer\u00eancia. As propostas foram discutidas em quatro eixos pelos participantes compostos por usu\u00e1rios, trabalhadores da sa\u00fade, gestores e prestadores de servi\u00e7o.<\/p>\n<p style=\"text-align: justify;\">Durante toda a manh\u00e3, os participantes discutiram propostas de fortalecimento do SUS nos seguintes eixos: \u201cJuazeiro que temos. Juazeiro que queremos\u201d, \u201cO papel do controle social e dos movimentos sociais para salvar vidas\u201d, \u201d Garantir direitos e defender o SUS, a vida e a democracia\u201d e \u201d \u201cAmanh\u00e3 vai ser outro dia para todas as pessoas\u201d. Entre as propostas, estavam melhorias em diversas \u00e1reas da sa\u00fade como aten\u00e7\u00e3o prim\u00e1ria, sa\u00fade mental, entre outros.<\/p>\n<p style=\"text-align: justify;\">A plen\u00e1ria final foi o momento para votar nas melhores propostas levantadas durante a 10\u00aa Confer\u00eancia Municipal de Sa\u00fade de Juazeiro. Voto a voto, os delegados formularam ideias que contribuem para uma sa\u00fade mais igualit\u00e1ria e abrangente. O secret\u00e1rio de Sa\u00fade acompanhou toda a discuss\u00e3o e vota\u00e7\u00e3o das propostas referentes \u00e0 sa\u00fade do munic\u00edpio. \u201cA gente sai daqui com o dever cumprido de que o controle social foi seguido \u00e0 risca. Agora \u00e9 hora da gente refletir e tirar essas propostas do papel por meio da execu\u00e7\u00e3o do Plano Municipal de Sa\u00fade, pois \u00e9 foco na gest\u00e3o da prefeita Suzana Ramos otimizar a sa\u00fade dos usu\u00e1rios de Juazeiro\u201d, ressaltou o secret\u00e1rio de Sa\u00fade, Allan Jones.<\/p>\n<h4 style=\"text-align: justify;\">Propostas<\/h4>\n<p style=\"text-align: justify;\">As propostas escolhidas ser\u00e3o agregadas ao Plano Municipal de Sa\u00fade, al\u00e9m de encaminhadas \u00e0 etapa estadual para uma discuss\u00e3o macro. \u201cTemos propostas no \u00e2mbito municipal, de import\u00e2ncia estadual e vamos fazer uma for\u00e7a-tarefa para que essas propostas possam ser aprovadas na etapa estadual para que a gente leve para a nacional e tenhamos uma sa\u00fade de qualidade para nossa federa\u00e7\u00e3o e o nosso munic\u00edpio\u201d, destacou o presidente do Conselho Municipal de Sa\u00fade, Robson Vieira.<\/p>\n<p style=\"text-align: justify;\">A participa\u00e7\u00e3o dos delegados cumpriu a paridade entre usu\u00e1rios do SUS, gestores\/prestadores de servi\u00e7o e trabalhadores de sa\u00fade. Seu Edimar Santos \u00e9 morador do bairro Jo\u00e3o XXIII e participou como delgado dos usu\u00e1rios do SUS. \u201cFizemos a apresenta\u00e7\u00e3o dos projetos e inclusive venho de uma localidade que a UBS \u00e9 uma refer\u00eancia. Para n\u00f3s \u00e9 uma felicidade participar de um evento dessa magnitude, valorizando o que temos e aprimorando a sa\u00fade\u201d, disse. A presidente da Comiss\u00e3o de Sa\u00fade da C\u00e2mara de Vereadores, Neguinha da Santa Casa, acompanhou toda a vota\u00e7\u00e3o das propostas.<\/p>\n<h4 style=\"text-align: justify;\">Coral Caps II<\/h4>\n<p style=\"text-align: justify;\">A abertura da plen\u00e1ria final foi realizada com o coral do Centro de Aten\u00e7\u00e3o Psicossocial (Caps II). O grupo fez bonito ao entoar as can\u00e7\u00f5es \u201cAnuncia\u00e7\u00e3o\u201d e \u201cO que \u00e9, o que \u00e9\u201d e animou o p\u00fablico presente.<\/p>\n<p style=\"text-align: justify;\"><em>Fonte: Ascom\/Sesau\/PMJ<\/em><\/p>\n","protected":false},"excerpt":{"rendered":"<p>A 10\u00aa Confer\u00eancia Municipal de Sa\u00fade de Juazeiro foi encerrada nesta quinta-feira (23) e reuniu dezenas de propostas de fortalecimento do Sistema \u00danico de Sa\u00fade (SUS) que ser\u00e3o levadas para a etapa estadual da Confer\u00eancia. As propostas foram discutidas em quatro eixos pelos participantes compostos por usu\u00e1rios, trabalhadores da sa\u00fade, gestores e prestadores de servi\u00e7o. [&hellip;]<\/p>\n","protected":false},"author":1,"featured_media":50873,"comment_status":"closed","ping_status":"open","sticky":false,"template":"","format":"standard","meta":{"_uag_custom_page_level_css":"","_monsterinsights_skip_tracking":false,"_monsterinsights_sitenote_active":false,"_monsterinsights_sitenote_note":"","_monsterinsights_sitenote_category":0,"jetpack_post_was_ever_published":false,"_jetpack_newsletter_access":"","_jetpack_dont_email_post_to_subs":false,"_jetpack_newsletter_tier_id":0,"_jetpack_memberships_contains_paywalled_content":false,"_jetpack_memberships_contains_paid_content":false,"footnotes":"","jetpack_publicize_message":"","jetpack_publicize_feature_enabled":true,"jetpack_social_post_already_shared":true,"jetpack_social_options":{"image_generator_settings":{"template":"highway","default_image_id":0,"font":"","enabled":false},"version":2}},"categories":[10110,203,205],"tags":[143,340],"class_list":["post-50889","post","type-post","status-publish","format-standard","has-post-thumbnail","hentry","category-desenvolvimento","category-juazeiro","category-saude","tag-juazeiro-da-bahia","tag-prefeitura-de-juazeiro"],"jetpack_publicize_connections":[],"jetpack_featured_media_url":"https:\/\/blogopara.com.br\/wp-content\/uploads\/2023\/03\/WhatsApp-Image-2023-03-23-at-20.20.44.jpeg","uagb_featured_image_src":{"full":["https:\/\/blogopara.com.br\/wp-content\/uploads\/2023\/03\/WhatsApp-Image-2023-03-23-at-20.20.44.jpeg",500,333,false],"thumbnail":["https:\/\/blogopara.com.br\/wp-content\/uploads\/2023\/03\/WhatsApp-Image-2023-03-23-at-20.20.44-150x150.jpeg",150,150,true],"medium":["https:\/\/blogopara.com.br\/wp-content\/uploads\/2023\/03\/WhatsApp-Image-2023-03-23-at-20.20.44-300x200.jpeg",300,200,true],"medium_large":["https:\/\/blogopara.com.br\/wp-content\/uploads\/2023\/03\/WhatsApp-Image-2023-03-23-at-20.20.44.jpeg",500,333,false],"large":["https:\/\/blogopara.com.br\/wp-content\/uploads\/2023\/03\/WhatsApp-Image-2023-03-23-at-20.20.44.jpeg",500,333,false],"1536x1536":["https:\/\/blogopara.com.br\/wp-content\/uploads\/2023\/03\/WhatsApp-Image-2023-03-23-at-20.20.44.jpeg",500,333,false],"2048x2048":["https:\/\/blogopara.com.br\/wp-content\/uploads\/2023\/03\/WhatsApp-Image-2023-03-23-at-20.20.44.jpeg",500,333,false],"mantranews-slider-large":["https:\/\/blogopara.com.br\/wp-content\/uploads\/2023\/03\/WhatsApp-Image-2023-03-23-at-20.20.44.jpeg",500,333,false],"mantranews-featured-medium":["https:\/\/blogopara.com.br\/wp-content\/uploads\/2023\/03\/WhatsApp-Image-2023-03-23-at-20.20.44-420x307.jpeg",420,307,true],"mantranews-featured-long":["https:\/\/blogopara.com.br\/wp-content\/uploads\/2023\/03\/WhatsApp-Image-2023-03-23-at-20.20.44-300x333.jpeg",300,333,true],"mantranews-block-medium":["https:\/\/blogopara.com.br\/wp-content\/uploads\/2023\/03\/WhatsApp-Image-2023-03-23-at-20.20.44-464x290.jpeg",464,290,true],"mantranews-carousel-image":["https:\/\/blogopara.com.br\/wp-content\/uploads\/2023\/03\/WhatsApp-Image-2023-03-23-at-20.20.44.jpeg",500,333,false],"mantranews-block-thumb":["https:\/\/blogopara.com.br\/wp-content\/uploads\/2023\/03\/WhatsApp-Image-2023-03-23-at-20.20.44-322x230.jpeg",322,230,true],"mantranews-single-large":["https:\/\/blogopara.com.br\/wp-content\/uploads\/2023\/03\/WhatsApp-Image-2023-03-23-at-20.20.44.jpeg",500,333,false]},"uagb_author_info":{"display_name":"Reda\u00e7\u00e3o geral","author_link":"https:\/\/blogopara.com.br\/index.php\/author\/blogopara"},"uagb_comment_info":0,"uagb_excerpt":"A 10\u00aa Confer\u00eancia Municipal de Sa\u00fade de Juazeiro foi encerrada nesta quinta-feira (23) e reuniu dezenas de propostas de fortalecimento do Sistema \u00danico de Sa\u00fade (SUS) que ser\u00e3o levadas para a etapa estadual da Confer\u00eancia. As propostas foram discutidas em quatro eixos pelos participantes compostos por usu\u00e1rios, trabalhadores da sa\u00fade, gestores e prestadores de servi\u00e7o.&hellip;","jetpack_sharing_enabled":true,"jetpack_likes_enabled":true,"_links":{"self":[{"href":"https:\/\/blogopara.com.br\/index.php\/wp-json\/wp\/v2\/posts\/50889","targetHints":{"allow":["GET"]}}],"collection":[{"href":"https:\/\/blogopara.com.br\/index.php\/wp-json\/wp\/v2\/posts"}],"about":[{"href":"https:\/\/blogopara.com.br\/index.php\/wp-json\/wp\/v2\/types\/post"}],"author":[{"embeddable":true,"href":"https:\/\/blogopara.com.br\/index.php\/wp-json\/wp\/v2\/users\/1"}],"replies":[{"embeddable":true,"href":"https:\/\/blogopara.com.br\/index.php\/wp-json\/wp\/v2\/comments?post=50889"}],"version-history":[{"count":1,"href":"https:\/\/blogopara.com.br\/index.php\/wp-json\/wp\/v2\/posts\/50889\/revisions"}],"predecessor-version":[{"id":50890,"href":"https:\/\/blogopara.com.br\/index.php\/wp-json\/wp\/v2\/posts\/50889\/revisions\/50890"}],"wp:featuredmedia":[{"embeddable":true,"href":"https:\/\/blogopara.com.br\/index.php\/wp-json\/wp\/v2\/media\/50873"}],"wp:attachment":[{"href":"https:\/\/blogopara.com.br\/index.php\/wp-json\/wp\/v2\/media?parent=50889"}],"wp:term":[{"taxonomy":"category","embeddable":true,"href":"https:\/\/blogopara.com.br\/index.php\/wp-json\/wp\/v2\/categories?post=50889"},{"taxonomy":"post_tag","embeddable":true,"href":"https:\/\/blogopara.com.br\/index.php\/wp-json\/wp\/v2\/tags?post=50889"}],"curies":[{"name":"wp","href":"https:\/\/api.w.org\/{rel}","templated":true}]}}