{"id":50974,"date":"2023-03-29T08:00:00","date_gmt":"2023-03-29T11:00:00","guid":{"rendered":"https:\/\/blogopara.com.br\/?p=50974"},"modified":"2023-03-28T23:42:05","modified_gmt":"2023-03-29T02:42:05","slug":"prefeitura-de-juazeiro-atualiza-locais-de-aplicacao-da-vacina-bcg-confira","status":"publish","type":"post","link":"https:\/\/blogopara.com.br\/index.php\/2023\/03\/29\/prefeitura-de-juazeiro-atualiza-locais-de-aplicacao-da-vacina-bcg-confira","title":{"rendered":"Prefeitura de Juazeiro atualiza locais de aplica\u00e7\u00e3o da vacina BCG; confira"},"content":{"rendered":"<p style=\"text-align: justify;\">A Prefeitura de Juazeiro, atrav\u00e9s da Secretaria de Sa\u00fade (Sesau), atualizou as Unidades B\u00e1sicas de Sa\u00fade (UBSs) que realizam a aplica\u00e7\u00e3o da vacina BCG, que protege contra formas graves de tuberculose. A vacina\u00e7\u00e3o \u00e9 realizada em UBSs de refer\u00eancia para evitar a perda de doses devido \u00e0 limita\u00e7\u00e3o do imunizante em todo o pa\u00eds. A estrat\u00e9gia \u00e9 adotada desde o ano passado.<\/p>\n<p style=\"text-align: justify;\"><strong>Segunda-feira<\/strong><\/p>\n<p style=\"text-align: justify;\">-UBS Piranga (tarde)<\/p>\n<p style=\"text-align: justify;\"><strong>Ter\u00e7a-feira<\/strong><\/p>\n<p style=\"text-align: justify;\">\u2013 UBS CSU<\/p>\n<p style=\"text-align: justify;\"><strong>Quarta-feira<\/strong><\/p>\n<p style=\"text-align: justify;\">-UBS Angari<\/p>\n<p style=\"text-align: justify;\">-UBS Argemiro<\/p>\n<p style=\"text-align: justify;\">-UBS Mussamb\u00ea<\/p>\n<p style=\"text-align: justify;\"><strong>Quinta-feira<\/strong><\/p>\n<p style=\"text-align: justify;\">\u2013 UBS Jo\u00e3o Paulo II<\/p>\n<p style=\"text-align: justify;\">\u2013 UBS CSU<\/p>\n<p style=\"text-align: justify;\"><strong>Sexta-feira<\/strong><\/p>\n<p style=\"text-align: justify;\">\u2013 UBS Alto da Maravilha<\/p>\n<p style=\"text-align: justify;\">\u2013 UBS Alto da Alian\u00e7a<\/p>\n<p style=\"text-align: justify;\">A vacina\u00e7\u00e3o nas UBSs \u00e9 das 9h \u00e0s 11h30 e das 13h30 \u00e0s 16h30. A vacina BCG est\u00e1 inclu\u00edda no calend\u00e1rio b\u00e1sico de vacina\u00e7\u00e3o da crian\u00e7a e \u00e9 uma das primeiras prote\u00e7\u00f5es que o beb\u00ea recebe ao nascer.<\/p>\n<p style=\"text-align: justify;\"><em>Fonte: Ascom\/Sesau\/PMJ<\/em><\/p>\n","protected":false},"excerpt":{"rendered":"<p>A Prefeitura de Juazeiro, atrav\u00e9s da Secretaria de Sa\u00fade (Sesau), atualizou as Unidades B\u00e1sicas de Sa\u00fade (UBSs) que realizam a aplica\u00e7\u00e3o da vacina BCG, que protege contra formas graves de tuberculose. A vacina\u00e7\u00e3o \u00e9 realizada em UBSs de refer\u00eancia para evitar a perda de doses devido \u00e0 limita\u00e7\u00e3o do imunizante em todo o pa\u00eds. A [&hellip;]<\/p>\n","protected":false},"author":1,"featured_media":50967,"comment_status":"closed","ping_status":"open","sticky":false,"template":"","format":"standard","meta":{"_uag_custom_page_level_css":"","_monsterinsights_skip_tracking":false,"_monsterinsights_sitenote_active":false,"_monsterinsights_sitenote_note":"","_monsterinsights_sitenote_category":0,"jetpack_post_was_ever_published":false,"_jetpack_newsletter_access":"","_jetpack_dont_email_post_to_subs":false,"_jetpack_newsletter_tier_id":0,"_jetpack_memberships_contains_paywalled_content":false,"_jetpack_memberships_contains_paid_content":false,"footnotes":"","jetpack_publicize_message":"","jetpack_publicize_feature_enabled":true,"jetpack_social_post_already_shared":true,"jetpack_social_options":{"image_generator_settings":{"template":"highway","default_image_id":0,"font":"","enabled":false},"version":2}},"categories":[203,205],"tags":[143,340],"class_list":["post-50974","post","type-post","status-publish","format-standard","has-post-thumbnail","hentry","category-juazeiro","category-saude","tag-juazeiro-da-bahia","tag-prefeitura-de-juazeiro"],"jetpack_publicize_connections":[],"jetpack_featured_media_url":"https:\/\/blogopara.com.br\/wp-content\/uploads\/2023\/03\/WhatsApp-Image-2023-03-28-at-23.09.49-e1680057717535.jpeg","uagb_featured_image_src":{"full":["https:\/\/blogopara.com.br\/wp-content\/uploads\/2023\/03\/WhatsApp-Image-2023-03-28-at-23.09.49-e1680057717535.jpeg",500,334,false],"thumbnail":["https:\/\/blogopara.com.br\/wp-content\/uploads\/2023\/03\/WhatsApp-Image-2023-03-28-at-23.09.49-e1680057717535-150x150.jpeg",150,150,true],"medium":["https:\/\/blogopara.com.br\/wp-content\/uploads\/2023\/03\/WhatsApp-Image-2023-03-28-at-23.09.49-e1680057717535-300x200.jpeg",300,200,true],"medium_large":["https:\/\/blogopara.com.br\/wp-content\/uploads\/2023\/03\/WhatsApp-Image-2023-03-28-at-23.09.49-e1680057717535.jpeg",500,334,false],"large":["https:\/\/blogopara.com.br\/wp-content\/uploads\/2023\/03\/WhatsApp-Image-2023-03-28-at-23.09.49-e1680057717535.jpeg",500,334,false],"1536x1536":["https:\/\/blogopara.com.br\/wp-content\/uploads\/2023\/03\/WhatsApp-Image-2023-03-28-at-23.09.49-e1680057717535.jpeg",500,334,false],"2048x2048":["https:\/\/blogopara.com.br\/wp-content\/uploads\/2023\/03\/WhatsApp-Image-2023-03-28-at-23.09.49-e1680057717535.jpeg",500,334,false],"mantranews-slider-large":["https:\/\/blogopara.com.br\/wp-content\/uploads\/2023\/03\/WhatsApp-Image-2023-03-28-at-23.09.49-e1680057717535.jpeg",500,334,false],"mantranews-featured-medium":["https:\/\/blogopara.com.br\/wp-content\/uploads\/2023\/03\/WhatsApp-Image-2023-03-28-at-23.09.49-e1680057717535-420x307.jpeg",420,307,true],"mantranews-featured-long":["https:\/\/blogopara.com.br\/wp-content\/uploads\/2023\/03\/WhatsApp-Image-2023-03-28-at-23.09.49-e1680057717535-300x334.jpeg",300,334,true],"mantranews-block-medium":["https:\/\/blogopara.com.br\/wp-content\/uploads\/2023\/03\/WhatsApp-Image-2023-03-28-at-23.09.49-e1680057717535-464x290.jpeg",464,290,true],"mantranews-carousel-image":["https:\/\/blogopara.com.br\/wp-content\/uploads\/2023\/03\/WhatsApp-Image-2023-03-28-at-23.09.49-500x500.jpeg",500,500,true],"mantranews-block-thumb":["https:\/\/blogopara.com.br\/wp-content\/uploads\/2023\/03\/WhatsApp-Image-2023-03-28-at-23.09.49-e1680057717535-322x230.jpeg",322,230,true],"mantranews-single-large":["https:\/\/blogopara.com.br\/wp-content\/uploads\/2023\/03\/WhatsApp-Image-2023-03-28-at-23.09.49-e1680057717535.jpeg",500,334,false]},"uagb_author_info":{"display_name":"Reda\u00e7\u00e3o geral","author_link":"https:\/\/blogopara.com.br\/index.php\/author\/blogopara"},"uagb_comment_info":0,"uagb_excerpt":"A Prefeitura de Juazeiro, atrav\u00e9s da Secretaria de Sa\u00fade (Sesau), atualizou as Unidades B\u00e1sicas de Sa\u00fade (UBSs) que realizam a aplica\u00e7\u00e3o da vacina BCG, que protege contra formas graves de tuberculose. A vacina\u00e7\u00e3o \u00e9 realizada em UBSs de refer\u00eancia para evitar a perda de doses devido \u00e0 limita\u00e7\u00e3o do imunizante em todo o pa\u00eds. A&hellip;","jetpack_sharing_enabled":true,"jetpack_likes_enabled":true,"_links":{"self":[{"href":"https:\/\/blogopara.com.br\/index.php\/wp-json\/wp\/v2\/posts\/50974","targetHints":{"allow":["GET"]}}],"collection":[{"href":"https:\/\/blogopara.com.br\/index.php\/wp-json\/wp\/v2\/posts"}],"about":[{"href":"https:\/\/blogopara.com.br\/index.php\/wp-json\/wp\/v2\/types\/post"}],"author":[{"embeddable":true,"href":"https:\/\/blogopara.com.br\/index.php\/wp-json\/wp\/v2\/users\/1"}],"replies":[{"embeddable":true,"href":"https:\/\/blogopara.com.br\/index.php\/wp-json\/wp\/v2\/comments?post=50974"}],"version-history":[{"count":1,"href":"https:\/\/blogopara.com.br\/index.php\/wp-json\/wp\/v2\/posts\/50974\/revisions"}],"predecessor-version":[{"id":50975,"href":"https:\/\/blogopara.com.br\/index.php\/wp-json\/wp\/v2\/posts\/50974\/revisions\/50975"}],"wp:featuredmedia":[{"embeddable":true,"href":"https:\/\/blogopara.com.br\/index.php\/wp-json\/wp\/v2\/media\/50967"}],"wp:attachment":[{"href":"https:\/\/blogopara.com.br\/index.php\/wp-json\/wp\/v2\/media?parent=50974"}],"wp:term":[{"taxonomy":"category","embeddable":true,"href":"https:\/\/blogopara.com.br\/index.php\/wp-json\/wp\/v2\/categories?post=50974"},{"taxonomy":"post_tag","embeddable":true,"href":"https:\/\/blogopara.com.br\/index.php\/wp-json\/wp\/v2\/tags?post=50974"}],"curies":[{"name":"wp","href":"https:\/\/api.w.org\/{rel}","templated":true}]}}