{"id":50976,"date":"2023-03-29T09:00:00","date_gmt":"2023-03-29T12:00:00","guid":{"rendered":"https:\/\/blogopara.com.br\/?p=50976"},"modified":"2023-03-28T23:43:07","modified_gmt":"2023-03-29T02:43:07","slug":"com-acoes-afirmativas-de-inclusao-prefeitura-de-juazeiro-realiza-programacao-em-alusao-ao-dia-municipal-de-conscientizacao-sobre-a-pessoa-com-sindrome-de-down","status":"publish","type":"post","link":"https:\/\/blogopara.com.br\/index.php\/2023\/03\/29\/com-acoes-afirmativas-de-inclusao-prefeitura-de-juazeiro-realiza-programacao-em-alusao-ao-dia-municipal-de-conscientizacao-sobre-a-pessoa-com-sindrome-de-down","title":{"rendered":"Com a\u00e7\u00f5es afirmativas de inclus\u00e3o, Prefeitura de Juazeiro realiza programa\u00e7\u00e3o em alus\u00e3o ao Dia Municipal de Conscientiza\u00e7\u00e3o sobre a Pessoa com S\u00edndrome de Down"},"content":{"rendered":"<p style=\"text-align: justify;\">O dia 21 de mar\u00e7o \u00e9 institu\u00eddo no Calend\u00e1rio Oficial de Eventos do Munic\u00edpio, por meio da Lei N\u00ba 3.091\/2022, como o Dia Municipal da Conscientiza\u00e7\u00e3o sobre a Pessoa com S\u00edndrome de Down, ele representa a defesa dos direitos, da inclus\u00e3o e do bem-estar dessas pessoas. Pensando nisso, a Prefeitura de Juazeiro, atrav\u00e9s da Secretaria de Educa\u00e7\u00e3o e Juventude (Seduc), por meio do Centro de Atendimento Psicossocial \u2013 Espa\u00e7o Humanizar\/NAPSI, promoveu na tarde desta ter\u00e7a-feira (28), um bate-papo com fam\u00edlias de alunos com s\u00edndrome de Down da rede municipal de ensino, abordando o tema: \u201cConosco, N\u00e3o Por N\u00f3s\u201d.<\/p>\n<p style=\"text-align: justify;\">O evento contou com a participa\u00e7\u00e3o do vereador Renato Brand\u00e3o, autor da Lei Municipal de conscientiza\u00e7\u00e3o sobre a pessoa com s\u00edndrome de Down. \u201cO intuito de criar essa Lei, nasceu da necessidade de inserir essas pessoas de forma integral na conviv\u00eancia social, atrav\u00e9s de pol\u00edticas p\u00fablicas capazes de promover a\u00e7\u00f5es inclusivas e participativas, por meio de iniciativas educacionais, onde a pessoa com Down seja acolhida e assistida em espa\u00e7os de ensino, trabalho, esporte, lazer e todos os contextos que assegurem os seus direitos, e a fa\u00e7a se sentir \u00fanica, e n\u00e3o diferente\u201d, comentou o vereador.<\/p>\n<p style=\"text-align: justify;\">Em 21 de mar\u00e7o tamb\u00e9m \u00e9 comemorado o Dia Mundial da S\u00edndrome de Down. Data oficialmente reconhecida pelas Na\u00e7\u00f5es Unidas desde 2012. \u201cJuazeiro tinha um hist\u00f3rico de car\u00eancia de assist\u00eancia a esse p\u00fablico. J\u00e1 havia o Dia Mundial da S\u00edndrome de Down, mas com a cria\u00e7\u00e3o do Dia Municipal de Conscientiza\u00e7\u00e3o sobre a Pessoa com S\u00edndrome de Down, atrav\u00e9s da gest\u00e3o Suzana Ramos, com o apoio e articula\u00e7\u00e3o do vereador Renato Brand\u00e3o, essas pessoas puderam ganhar visibilidade, amparo, assist\u00eancia, e um espa\u00e7o exclusivamente pensado para atende-las, com equipe multiprofissional altamente qualificada. \u00c9 um passo muito significativo, pois nosso munic\u00edpio nunca p\u00f4de contar com um aparato dessa dimens\u00e3o, como o Espa\u00e7o Humanizar tem oferecido\u201d, avaliou Gentil Lisboa, convidado homenageado em mem\u00f3ria do seu irm\u00e3o Virg\u00edlio Lisboa, que nasceu com s\u00edndrome de Down, e era popularmente conhecido e estimado no mun\u00edcipio.<\/p>\n<p style=\"text-align: justify;\">\u201cMinha filha estudava na rede privada de ensino e nunca obteve qualquer tipo de assist\u00eancia, mesmo eu custeando a perman\u00eancia dela na escola. Foi quando recebi a orienta\u00e7\u00e3o de transferir ela para a rede p\u00fablica, e eu me surpreendi. Minha filha atualmente estuda na rede municipal de ensino, e conta com todo apoio e assist\u00eancia que ela necessita, incluindo Atendimento Educacional Especializado exclusivo para suprir as demandas dela, assegurando a perman\u00eancia dela na escola sem qualquer transtorno\u201d, elogiou Mayara Enaide Silva Moraes, m\u00e3e de Larissa Moraes Silva, estudante da Escola Municipal Professora Leopoldina Leal.<\/p>\n<p style=\"text-align: justify;\">O bate-papo foi ministrado por Raylene R\u00eago, psicopedagoga do Espa\u00e7o Humanizar\/Napsi, com contribui\u00e7\u00f5es de Lizziane Belfort e Luciana Brito, assistentes sociais do Espa\u00e7o Humanizar\/Napsi, e de Greice Kelly Fonseca, mobilizadora do N\u00facleo de Cidadania dos Adolescentes (NUCA), da coordenadora operacional do Busca Ativa Escolar, Suzimeire Alc\u00e2ntara, e de Jum\u00e1ria Monteiro da Costa, coordenadora do N\u00facleo de Apoio Psicossocial e Inclus\u00e3o (Napsi) da Seduc, que falou sobre a a\u00e7\u00e3o.<\/p>\n<p style=\"text-align: justify;\">\u201cReafirmando o compromisso da gest\u00e3o Suzana Ramos, com essa causa t\u00e3o necess\u00e1ria, buscamos criar espa\u00e7os de visibilidade social, debate e inclus\u00e3o, promovendo uma mobiliza\u00e7\u00e3o junto \u00e0s pessoas com s\u00edndrome de Down, n\u00e3o apenas para elas, mas trazendo as fam\u00edlias para compartilhar desafios, e celebrar as conquistas j\u00e1 alcan\u00e7adas, pensando em novas a\u00e7\u00f5es de inclus\u00e3o e conviv\u00eancia com diversidade, sempre alinhada com o desenvolvimento integral das pessoas com Down, acreditando que nascer com a s\u00edndrome n\u00e3o impede uma vida cheia de oportunidades e realiza\u00e7\u00f5es\u201d, disse Jum\u00e1ria.<\/p>\n<p style=\"text-align: justify;\"><em>Fonte: Ascom\/Seduc\/PMJ<\/em><\/p>\n","protected":false},"excerpt":{"rendered":"<p>O dia 21 de mar\u00e7o \u00e9 institu\u00eddo no Calend\u00e1rio Oficial de Eventos do Munic\u00edpio, por meio da Lei N\u00ba 3.091\/2022, como o Dia Municipal da Conscientiza\u00e7\u00e3o sobre a Pessoa com S\u00edndrome de Down, ele representa a defesa dos direitos, da inclus\u00e3o e do bem-estar dessas pessoas. Pensando nisso, a Prefeitura de Juazeiro, atrav\u00e9s da Secretaria [&hellip;]<\/p>\n","protected":false},"author":1,"featured_media":50968,"comment_status":"closed","ping_status":"open","sticky":false,"template":"","format":"standard","meta":{"_uag_custom_page_level_css":"","_monsterinsights_skip_tracking":false,"_monsterinsights_sitenote_active":false,"_monsterinsights_sitenote_note":"","_monsterinsights_sitenote_category":0,"jetpack_post_was_ever_published":false,"_jetpack_newsletter_access":"","_jetpack_dont_email_post_to_subs":false,"_jetpack_newsletter_tier_id":0,"_jetpack_memberships_contains_paywalled_content":false,"_jetpack_memberships_contains_paid_content":false,"footnotes":"","jetpack_publicize_message":"","jetpack_publicize_feature_enabled":true,"jetpack_social_post_already_shared":true,"jetpack_social_options":{"image_generator_settings":{"template":"highway","default_image_id":0,"font":"","enabled":false},"version":2}},"categories":[10100,203],"tags":[143,340],"class_list":["post-50976","post","type-post","status-publish","format-standard","has-post-thumbnail","hentry","category-inclusao","category-juazeiro","tag-juazeiro-da-bahia","tag-prefeitura-de-juazeiro"],"jetpack_publicize_connections":[],"jetpack_featured_media_url":"https:\/\/blogopara.com.br\/wp-content\/uploads\/2023\/03\/WhatsApp-Image-2023-03-28-at-23.10.40.jpeg","uagb_featured_image_src":{"full":["https:\/\/blogopara.com.br\/wp-content\/uploads\/2023\/03\/WhatsApp-Image-2023-03-28-at-23.10.40.jpeg",500,333,false],"thumbnail":["https:\/\/blogopara.com.br\/wp-content\/uploads\/2023\/03\/WhatsApp-Image-2023-03-28-at-23.10.40-150x150.jpeg",150,150,true],"medium":["https:\/\/blogopara.com.br\/wp-content\/uploads\/2023\/03\/WhatsApp-Image-2023-03-28-at-23.10.40-300x200.jpeg",300,200,true],"medium_large":["https:\/\/blogopara.com.br\/wp-content\/uploads\/2023\/03\/WhatsApp-Image-2023-03-28-at-23.10.40.jpeg",500,333,false],"large":["https:\/\/blogopara.com.br\/wp-content\/uploads\/2023\/03\/WhatsApp-Image-2023-03-28-at-23.10.40.jpeg",500,333,false],"1536x1536":["https:\/\/blogopara.com.br\/wp-content\/uploads\/2023\/03\/WhatsApp-Image-2023-03-28-at-23.10.40.jpeg",500,333,false],"2048x2048":["https:\/\/blogopara.com.br\/wp-content\/uploads\/2023\/03\/WhatsApp-Image-2023-03-28-at-23.10.40.jpeg",500,333,false],"mantranews-slider-large":["https:\/\/blogopara.com.br\/wp-content\/uploads\/2023\/03\/WhatsApp-Image-2023-03-28-at-23.10.40.jpeg",500,333,false],"mantranews-featured-medium":["https:\/\/blogopara.com.br\/wp-content\/uploads\/2023\/03\/WhatsApp-Image-2023-03-28-at-23.10.40-420x307.jpeg",420,307,true],"mantranews-featured-long":["https:\/\/blogopara.com.br\/wp-content\/uploads\/2023\/03\/WhatsApp-Image-2023-03-28-at-23.10.40-300x333.jpeg",300,333,true],"mantranews-block-medium":["https:\/\/blogopara.com.br\/wp-content\/uploads\/2023\/03\/WhatsApp-Image-2023-03-28-at-23.10.40-464x290.jpeg",464,290,true],"mantranews-carousel-image":["https:\/\/blogopara.com.br\/wp-content\/uploads\/2023\/03\/WhatsApp-Image-2023-03-28-at-23.10.40.jpeg",500,333,false],"mantranews-block-thumb":["https:\/\/blogopara.com.br\/wp-content\/uploads\/2023\/03\/WhatsApp-Image-2023-03-28-at-23.10.40-322x230.jpeg",322,230,true],"mantranews-single-large":["https:\/\/blogopara.com.br\/wp-content\/uploads\/2023\/03\/WhatsApp-Image-2023-03-28-at-23.10.40.jpeg",500,333,false]},"uagb_author_info":{"display_name":"Reda\u00e7\u00e3o geral","author_link":"https:\/\/blogopara.com.br\/index.php\/author\/blogopara"},"uagb_comment_info":0,"uagb_excerpt":"O dia 21 de mar\u00e7o \u00e9 institu\u00eddo no Calend\u00e1rio Oficial de Eventos do Munic\u00edpio, por meio da Lei N\u00ba 3.091\/2022, como o Dia Municipal da Conscientiza\u00e7\u00e3o sobre a Pessoa com S\u00edndrome de Down, ele representa a defesa dos direitos, da inclus\u00e3o e do bem-estar dessas pessoas. Pensando nisso, a Prefeitura de Juazeiro, atrav\u00e9s da Secretaria&hellip;","jetpack_sharing_enabled":true,"jetpack_likes_enabled":true,"_links":{"self":[{"href":"https:\/\/blogopara.com.br\/index.php\/wp-json\/wp\/v2\/posts\/50976","targetHints":{"allow":["GET"]}}],"collection":[{"href":"https:\/\/blogopara.com.br\/index.php\/wp-json\/wp\/v2\/posts"}],"about":[{"href":"https:\/\/blogopara.com.br\/index.php\/wp-json\/wp\/v2\/types\/post"}],"author":[{"embeddable":true,"href":"https:\/\/blogopara.com.br\/index.php\/wp-json\/wp\/v2\/users\/1"}],"replies":[{"embeddable":true,"href":"https:\/\/blogopara.com.br\/index.php\/wp-json\/wp\/v2\/comments?post=50976"}],"version-history":[{"count":1,"href":"https:\/\/blogopara.com.br\/index.php\/wp-json\/wp\/v2\/posts\/50976\/revisions"}],"predecessor-version":[{"id":50977,"href":"https:\/\/blogopara.com.br\/index.php\/wp-json\/wp\/v2\/posts\/50976\/revisions\/50977"}],"wp:featuredmedia":[{"embeddable":true,"href":"https:\/\/blogopara.com.br\/index.php\/wp-json\/wp\/v2\/media\/50968"}],"wp:attachment":[{"href":"https:\/\/blogopara.com.br\/index.php\/wp-json\/wp\/v2\/media?parent=50976"}],"wp:term":[{"taxonomy":"category","embeddable":true,"href":"https:\/\/blogopara.com.br\/index.php\/wp-json\/wp\/v2\/categories?post=50976"},{"taxonomy":"post_tag","embeddable":true,"href":"https:\/\/blogopara.com.br\/index.php\/wp-json\/wp\/v2\/tags?post=50976"}],"curies":[{"name":"wp","href":"https:\/\/api.w.org\/{rel}","templated":true}]}}