{"id":50994,"date":"2023-03-29T08:36:52","date_gmt":"2023-03-29T11:36:52","guid":{"rendered":"https:\/\/blogopara.com.br\/?p=50994"},"modified":"2023-03-29T08:36:55","modified_gmt":"2023-03-29T11:36:55","slug":"prf-apreende-aves-silvestres-transportadas-em-onibus-no-interior-da-bahia","status":"publish","type":"post","link":"https:\/\/blogopara.com.br\/index.php\/2023\/03\/29\/prf-apreende-aves-silvestres-transportadas-em-onibus-no-interior-da-bahia","title":{"rendered":"PRF apreende aves silvestres transportadas em \u00f4nibus no Interior da Bahia"},"content":{"rendered":"<p style=\"text-align: justify;\">No combate a crimes contra o meio ambiente, policiais rodovi\u00e1rios federais resgataram quatro p\u00e1ssaros silvestres no Km 830 da BR-116, trecho do munic\u00edpio de Vit\u00f3ria da Conquista (BA), regi\u00e3o sudoeste da Bahia. A a\u00e7\u00e3o aconteceu na tarde de ter\u00e7a-feira (28).<\/p>\n<p style=\"text-align: justify;\">Equipes da PRF abordaram um \u00f4nibus de viagem e encontraram as esp\u00e9cies aprisionadas e escondidas dentro de sacolas. As aves (p\u00e1ssaro-preto e trinca-ferro) estavam confinadas em compartimento escuro e sem ventila\u00e7\u00e3o, demonstrando total falta de higiene e cuidados.<\/p>\n<p style=\"text-align: justify;\">O respons\u00e1vel pelos animais foi identificado e n\u00e3o apresentou documenta\u00e7\u00e3o emitida por \u00f3rg\u00e3os ambientais. Questionado, ele informou que \u2018pegou\u2019 as aves no estado de Minas Gerais e as estava levando para cria\u00e7\u00e3o na Zona Rural de Alagoas.<\/p>\n<p style=\"text-align: justify;\">Foi lavrado um Termo Circunstanciado de Ocorr\u00eancia (TCO). O passageiro, de 35 anos, responder\u00e1 na Justi\u00e7a por crime contra o meio ambiente previsto na Lei 9.605\/98. Os p\u00e1ssaros foram encaminhados aos cuidados do \u00f3rg\u00e3o ambiental local, onde receber\u00e3o os primeiros cuidados para depois serem devolvidos \u00e0 natureza. A PRF alerta que as den\u00fancias nas rodovias podem ser realizadas atrav\u00e9s do telefone 191, que funciona em todo o Brasil. A liga\u00e7\u00e3o \u00e9 gratuita e n\u00e3o \u00e9 preciso se identificar.<\/p>\n","protected":false},"excerpt":{"rendered":"<p>No combate a crimes contra o meio ambiente, policiais rodovi\u00e1rios federais resgataram quatro p\u00e1ssaros silvestres no Km 830 da BR-116, trecho do munic\u00edpio de Vit\u00f3ria da Conquista (BA), regi\u00e3o sudoeste da Bahia. A a\u00e7\u00e3o aconteceu na tarde de ter\u00e7a-feira (28). Equipes da PRF abordaram um \u00f4nibus de viagem e encontraram as esp\u00e9cies aprisionadas e escondidas [&hellip;]<\/p>\n","protected":false},"author":1,"featured_media":50995,"comment_status":"closed","ping_status":"open","sticky":false,"template":"","format":"standard","meta":{"_uag_custom_page_level_css":"","_monsterinsights_skip_tracking":false,"_monsterinsights_sitenote_active":false,"_monsterinsights_sitenote_note":"","_monsterinsights_sitenote_category":0,"jetpack_post_was_ever_published":false,"_jetpack_newsletter_access":"","_jetpack_dont_email_post_to_subs":false,"_jetpack_newsletter_tier_id":0,"_jetpack_memberships_contains_paywalled_content":false,"_jetpack_memberships_contains_paid_content":false,"footnotes":"","jetpack_publicize_message":"","jetpack_publicize_feature_enabled":true,"jetpack_social_post_already_shared":true,"jetpack_social_options":{"image_generator_settings":{"template":"highway","default_image_id":0,"font":"","enabled":false},"version":2}},"categories":[199,3372],"tags":[],"class_list":["post-50994","post","type-post","status-publish","format-standard","has-post-thumbnail","hentry","category-bahia","category-meio-ambiente"],"jetpack_publicize_connections":[],"jetpack_featured_media_url":"https:\/\/blogopara.com.br\/wp-content\/uploads\/2023\/03\/aves-silvestres-apreendidas-Vitoria-da-Conquista.jpeg","uagb_featured_image_src":{"full":["https:\/\/blogopara.com.br\/wp-content\/uploads\/2023\/03\/aves-silvestres-apreendidas-Vitoria-da-Conquista.jpeg",500,504,false],"thumbnail":["https:\/\/blogopara.com.br\/wp-content\/uploads\/2023\/03\/aves-silvestres-apreendidas-Vitoria-da-Conquista-150x150.jpeg",150,150,true],"medium":["https:\/\/blogopara.com.br\/wp-content\/uploads\/2023\/03\/aves-silvestres-apreendidas-Vitoria-da-Conquista-298x300.jpeg",298,300,true],"medium_large":["https:\/\/blogopara.com.br\/wp-content\/uploads\/2023\/03\/aves-silvestres-apreendidas-Vitoria-da-Conquista.jpeg",500,504,false],"large":["https:\/\/blogopara.com.br\/wp-content\/uploads\/2023\/03\/aves-silvestres-apreendidas-Vitoria-da-Conquista.jpeg",500,504,false],"1536x1536":["https:\/\/blogopara.com.br\/wp-content\/uploads\/2023\/03\/aves-silvestres-apreendidas-Vitoria-da-Conquista.jpeg",500,504,false],"2048x2048":["https:\/\/blogopara.com.br\/wp-content\/uploads\/2023\/03\/aves-silvestres-apreendidas-Vitoria-da-Conquista.jpeg",500,504,false],"mantranews-slider-large":["https:\/\/blogopara.com.br\/wp-content\/uploads\/2023\/03\/aves-silvestres-apreendidas-Vitoria-da-Conquista.jpeg",500,504,false],"mantranews-featured-medium":["https:\/\/blogopara.com.br\/wp-content\/uploads\/2023\/03\/aves-silvestres-apreendidas-Vitoria-da-Conquista-420x307.jpeg",420,307,true],"mantranews-featured-long":["https:\/\/blogopara.com.br\/wp-content\/uploads\/2023\/03\/aves-silvestres-apreendidas-Vitoria-da-Conquista-300x443.jpeg",300,443,true],"mantranews-block-medium":["https:\/\/blogopara.com.br\/wp-content\/uploads\/2023\/03\/aves-silvestres-apreendidas-Vitoria-da-Conquista-464x290.jpeg",464,290,true],"mantranews-carousel-image":["https:\/\/blogopara.com.br\/wp-content\/uploads\/2023\/03\/aves-silvestres-apreendidas-Vitoria-da-Conquista-500x500.jpeg",500,500,true],"mantranews-block-thumb":["https:\/\/blogopara.com.br\/wp-content\/uploads\/2023\/03\/aves-silvestres-apreendidas-Vitoria-da-Conquista-322x230.jpeg",322,230,true],"mantranews-single-large":["https:\/\/blogopara.com.br\/wp-content\/uploads\/2023\/03\/aves-silvestres-apreendidas-Vitoria-da-Conquista.jpeg",500,504,false]},"uagb_author_info":{"display_name":"Reda\u00e7\u00e3o geral","author_link":"https:\/\/blogopara.com.br\/index.php\/author\/blogopara"},"uagb_comment_info":0,"uagb_excerpt":"No combate a crimes contra o meio ambiente, policiais rodovi\u00e1rios federais resgataram quatro p\u00e1ssaros silvestres no Km 830 da BR-116, trecho do munic\u00edpio de Vit\u00f3ria da Conquista (BA), regi\u00e3o sudoeste da Bahia. A a\u00e7\u00e3o aconteceu na tarde de ter\u00e7a-feira (28). Equipes da PRF abordaram um \u00f4nibus de viagem e encontraram as esp\u00e9cies aprisionadas e escondidas&hellip;","jetpack_sharing_enabled":true,"jetpack_likes_enabled":true,"_links":{"self":[{"href":"https:\/\/blogopara.com.br\/index.php\/wp-json\/wp\/v2\/posts\/50994","targetHints":{"allow":["GET"]}}],"collection":[{"href":"https:\/\/blogopara.com.br\/index.php\/wp-json\/wp\/v2\/posts"}],"about":[{"href":"https:\/\/blogopara.com.br\/index.php\/wp-json\/wp\/v2\/types\/post"}],"author":[{"embeddable":true,"href":"https:\/\/blogopara.com.br\/index.php\/wp-json\/wp\/v2\/users\/1"}],"replies":[{"embeddable":true,"href":"https:\/\/blogopara.com.br\/index.php\/wp-json\/wp\/v2\/comments?post=50994"}],"version-history":[{"count":1,"href":"https:\/\/blogopara.com.br\/index.php\/wp-json\/wp\/v2\/posts\/50994\/revisions"}],"predecessor-version":[{"id":50996,"href":"https:\/\/blogopara.com.br\/index.php\/wp-json\/wp\/v2\/posts\/50994\/revisions\/50996"}],"wp:featuredmedia":[{"embeddable":true,"href":"https:\/\/blogopara.com.br\/index.php\/wp-json\/wp\/v2\/media\/50995"}],"wp:attachment":[{"href":"https:\/\/blogopara.com.br\/index.php\/wp-json\/wp\/v2\/media?parent=50994"}],"wp:term":[{"taxonomy":"category","embeddable":true,"href":"https:\/\/blogopara.com.br\/index.php\/wp-json\/wp\/v2\/categories?post=50994"},{"taxonomy":"post_tag","embeddable":true,"href":"https:\/\/blogopara.com.br\/index.php\/wp-json\/wp\/v2\/tags?post=50994"}],"curies":[{"name":"wp","href":"https:\/\/api.w.org\/{rel}","templated":true}]}}