{"id":51000,"date":"2023-03-29T08:48:16","date_gmt":"2023-03-29T11:48:16","guid":{"rendered":"https:\/\/blogopara.com.br\/?p=51000"},"modified":"2023-03-29T08:48:17","modified_gmt":"2023-03-29T11:48:17","slug":"violencia-homem-e-assassinado-no-bairro-antonio-guilhermino-em-juazeiro","status":"publish","type":"post","link":"https:\/\/blogopara.com.br\/index.php\/2023\/03\/29\/violencia-homem-e-assassinado-no-bairro-antonio-guilhermino-em-juazeiro","title":{"rendered":"Viol\u00eancia: Homem \u00e9 assassinado no bairro Ant\u00f4nio Guilhermino, em Juazeiro"},"content":{"rendered":"<p style=\"text-align: justify;\">Mais um homic\u00eddio foi registrado na cidade de Juazeiro-BA.<\/p>\n<p style=\"text-align: justify;\">De acordo com informa\u00e7\u00f5es repassadas para a reda\u00e7\u00e3o do Blog Not\u00edcias em Destaque um homem de identidade n\u00e3o divulgada foi encontrado morto com sinais de viol\u00eancia em um matagal, no bairro Ant\u00f4nio Guilhermino, na tarde desta ter\u00e7a-feira (28).<\/p>\n<p style=\"text-align: justify;\">Equipes de Pol\u00edcia e o IML (Instituto M\u00e9dico Legal) foram acionados para atender a ocorr\u00eancia.<\/p>\n<p style=\"text-align: justify;\">At\u00e9 o presente momento n\u00e3o h\u00e1 relatos sobre em quais circunst\u00e2ncias ocorreu o crime, e a autoria e motiva\u00e7\u00f5es s\u00e3o desconhecidas.<\/p>\n<p style=\"text-align: justify;\">A Delegacia Especializada de Juazeiro-BA deve investigar o caso.<\/p>\n<p>Fonte de informa\u00e7\u00f5es: Blog Noticias em Destaque<\/p>\n","protected":false},"excerpt":{"rendered":"<p>Mais um homic\u00eddio foi registrado na cidade de Juazeiro-BA. De acordo com informa\u00e7\u00f5es repassadas para a reda\u00e7\u00e3o do Blog Not\u00edcias em Destaque um homem de identidade n\u00e3o divulgada foi encontrado morto com sinais de viol\u00eancia em um matagal, no bairro Ant\u00f4nio Guilhermino, na tarde desta ter\u00e7a-feira (28). Equipes de Pol\u00edcia e o IML (Instituto M\u00e9dico [&hellip;]<\/p>\n","protected":false},"author":1,"featured_media":51001,"comment_status":"closed","ping_status":"open","sticky":false,"template":"","format":"standard","meta":{"_uag_custom_page_level_css":"","_monsterinsights_skip_tracking":false,"_monsterinsights_sitenote_active":false,"_monsterinsights_sitenote_note":"","_monsterinsights_sitenote_category":0,"jetpack_post_was_ever_published":false,"_jetpack_newsletter_access":"","_jetpack_dont_email_post_to_subs":false,"_jetpack_newsletter_tier_id":0,"_jetpack_memberships_contains_paywalled_content":false,"_jetpack_memberships_contains_paid_content":false,"footnotes":"","jetpack_publicize_message":"","jetpack_publicize_feature_enabled":true,"jetpack_social_post_already_shared":true,"jetpack_social_options":{"image_generator_settings":{"template":"highway","default_image_id":0,"font":"","enabled":false},"version":2}},"categories":[203,10104],"tags":[],"class_list":["post-51000","post","type-post","status-publish","format-standard","has-post-thumbnail","hentry","category-juazeiro","category-violencia"],"jetpack_publicize_connections":[],"jetpack_featured_media_url":"https:\/\/blogopara.com.br\/wp-content\/uploads\/2023\/03\/homem-e-assassinado-no-bairro-antonio-guilhermino-em-juazeiro-ba-592b2.jpg","uagb_featured_image_src":{"full":["https:\/\/blogopara.com.br\/wp-content\/uploads\/2023\/03\/homem-e-assassinado-no-bairro-antonio-guilhermino-em-juazeiro-ba-592b2.jpg",500,323,false],"thumbnail":["https:\/\/blogopara.com.br\/wp-content\/uploads\/2023\/03\/homem-e-assassinado-no-bairro-antonio-guilhermino-em-juazeiro-ba-592b2-150x150.jpg",150,150,true],"medium":["https:\/\/blogopara.com.br\/wp-content\/uploads\/2023\/03\/homem-e-assassinado-no-bairro-antonio-guilhermino-em-juazeiro-ba-592b2-300x194.jpg",300,194,true],"medium_large":["https:\/\/blogopara.com.br\/wp-content\/uploads\/2023\/03\/homem-e-assassinado-no-bairro-antonio-guilhermino-em-juazeiro-ba-592b2.jpg",500,323,false],"large":["https:\/\/blogopara.com.br\/wp-content\/uploads\/2023\/03\/homem-e-assassinado-no-bairro-antonio-guilhermino-em-juazeiro-ba-592b2.jpg",500,323,false],"1536x1536":["https:\/\/blogopara.com.br\/wp-content\/uploads\/2023\/03\/homem-e-assassinado-no-bairro-antonio-guilhermino-em-juazeiro-ba-592b2.jpg",500,323,false],"2048x2048":["https:\/\/blogopara.com.br\/wp-content\/uploads\/2023\/03\/homem-e-assassinado-no-bairro-antonio-guilhermino-em-juazeiro-ba-592b2.jpg",500,323,false],"mantranews-slider-large":["https:\/\/blogopara.com.br\/wp-content\/uploads\/2023\/03\/homem-e-assassinado-no-bairro-antonio-guilhermino-em-juazeiro-ba-592b2.jpg",500,323,false],"mantranews-featured-medium":["https:\/\/blogopara.com.br\/wp-content\/uploads\/2023\/03\/homem-e-assassinado-no-bairro-antonio-guilhermino-em-juazeiro-ba-592b2-420x307.jpg",420,307,true],"mantranews-featured-long":["https:\/\/blogopara.com.br\/wp-content\/uploads\/2023\/03\/homem-e-assassinado-no-bairro-antonio-guilhermino-em-juazeiro-ba-592b2-300x323.jpg",300,323,true],"mantranews-block-medium":["https:\/\/blogopara.com.br\/wp-content\/uploads\/2023\/03\/homem-e-assassinado-no-bairro-antonio-guilhermino-em-juazeiro-ba-592b2-464x290.jpg",464,290,true],"mantranews-carousel-image":["https:\/\/blogopara.com.br\/wp-content\/uploads\/2023\/03\/homem-e-assassinado-no-bairro-antonio-guilhermino-em-juazeiro-ba-592b2.jpg",500,323,false],"mantranews-block-thumb":["https:\/\/blogopara.com.br\/wp-content\/uploads\/2023\/03\/homem-e-assassinado-no-bairro-antonio-guilhermino-em-juazeiro-ba-592b2-322x230.jpg",322,230,true],"mantranews-single-large":["https:\/\/blogopara.com.br\/wp-content\/uploads\/2023\/03\/homem-e-assassinado-no-bairro-antonio-guilhermino-em-juazeiro-ba-592b2.jpg",500,323,false]},"uagb_author_info":{"display_name":"Reda\u00e7\u00e3o geral","author_link":"https:\/\/blogopara.com.br\/index.php\/author\/blogopara"},"uagb_comment_info":0,"uagb_excerpt":"Mais um homic\u00eddio foi registrado na cidade de Juazeiro-BA. De acordo com informa\u00e7\u00f5es repassadas para a reda\u00e7\u00e3o do Blog Not\u00edcias em Destaque um homem de identidade n\u00e3o divulgada foi encontrado morto com sinais de viol\u00eancia em um matagal, no bairro Ant\u00f4nio Guilhermino, na tarde desta ter\u00e7a-feira (28). Equipes de Pol\u00edcia e o IML (Instituto M\u00e9dico&hellip;","jetpack_sharing_enabled":true,"jetpack_likes_enabled":true,"_links":{"self":[{"href":"https:\/\/blogopara.com.br\/index.php\/wp-json\/wp\/v2\/posts\/51000","targetHints":{"allow":["GET"]}}],"collection":[{"href":"https:\/\/blogopara.com.br\/index.php\/wp-json\/wp\/v2\/posts"}],"about":[{"href":"https:\/\/blogopara.com.br\/index.php\/wp-json\/wp\/v2\/types\/post"}],"author":[{"embeddable":true,"href":"https:\/\/blogopara.com.br\/index.php\/wp-json\/wp\/v2\/users\/1"}],"replies":[{"embeddable":true,"href":"https:\/\/blogopara.com.br\/index.php\/wp-json\/wp\/v2\/comments?post=51000"}],"version-history":[{"count":1,"href":"https:\/\/blogopara.com.br\/index.php\/wp-json\/wp\/v2\/posts\/51000\/revisions"}],"predecessor-version":[{"id":51002,"href":"https:\/\/blogopara.com.br\/index.php\/wp-json\/wp\/v2\/posts\/51000\/revisions\/51002"}],"wp:featuredmedia":[{"embeddable":true,"href":"https:\/\/blogopara.com.br\/index.php\/wp-json\/wp\/v2\/media\/51001"}],"wp:attachment":[{"href":"https:\/\/blogopara.com.br\/index.php\/wp-json\/wp\/v2\/media?parent=51000"}],"wp:term":[{"taxonomy":"category","embeddable":true,"href":"https:\/\/blogopara.com.br\/index.php\/wp-json\/wp\/v2\/categories?post=51000"},{"taxonomy":"post_tag","embeddable":true,"href":"https:\/\/blogopara.com.br\/index.php\/wp-json\/wp\/v2\/tags?post=51000"}],"curies":[{"name":"wp","href":"https:\/\/api.w.org\/{rel}","templated":true}]}}