{"id":5103,"date":"2019-11-25T22:47:57","date_gmt":"2019-11-26T01:47:57","guid":{"rendered":"http:\/\/blogopara.com.br\/?p=5103"},"modified":"2019-11-25T22:48:04","modified_gmt":"2019-11-26T01:48:04","slug":"eleicao-2020-partido-patriota-realiza-reuniao-em-petrolina","status":"publish","type":"post","link":"https:\/\/blogopara.com.br\/index.php\/2019\/11\/25\/eleicao-2020-partido-patriota-realiza-reuniao-em-petrolina","title":{"rendered":"Elei\u00e7\u00e3o 2020: Partido Patriota realiza reuni\u00e3o em Petrolina"},"content":{"rendered":"\n<p>Na \u00faltima sexta-feira (22\/11), reuniram -se na sala de reuni\u00f5es da C\u00e2mara de Vereadores de Petrolina, algumas lideran\u00e7as comunit\u00e1rias, suplentes de vereador, militares, empres\u00e1rios e comunit\u00e1rios de Petrolina, onde discutiram o pleito eleitoral para 2020, bem como, a cria\u00e7\u00e3o do diret\u00f3rio do partido PATRIOTA 51.<\/p>\n\n\n\n<p>Dentre outros temas que foram debatidos na reuni\u00e3o, est\u00e3o a uni\u00e3o do grupo, a valoriza\u00e7\u00e3o partid\u00e1ria,  o empenho dos pretensos candidatos e, principalmente, a significativa participa\u00e7\u00e3o das mulheres. <\/p>\n\n\n\n<p>Assim,  o partido PATRIOTA 51 vem a p\u00fablico informar  \u00e0 imprensa e a todos os petrolinenses que o partido est\u00e1 criado e disputar\u00e1 vagas na C\u00e2mara Municipal de 2020.<\/p>\n\n\n\n<figure class=\"wp-block-gallery columns-2 is-cropped wp-block-gallery-1 is-layout-flex wp-block-gallery-is-layout-flex\"><ul class=\"blocks-gallery-grid\"><li class=\"blocks-gallery-item\"><figure><img loading=\"lazy\" decoding=\"async\" width=\"1024\" height=\"768\" src=\"https:\/\/blogopara.com.br\/wp-content\/uploads\/2019\/11\/IMG-20191123-WA0043-1024x768.jpg\" alt=\"\" data-id=\"5105\" data-link=\"https:\/\/blogopara.com.br\/?attachment_id=5105\" class=\"wp-image-5105\" srcset=\"https:\/\/blogopara.com.br\/wp-content\/uploads\/2019\/11\/IMG-20191123-WA0043-1024x768.jpg 1024w, https:\/\/blogopara.com.br\/wp-content\/uploads\/2019\/11\/IMG-20191123-WA0043-300x225.jpg 300w, https:\/\/blogopara.com.br\/wp-content\/uploads\/2019\/11\/IMG-20191123-WA0043-768x576.jpg 768w, https:\/\/blogopara.com.br\/wp-content\/uploads\/2019\/11\/IMG-20191123-WA0043.jpg 1280w\" sizes=\"auto, (max-width: 1024px) 100vw, 1024px\" \/><\/figure><\/li><li class=\"blocks-gallery-item\"><figure><img loading=\"lazy\" decoding=\"async\" width=\"768\" height=\"1024\" src=\"https:\/\/blogopara.com.br\/wp-content\/uploads\/2019\/11\/IMG-20191123-WA0045-768x1024.jpg\" alt=\"\" data-id=\"5106\" data-full-url=\"https:\/\/blogopara.com.br\/wp-content\/uploads\/2019\/11\/IMG-20191123-WA0045.jpg\" data-link=\"https:\/\/blogopara.com.br\/?attachment_id=5106\" class=\"wp-image-5106\" srcset=\"https:\/\/blogopara.com.br\/wp-content\/uploads\/2019\/11\/IMG-20191123-WA0045-768x1024.jpg 768w, https:\/\/blogopara.com.br\/wp-content\/uploads\/2019\/11\/IMG-20191123-WA0045-225x300.jpg 225w, https:\/\/blogopara.com.br\/wp-content\/uploads\/2019\/11\/IMG-20191123-WA0045.jpg 960w\" sizes=\"auto, (max-width: 768px) 100vw, 768px\" \/><\/figure><\/li><\/ul><\/figure>\n\n\n\n<p> Por fim, o partido PATRIOTA 51 vem convidar a todos aqueles que lutam por uma Petrolina melhor a se filiarem ao partido e buscar novos horizontes para nossa cidade.  <\/p>\n\n\n\n<p>Partido PATRIOTA &#8211; aqui juntos somos mais fortes. Brasil acima de todos.<\/p>\n\n\n\n<p><\/p>\n\n\n\n<p>Ascom Patriota.<\/p>\n","protected":false},"excerpt":{"rendered":"<p>Na \u00faltima sexta-feira (22\/11), reuniram -se na sala de reuni\u00f5es da C\u00e2mara de Vereadores de Petrolina, algumas lideran\u00e7as comunit\u00e1rias, suplentes de vereador, militares, empres\u00e1rios e comunit\u00e1rios de Petrolina, onde discutiram o pleito eleitoral para 2020, bem como, a cria\u00e7\u00e3o do diret\u00f3rio do partido PATRIOTA 51. Dentre outros temas que foram debatidos na reuni\u00e3o, est\u00e3o a [&hellip;]<\/p>\n","protected":false},"author":1,"featured_media":5105,"comment_status":"open","ping_status":"open","sticky":false,"template":"","format":"standard","meta":{"_uag_custom_page_level_css":"","_monsterinsights_skip_tracking":false,"_monsterinsights_sitenote_active":false,"_monsterinsights_sitenote_note":"","_monsterinsights_sitenote_category":0,"jetpack_post_was_ever_published":false,"_jetpack_newsletter_access":"","_jetpack_dont_email_post_to_subs":false,"_jetpack_newsletter_tier_id":0,"_jetpack_memberships_contains_paywalled_content":false,"_jetpack_memberships_contains_paid_content":false,"footnotes":"","jetpack_publicize_message":"","jetpack_publicize_feature_enabled":true,"jetpack_social_post_already_shared":true,"jetpack_social_options":{"image_generator_settings":{"template":"highway","default_image_id":0,"font":"","enabled":false},"version":2}},"categories":[851,197],"tags":[1073,58],"class_list":["post-5103","post","type-post","status-publish","format-standard","has-post-thumbnail","hentry","category-petrolina","category-politica","tag-eleicao-2020","tag-petrolina"],"jetpack_publicize_connections":[],"jetpack_featured_media_url":"https:\/\/blogopara.com.br\/wp-content\/uploads\/2019\/11\/IMG-20191123-WA0043.jpg","uagb_featured_image_src":{"full":["https:\/\/blogopara.com.br\/wp-content\/uploads\/2019\/11\/IMG-20191123-WA0043.jpg",1280,960,false],"thumbnail":["https:\/\/blogopara.com.br\/wp-content\/uploads\/2019\/11\/IMG-20191123-WA0043-150x150.jpg",150,150,true],"medium":["https:\/\/blogopara.com.br\/wp-content\/uploads\/2019\/11\/IMG-20191123-WA0043-300x225.jpg",300,225,true],"medium_large":["https:\/\/blogopara.com.br\/wp-content\/uploads\/2019\/11\/IMG-20191123-WA0043-768x576.jpg",640,480,true],"large":["https:\/\/blogopara.com.br\/wp-content\/uploads\/2019\/11\/IMG-20191123-WA0043-1024x768.jpg",640,480,true],"1536x1536":["https:\/\/blogopara.com.br\/wp-content\/uploads\/2019\/11\/IMG-20191123-WA0043.jpg",1280,960,false],"2048x2048":["https:\/\/blogopara.com.br\/wp-content\/uploads\/2019\/11\/IMG-20191123-WA0043.jpg",1280,960,false],"mantranews-slider-large":["https:\/\/blogopara.com.br\/wp-content\/uploads\/2019\/11\/IMG-20191123-WA0043.jpg",988,741,false],"mantranews-featured-medium":["https:\/\/blogopara.com.br\/wp-content\/uploads\/2019\/11\/IMG-20191123-WA0043.jpg",409,307,false],"mantranews-featured-long":["https:\/\/blogopara.com.br\/wp-content\/uploads\/2019\/11\/IMG-20191123-WA0043.jpg",300,225,false],"mantranews-block-medium":["https:\/\/blogopara.com.br\/wp-content\/uploads\/2019\/11\/IMG-20191123-WA0043.jpg",387,290,false],"mantranews-carousel-image":["https:\/\/blogopara.com.br\/wp-content\/uploads\/2019\/11\/IMG-20191123-WA0043.jpg",600,450,false],"mantranews-block-thumb":["https:\/\/blogopara.com.br\/wp-content\/uploads\/2019\/11\/IMG-20191123-WA0043.jpg",307,230,false],"mantranews-single-large":["https:\/\/blogopara.com.br\/wp-content\/uploads\/2019\/11\/IMG-20191123-WA0043.jpg",856,642,false]},"uagb_author_info":{"display_name":"Reda\u00e7\u00e3o geral","author_link":"https:\/\/blogopara.com.br\/index.php\/author\/blogopara"},"uagb_comment_info":3,"uagb_excerpt":"Na \u00faltima sexta-feira (22\/11), reuniram -se na sala de reuni\u00f5es da C\u00e2mara de Vereadores de Petrolina, algumas lideran\u00e7as comunit\u00e1rias, suplentes de vereador, militares, empres\u00e1rios e comunit\u00e1rios de Petrolina, onde discutiram o pleito eleitoral para 2020, bem como, a cria\u00e7\u00e3o do diret\u00f3rio do partido PATRIOTA 51. Dentre outros temas que foram debatidos na reuni\u00e3o, est\u00e3o a&hellip;","jetpack_sharing_enabled":true,"jetpack_likes_enabled":true,"_links":{"self":[{"href":"https:\/\/blogopara.com.br\/index.php\/wp-json\/wp\/v2\/posts\/5103","targetHints":{"allow":["GET"]}}],"collection":[{"href":"https:\/\/blogopara.com.br\/index.php\/wp-json\/wp\/v2\/posts"}],"about":[{"href":"https:\/\/blogopara.com.br\/index.php\/wp-json\/wp\/v2\/types\/post"}],"author":[{"embeddable":true,"href":"https:\/\/blogopara.com.br\/index.php\/wp-json\/wp\/v2\/users\/1"}],"replies":[{"embeddable":true,"href":"https:\/\/blogopara.com.br\/index.php\/wp-json\/wp\/v2\/comments?post=5103"}],"version-history":[{"count":1,"href":"https:\/\/blogopara.com.br\/index.php\/wp-json\/wp\/v2\/posts\/5103\/revisions"}],"predecessor-version":[{"id":5107,"href":"https:\/\/blogopara.com.br\/index.php\/wp-json\/wp\/v2\/posts\/5103\/revisions\/5107"}],"wp:featuredmedia":[{"embeddable":true,"href":"https:\/\/blogopara.com.br\/index.php\/wp-json\/wp\/v2\/media\/5105"}],"wp:attachment":[{"href":"https:\/\/blogopara.com.br\/index.php\/wp-json\/wp\/v2\/media?parent=5103"}],"wp:term":[{"taxonomy":"category","embeddable":true,"href":"https:\/\/blogopara.com.br\/index.php\/wp-json\/wp\/v2\/categories?post=5103"},{"taxonomy":"post_tag","embeddable":true,"href":"https:\/\/blogopara.com.br\/index.php\/wp-json\/wp\/v2\/tags?post=5103"}],"curies":[{"name":"wp","href":"https:\/\/api.w.org\/{rel}","templated":true}]}}