{"id":51060,"date":"2023-03-31T12:00:00","date_gmt":"2023-03-31T15:00:00","guid":{"rendered":"https:\/\/blogopara.com.br\/?p=51060"},"modified":"2023-03-30T22:43:01","modified_gmt":"2023-03-31T01:43:01","slug":"proibicao-de-uso-de-instrumentos-de-percussao-em-bares-e-motivo-de-discussao-em-paulo-afonso","status":"publish","type":"post","link":"https:\/\/blogopara.com.br\/index.php\/2023\/03\/31\/proibicao-de-uso-de-instrumentos-de-percussao-em-bares-e-motivo-de-discussao-em-paulo-afonso","title":{"rendered":"Proibi\u00e7\u00e3o de uso de instrumentos de percuss\u00e3o em bares \u00e9 motivo de discuss\u00e3o em Paulo Afonso"},"content":{"rendered":"<p style=\"text-align: justify;\">Foi realizada na ter\u00e7a-feira (28), no audit\u00f3rio Edison Teixeira, em Paulo Afonso, Bahia, uma &nbsp;reuni\u00e3o mobilizada por representantes da sociedade civil, contou com a presen\u00e7a de empres\u00e1rios, donos de bares e restaurantes, m\u00fasicos, artistas da &nbsp;cultura local, propriet\u00e1rios de som, a C\u00e2mara de dirigentes Lojistas \u2013 CDL e membros do Conselho Municipal de Cultura, advogados, entre outros segmentos, com a finalidade de &nbsp;discutir os impactos causados pela decis\u00e3o judicial proferida em car\u00e1ter de Liminar no \u00faltimo &nbsp;dia 16\/03\/2023, mediante uma A\u00e7\u00e3o Civil P\u00fablica movida pelo Minist\u00e9rio P\u00fablico da Bahia contra &nbsp;o Munic\u00edpio de Paulo Afonso, que pro\u00edbe o uso de instrumentos de percuss\u00e3o nos shows e &nbsp;apresenta\u00e7\u00f5es art\u00edsticas em barzinhos em espa\u00e7os abertos.<\/p>\n<p style=\"text-align: justify;\">A medida atinge&nbsp;dezenas de m\u00fasicos &nbsp;instrumentistas que fazem da m\u00fasica o meio de sustento de suas fam\u00edlias.<\/p>\n<p style=\"text-align: justify;\">A justificativa foi de&nbsp; lque o som caracterizava perturba\u00e7\u00e3o da ordem, devido ao n\u00edvel de \u201cbarulho\u201d emitido pelo som, conforme den\u00fancias de alguns moradores vizinhos desses estabelecimentos.<\/p>\n<p style=\"text-align: justify;\">A decis\u00e3o afetou diretamente os donos de bares e restaurantes. Uma das &nbsp;determina\u00e7\u00f5es \u00e9 a redu\u00e7\u00e3o de mesas e cadeiras colocadas sobre cal\u00e7ada.<\/p>\n<p style=\"text-align: justify;\">De acordo com informa\u00e7\u00f5es dos sites local, o Minist\u00e9rio P\u00fablico do Estado (MP\/BA) determinou que o munic\u00edpio de Paulo Afonso intensifique a fiscaliza\u00e7\u00e3o para diminuir os problemas relacionados a som alto em bares localizados principalmente, na Avenida Get\u00falio Vargas; Apol\u00f4nio Sales e os situados na Pra\u00e7a da Libanesa.<\/p>\n<p style=\"text-align: justify;\">A decis\u00e3o tamb\u00e9m obriga a Prefeitura suspender&nbsp;as autoriza\u00e7\u00f5es de uso de som para bandas e instrumentos de bateria e percuss\u00e3o em estabelecimentos abertos, revendo tais autoriza\u00e7\u00f5es para apenas voz e viol\u00e3o, no prazo de 5 dias, sob pena de multa no valor de R$ 5.000,00 (cinco mil reais) por local que descumpra, durante os dias de descumprimento.<\/p>\n<p style=\"text-align: justify;\">A Prefeitura ter\u00e1 um prazo de 30 (trinta) dias para apresentar defesa. A decis\u00e3o \u00e9 da 1\u00aa Vara da Fazenda P\u00fablica da Comarca de Paulo Afonso, assinada pelo juiz Cl\u00e1udio Santos Pantoja Sobrinho.<\/p>\n<p style=\"text-align: justify;\"><em>Fonte: RedeGN<\/em><\/p>\n","protected":false},"excerpt":{"rendered":"<p>Foi realizada na ter\u00e7a-feira (28), no audit\u00f3rio Edison Teixeira, em Paulo Afonso, Bahia, uma &nbsp;reuni\u00e3o mobilizada por representantes da sociedade civil, contou com a presen\u00e7a de empres\u00e1rios, donos de bares e restaurantes, m\u00fasicos, artistas da &nbsp;cultura local, propriet\u00e1rios de som, a C\u00e2mara de dirigentes Lojistas \u2013 CDL e membros do Conselho Municipal de Cultura, advogados, [&hellip;]<\/p>\n","protected":false},"author":1,"featured_media":51073,"comment_status":"closed","ping_status":"open","sticky":false,"template":"","format":"standard","meta":{"_uag_custom_page_level_css":"","_monsterinsights_skip_tracking":false,"_monsterinsights_sitenote_active":false,"_monsterinsights_sitenote_note":"","_monsterinsights_sitenote_category":0,"jetpack_post_was_ever_published":false,"_jetpack_newsletter_access":"","_jetpack_dont_email_post_to_subs":false,"_jetpack_newsletter_tier_id":0,"_jetpack_memberships_contains_paywalled_content":false,"_jetpack_memberships_contains_paid_content":false,"footnotes":"","jetpack_publicize_message":"","jetpack_publicize_feature_enabled":true,"jetpack_social_post_already_shared":true,"jetpack_social_options":{"image_generator_settings":{"template":"highway","default_image_id":0,"font":"","enabled":false},"version":2}},"categories":[199],"tags":[],"class_list":["post-51060","post","type-post","status-publish","format-standard","has-post-thumbnail","hentry","category-bahia"],"jetpack_publicize_connections":[],"jetpack_featured_media_url":"https:\/\/blogopara.com.br\/wp-content\/uploads\/2023\/03\/sitepa-crop-e1680226975232.jpg","uagb_featured_image_src":{"full":["https:\/\/blogopara.com.br\/wp-content\/uploads\/2023\/03\/sitepa-crop-e1680226975232.jpg",499,332,false],"thumbnail":["https:\/\/blogopara.com.br\/wp-content\/uploads\/2023\/03\/sitepa-crop-e1680226975232-150x150.jpg",150,150,true],"medium":["https:\/\/blogopara.com.br\/wp-content\/uploads\/2023\/03\/sitepa-crop-e1680226975232-300x200.jpg",300,200,true],"medium_large":["https:\/\/blogopara.com.br\/wp-content\/uploads\/2023\/03\/sitepa-crop-e1680226975232.jpg",499,332,false],"large":["https:\/\/blogopara.com.br\/wp-content\/uploads\/2023\/03\/sitepa-crop-e1680226975232.jpg",499,332,false],"1536x1536":["https:\/\/blogopara.com.br\/wp-content\/uploads\/2023\/03\/sitepa-crop-e1680226975232.jpg",499,332,false],"2048x2048":["https:\/\/blogopara.com.br\/wp-content\/uploads\/2023\/03\/sitepa-crop-e1680226975232.jpg",499,332,false],"mantranews-slider-large":["https:\/\/blogopara.com.br\/wp-content\/uploads\/2023\/03\/sitepa-crop-e1680226975232.jpg",499,332,false],"mantranews-featured-medium":["https:\/\/blogopara.com.br\/wp-content\/uploads\/2023\/03\/sitepa-crop-e1680226975232-420x307.jpg",420,307,true],"mantranews-featured-long":["https:\/\/blogopara.com.br\/wp-content\/uploads\/2023\/03\/sitepa-crop-e1680226975232-300x332.jpg",300,332,true],"mantranews-block-medium":["https:\/\/blogopara.com.br\/wp-content\/uploads\/2023\/03\/sitepa-crop-e1680226975232-464x290.jpg",464,290,true],"mantranews-carousel-image":["https:\/\/blogopara.com.br\/wp-content\/uploads\/2023\/03\/sitepa-crop-500x500.jpg",500,500,true],"mantranews-block-thumb":["https:\/\/blogopara.com.br\/wp-content\/uploads\/2023\/03\/sitepa-crop-e1680226975232-322x230.jpg",322,230,true],"mantranews-single-large":["https:\/\/blogopara.com.br\/wp-content\/uploads\/2023\/03\/sitepa-crop-e1680226975232.jpg",499,332,false]},"uagb_author_info":{"display_name":"Reda\u00e7\u00e3o geral","author_link":"https:\/\/blogopara.com.br\/index.php\/author\/blogopara"},"uagb_comment_info":0,"uagb_excerpt":"Foi realizada na ter\u00e7a-feira (28), no audit\u00f3rio Edison Teixeira, em Paulo Afonso, Bahia, uma &nbsp;reuni\u00e3o mobilizada por representantes da sociedade civil, contou com a presen\u00e7a de empres\u00e1rios, donos de bares e restaurantes, m\u00fasicos, artistas da &nbsp;cultura local, propriet\u00e1rios de som, a C\u00e2mara de dirigentes Lojistas \u2013 CDL e membros do Conselho Municipal de Cultura, advogados,&hellip;","jetpack_sharing_enabled":true,"jetpack_likes_enabled":true,"_links":{"self":[{"href":"https:\/\/blogopara.com.br\/index.php\/wp-json\/wp\/v2\/posts\/51060","targetHints":{"allow":["GET"]}}],"collection":[{"href":"https:\/\/blogopara.com.br\/index.php\/wp-json\/wp\/v2\/posts"}],"about":[{"href":"https:\/\/blogopara.com.br\/index.php\/wp-json\/wp\/v2\/types\/post"}],"author":[{"embeddable":true,"href":"https:\/\/blogopara.com.br\/index.php\/wp-json\/wp\/v2\/users\/1"}],"replies":[{"embeddable":true,"href":"https:\/\/blogopara.com.br\/index.php\/wp-json\/wp\/v2\/comments?post=51060"}],"version-history":[{"count":2,"href":"https:\/\/blogopara.com.br\/index.php\/wp-json\/wp\/v2\/posts\/51060\/revisions"}],"predecessor-version":[{"id":51074,"href":"https:\/\/blogopara.com.br\/index.php\/wp-json\/wp\/v2\/posts\/51060\/revisions\/51074"}],"wp:featuredmedia":[{"embeddable":true,"href":"https:\/\/blogopara.com.br\/index.php\/wp-json\/wp\/v2\/media\/51073"}],"wp:attachment":[{"href":"https:\/\/blogopara.com.br\/index.php\/wp-json\/wp\/v2\/media?parent=51060"}],"wp:term":[{"taxonomy":"category","embeddable":true,"href":"https:\/\/blogopara.com.br\/index.php\/wp-json\/wp\/v2\/categories?post=51060"},{"taxonomy":"post_tag","embeddable":true,"href":"https:\/\/blogopara.com.br\/index.php\/wp-json\/wp\/v2\/tags?post=51060"}],"curies":[{"name":"wp","href":"https:\/\/api.w.org\/{rel}","templated":true}]}}