{"id":51145,"date":"2023-04-03T16:00:00","date_gmt":"2023-04-03T19:00:00","guid":{"rendered":"https:\/\/blogopara.com.br\/?p=51145"},"modified":"2023-04-02T22:59:26","modified_gmt":"2023-04-03T01:59:26","slug":"abril-azul-diagnostico-do-autismo-e-realizado-de-forma-multidisciplinar-destaca-fonoaudiologa-da-secretaria-de-saude-de-juazeiro","status":"publish","type":"post","link":"https:\/\/blogopara.com.br\/index.php\/2023\/04\/03\/abril-azul-diagnostico-do-autismo-e-realizado-de-forma-multidisciplinar-destaca-fonoaudiologa-da-secretaria-de-saude-de-juazeiro","title":{"rendered":"Abril Azul: \u201cDiagn\u00f3stico do autismo \u00e9 realizado de forma multidisciplinar\u201d, destaca fonoaudi\u00f3loga da Secretaria de Sa\u00fade de Juazeiro"},"content":{"rendered":"<p style=\"text-align: justify;\">O Transtorno do Espectro Autista, popularmente conhecido por TEA, \u00e9 um dist\u00farbio de neurodesenvolvimento caracterizado por fragilidades comportamentais, comunicativas e sociais. A fonoaudi\u00f3loga especialista em ABA (Applied Behavior Analysis ou An\u00e1lise do Comportamento Aplicada) que est\u00e1 como diretora do Centro Regional de Reabilita\u00e7\u00e3o, Preven\u00e7\u00e3o e Inclus\u00e3o Social, da Secretaria de Sa\u00fade de Juazeiro (Sesau), Ver\u00f4nica Pesqueira, explica que o diagn\u00f3stico \u00e9, em sua maior parte, observacional e realizado por equipe multidisciplinar, a partir de caracter\u00edsticas com base nos marcos do desenvolvimento infantil.<\/p>\n<p style=\"text-align: justify;\">De acordo com Ver\u00f4nica Pesqueira, s\u00e3o comportamentos caracter\u00edsticos do TEA: dificuldades para interagir e para compreender gestos comunicativos, baixo contato visual, foco excessivo em alguns objetos, brincar n\u00e3o simb\u00f3lico, sensibilidades sensoriais, n\u00e3o emiss\u00e3o de sons ou repeti\u00e7\u00f5es de algumas palavras. \u201cOs pais podem acompanhar os marcos de desenvolvimento pelo cart\u00e3o de vacina da crian\u00e7a. Caso identifiquem alguma altera\u00e7\u00e3o, devem procurar a sua UBS para avalia\u00e7\u00e3o e direcionamento para o especialista, que \u00e9 o neuropediatra na Policl\u00ednica Municipal. A neuropediatra da Policl\u00ednica do munic\u00edpio realizar\u00e1 os encaminhamentos necess\u00e1rios para estimula\u00e7\u00e3o dos aspectos fragilizados por meio dos atendimentos multidisciplinares\u201d, explicou a fonoaudi\u00f3loga especialista em ABA.<\/p>\n<p style=\"text-align: justify;\">Atualmente o Cerpris e o Centro de Aten\u00e7\u00e3o Psicossocial Infanto-juvenil (Caps IJ) s\u00e3o respons\u00e1veis pelo acolhimento de pacientes com TEA. \u201cA neuropediatra direciona de acordo com cada demanda para os servi\u00e7os ofertados pelo munic\u00edpio\u201d, disse Ver\u00f4nica Pesqueira.<\/p>\n<h4 style=\"text-align: justify;\"><strong>Abril Azul<\/strong><\/h4>\n<p style=\"text-align: justify;\">O Abril Azul \u00e9 dedicado \u00e0 conscientiza\u00e7\u00e3o do autismo. A campanha mundial de 2023 tem como tema: \u201cMais informa\u00e7\u00e3o, menos preconceito\u201d.<\/p>\n<p style=\"text-align: justify;\"><em>Fonte: Ascom\/Sesau\/PMJ<\/em><\/p>\n","protected":false},"excerpt":{"rendered":"<p>O Transtorno do Espectro Autista, popularmente conhecido por TEA, \u00e9 um dist\u00farbio de neurodesenvolvimento caracterizado por fragilidades comportamentais, comunicativas e sociais. A fonoaudi\u00f3loga especialista em ABA (Applied Behavior Analysis ou An\u00e1lise do Comportamento Aplicada) que est\u00e1 como diretora do Centro Regional de Reabilita\u00e7\u00e3o, Preven\u00e7\u00e3o e Inclus\u00e3o Social, da Secretaria de Sa\u00fade de Juazeiro (Sesau), Ver\u00f4nica [&hellip;]<\/p>\n","protected":false},"author":1,"featured_media":51138,"comment_status":"closed","ping_status":"open","sticky":false,"template":"","format":"standard","meta":{"_uag_custom_page_level_css":"","_monsterinsights_skip_tracking":false,"_monsterinsights_sitenote_active":false,"_monsterinsights_sitenote_note":"","_monsterinsights_sitenote_category":0,"jetpack_post_was_ever_published":false,"_jetpack_newsletter_access":"","_jetpack_dont_email_post_to_subs":false,"_jetpack_newsletter_tier_id":0,"_jetpack_memberships_contains_paywalled_content":false,"_jetpack_memberships_contains_paid_content":false,"footnotes":"","jetpack_publicize_message":"","jetpack_publicize_feature_enabled":true,"jetpack_social_post_already_shared":true,"jetpack_social_options":{"image_generator_settings":{"template":"highway","default_image_id":0,"font":"","enabled":false},"version":2}},"categories":[1504,203],"tags":[10807,683,143,340],"class_list":["post-51145","post","type-post","status-publish","format-standard","has-post-thumbnail","hentry","category-comunidade","category-juazeiro","tag-abril-azul","tag-autismo","tag-juazeiro-da-bahia","tag-prefeitura-de-juazeiro"],"jetpack_publicize_connections":[],"jetpack_featured_media_url":"https:\/\/blogopara.com.br\/wp-content\/uploads\/2023\/04\/card-abril-azul-Sesau.jpeg","uagb_featured_image_src":{"full":["https:\/\/blogopara.com.br\/wp-content\/uploads\/2023\/04\/card-abril-azul-Sesau.jpeg",500,500,false],"thumbnail":["https:\/\/blogopara.com.br\/wp-content\/uploads\/2023\/04\/card-abril-azul-Sesau-150x150.jpeg",150,150,true],"medium":["https:\/\/blogopara.com.br\/wp-content\/uploads\/2023\/04\/card-abril-azul-Sesau-300x300.jpeg",300,300,true],"medium_large":["https:\/\/blogopara.com.br\/wp-content\/uploads\/2023\/04\/card-abril-azul-Sesau.jpeg",500,500,false],"large":["https:\/\/blogopara.com.br\/wp-content\/uploads\/2023\/04\/card-abril-azul-Sesau.jpeg",500,500,false],"1536x1536":["https:\/\/blogopara.com.br\/wp-content\/uploads\/2023\/04\/card-abril-azul-Sesau.jpeg",500,500,false],"2048x2048":["https:\/\/blogopara.com.br\/wp-content\/uploads\/2023\/04\/card-abril-azul-Sesau.jpeg",500,500,false],"mantranews-slider-large":["https:\/\/blogopara.com.br\/wp-content\/uploads\/2023\/04\/card-abril-azul-Sesau.jpeg",500,500,false],"mantranews-featured-medium":["https:\/\/blogopara.com.br\/wp-content\/uploads\/2023\/04\/card-abril-azul-Sesau-420x307.jpeg",420,307,true],"mantranews-featured-long":["https:\/\/blogopara.com.br\/wp-content\/uploads\/2023\/04\/card-abril-azul-Sesau-300x443.jpeg",300,443,true],"mantranews-block-medium":["https:\/\/blogopara.com.br\/wp-content\/uploads\/2023\/04\/card-abril-azul-Sesau-464x290.jpeg",464,290,true],"mantranews-carousel-image":["https:\/\/blogopara.com.br\/wp-content\/uploads\/2023\/04\/card-abril-azul-Sesau.jpeg",500,500,false],"mantranews-block-thumb":["https:\/\/blogopara.com.br\/wp-content\/uploads\/2023\/04\/card-abril-azul-Sesau-322x230.jpeg",322,230,true],"mantranews-single-large":["https:\/\/blogopara.com.br\/wp-content\/uploads\/2023\/04\/card-abril-azul-Sesau.jpeg",500,500,false]},"uagb_author_info":{"display_name":"Reda\u00e7\u00e3o geral","author_link":"https:\/\/blogopara.com.br\/index.php\/author\/blogopara"},"uagb_comment_info":0,"uagb_excerpt":"O Transtorno do Espectro Autista, popularmente conhecido por TEA, \u00e9 um dist\u00farbio de neurodesenvolvimento caracterizado por fragilidades comportamentais, comunicativas e sociais. A fonoaudi\u00f3loga especialista em ABA (Applied Behavior Analysis ou An\u00e1lise do Comportamento Aplicada) que est\u00e1 como diretora do Centro Regional de Reabilita\u00e7\u00e3o, Preven\u00e7\u00e3o e Inclus\u00e3o Social, da Secretaria de Sa\u00fade de Juazeiro (Sesau), Ver\u00f4nica&hellip;","jetpack_sharing_enabled":true,"jetpack_likes_enabled":true,"_links":{"self":[{"href":"https:\/\/blogopara.com.br\/index.php\/wp-json\/wp\/v2\/posts\/51145","targetHints":{"allow":["GET"]}}],"collection":[{"href":"https:\/\/blogopara.com.br\/index.php\/wp-json\/wp\/v2\/posts"}],"about":[{"href":"https:\/\/blogopara.com.br\/index.php\/wp-json\/wp\/v2\/types\/post"}],"author":[{"embeddable":true,"href":"https:\/\/blogopara.com.br\/index.php\/wp-json\/wp\/v2\/users\/1"}],"replies":[{"embeddable":true,"href":"https:\/\/blogopara.com.br\/index.php\/wp-json\/wp\/v2\/comments?post=51145"}],"version-history":[{"count":1,"href":"https:\/\/blogopara.com.br\/index.php\/wp-json\/wp\/v2\/posts\/51145\/revisions"}],"predecessor-version":[{"id":51147,"href":"https:\/\/blogopara.com.br\/index.php\/wp-json\/wp\/v2\/posts\/51145\/revisions\/51147"}],"wp:featuredmedia":[{"embeddable":true,"href":"https:\/\/blogopara.com.br\/index.php\/wp-json\/wp\/v2\/media\/51138"}],"wp:attachment":[{"href":"https:\/\/blogopara.com.br\/index.php\/wp-json\/wp\/v2\/media?parent=51145"}],"wp:term":[{"taxonomy":"category","embeddable":true,"href":"https:\/\/blogopara.com.br\/index.php\/wp-json\/wp\/v2\/categories?post=51145"},{"taxonomy":"post_tag","embeddable":true,"href":"https:\/\/blogopara.com.br\/index.php\/wp-json\/wp\/v2\/tags?post=51145"}],"curies":[{"name":"wp","href":"https:\/\/api.w.org\/{rel}","templated":true}]}}