{"id":51148,"date":"2023-04-03T17:00:00","date_gmt":"2023-04-03T20:00:00","guid":{"rendered":"https:\/\/blogopara.com.br\/?p=51148"},"modified":"2023-04-02T23:02:31","modified_gmt":"2023-04-03T02:02:31","slug":"pessimismo-com-a-economia-aumentou-desde-o-inicio-do-governo-lula-diz-datafolha","status":"publish","type":"post","link":"https:\/\/blogopara.com.br\/index.php\/2023\/04\/03\/pessimismo-com-a-economia-aumentou-desde-o-inicio-do-governo-lula-diz-datafolha","title":{"rendered":"Pessimismo com a economia aumentou desde o in\u00edcio do governo Lula, diz Datafolha"},"content":{"rendered":"<p style=\"text-align: justify;\">O n\u00famero de brasileiros que dizem acreditar em uma piora da economia nos pr\u00f3ximos meses aumentou em mar\u00e7o, segundo dados da pesquisa Datafolha divulgada neste domingo (2). O levantamento sobre o tema \u00e9 o primeiro feito ap\u00f3s o in\u00edcio do governo do presidente Luiz In\u00e1cio Lula da Silva (PT).<\/p>\n<p style=\"text-align: justify;\">Segundo a pesquisa, 26% dizem que a situa\u00e7\u00e3o econ\u00f4mica do pa\u00eds deve piorar nos pr\u00f3ximos meses, mesmo resultado daqueles que acreditam que n\u00e3o haver\u00e1 mudan\u00e7a.<\/p>\n<p style=\"text-align: justify;\">No levantamento feito em dezembro, ap\u00f3s a elei\u00e7\u00e3o de Lula, o percentual dos que acreditavam em uma piora da economia era de 20%.<\/p>\n<p style=\"text-align: justify;\">Uma queda foi registrada entre os que contam com uma melhora da atividade econ\u00f4mica, passando de 49%, em dezembro, para 46% em mar\u00e7o.<\/p>\n<p style=\"text-align: justify;\">Foram feitas 2.028 entrevistas entre os dias 29 e 30 de mar\u00e7o em todo o pa\u00eds, distribu\u00eddas em 126 munic\u00edpios. A margem de erro \u00e9 de 2 pontos percentuais, para mais ou para menos.<\/p>\n<p style=\"text-align: justify;\">Com rela\u00e7\u00e3o \u00e0 situa\u00e7\u00e3o do pa\u00eds nos \u00faltimos meses, 41% dos entrevistados dizem que est\u00e1 igual (eram 35%), enquanto 35% falam em piora (38% anteriormente) e, para 23%, o cen\u00e1rio melhorou (ante 26% na edi\u00e7\u00e3o anterior).<\/p>\n<p style=\"text-align: justify;\">Ao serem questionados sobre sua situa\u00e7\u00e3o econ\u00f4mica pessoal, 56% disseram que ir\u00e1 melhorar (contra 59%), enquanto 14% responderam que ir\u00e1 piorar (eram 11% na \u00faltima pesquisa) e, mantendo o mesmo patamar, 28% relatam que dever\u00e1 ficar como est\u00e1.<\/p>\n<p style=\"text-align: justify;\">Desemprego<\/p>\n<p style=\"text-align: justify;\">J\u00e1 com a expectativa de desemprego, o pessimismo tamb\u00e9m aumentou, na compara\u00e7\u00e3o com a pesquisa anterior. Para 44% a taxa de desemprego deve aumentar (eram 36%), enquanto 29% esperam uma redu\u00e7\u00e3o do \u00edndice (ante 37%).<\/p>\n<p style=\"text-align: justify;\">Dados recentes divulgados pelo Instituto Brasileiro de Geografia e Estat\u00edstica (IBGE) demonstram um aumento do desemprego no pa\u00eds.<\/p>\n<p style=\"text-align: justify;\">De acordo com a Pesquisa Nacional por Amostra de Domic\u00edlios Cont\u00ednua (Pnad Cont\u00ednua), publicada na sexta-feira (31), a taxa m\u00e9dia de desemprego no Brasil subiu a 8,6% no trimestre encerrado em fevereiro.<\/p>\n<p style=\"text-align: justify;\">Em compara\u00e7\u00e3o aos tr\u00eas meses anteriores, a taxa de desocupa\u00e7\u00e3o aumentou 0,5 ponto percentual (p.p), e o n\u00famero de desocupados cresceu 5,5%, totalizando 9,2 milh\u00f5es de pessoas.<\/p>\n<h4 style=\"text-align: justify;\">Infla\u00e7\u00e3o<\/h4>\n<p style=\"text-align: justify;\">A pesquisa Datafolha observou ainda como os brasileiros avaliam a infla\u00e7\u00e3o. Para 54%, o \u00edndice deve aumentar nos pr\u00f3ximos meses (eram 39% em dezembro). J\u00e1 20% afirmam que a infla\u00e7\u00e3o deve diminuir e 24% acreditam que ela n\u00e3o deve mudar.<\/p>\n<p style=\"text-align: justify;\">Em fevereiro, o IPCA (\u00cdndice de Pre\u00e7os ao Consumidor Amplo) \u2014que mede a infla\u00e7\u00e3o oficial do pa\u00eds\u2013, acelerou a 0,84%, ap\u00f3s alta de 0,53% em janeiro.<\/p>\n<p style=\"text-align: justify;\">Nos \u00faltimos 12 meses, a infla\u00e7\u00e3o acumulada \u00e9 de 5,60%. Apesar da acelera\u00e7\u00e3o mensal para a taxa mais elevada desde abril de 2022, o \u00edndice passou a acumular nos 12 meses at\u00e9 fevereiro, j\u00e1 que, no m\u00eas anterior, o avan\u00e7o foi de 5,77%.<\/p>\n<p style=\"text-align: justify;\">O n\u00famero permanece acima do centro da meta para 2023, de 3,25%, e do teto da meta, de 4,75%.<\/p>\n<p style=\"text-align: justify;\">Por fim, com rela\u00e7\u00e3o ao poder de compra das fam\u00edlias, 33% dizem que deve aumentar, 31% esperam uma redu\u00e7\u00e3o e 34% n\u00e3o enxergam mudan\u00e7a.<\/p>\n<p style=\"text-align: justify;\"><em>Fonte: CNN Brasil<\/em><\/p>\n","protected":false},"excerpt":{"rendered":"<p>O n\u00famero de brasileiros que dizem acreditar em uma piora da economia nos pr\u00f3ximos meses aumentou em mar\u00e7o, segundo dados da pesquisa Datafolha divulgada neste domingo (2). O levantamento sobre o tema \u00e9 o primeiro feito ap\u00f3s o in\u00edcio do governo do presidente Luiz In\u00e1cio Lula da Silva (PT). Segundo a pesquisa, 26% dizem que [&hellip;]<\/p>\n","protected":false},"author":1,"featured_media":48730,"comment_status":"closed","ping_status":"open","sticky":false,"template":"","format":"standard","meta":{"_uag_custom_page_level_css":"","_monsterinsights_skip_tracking":false,"_monsterinsights_sitenote_active":false,"_monsterinsights_sitenote_note":"","_monsterinsights_sitenote_category":0,"jetpack_post_was_ever_published":false,"_jetpack_newsletter_access":"","_jetpack_dont_email_post_to_subs":false,"_jetpack_newsletter_tier_id":0,"_jetpack_memberships_contains_paywalled_content":false,"_jetpack_memberships_contains_paid_content":false,"footnotes":"","jetpack_publicize_message":"","jetpack_publicize_feature_enabled":true,"jetpack_social_post_already_shared":true,"jetpack_social_options":{"image_generator_settings":{"template":"highway","default_image_id":0,"font":"","enabled":false},"version":2}},"categories":[200,206,197],"tags":[14,5685,554],"class_list":["post-51148","post","type-post","status-publish","format-standard","has-post-thumbnail","hentry","category-brasil","category-economia","category-politica","tag-brasil","tag-inflacao","tag-lula"],"jetpack_publicize_connections":[],"jetpack_featured_media_url":"https:\/\/blogopara.com.br\/wp-content\/uploads\/2023\/01\/1024px-2022-convencao-nacional-do-psb-lula-500x333-1.jpg","uagb_featured_image_src":{"full":["https:\/\/blogopara.com.br\/wp-content\/uploads\/2023\/01\/1024px-2022-convencao-nacional-do-psb-lula-500x333-1.jpg",500,333,false],"thumbnail":["https:\/\/blogopara.com.br\/wp-content\/uploads\/2023\/01\/1024px-2022-convencao-nacional-do-psb-lula-500x333-1-150x150.jpg",150,150,true],"medium":["https:\/\/blogopara.com.br\/wp-content\/uploads\/2023\/01\/1024px-2022-convencao-nacional-do-psb-lula-500x333-1-300x200.jpg",300,200,true],"medium_large":["https:\/\/blogopara.com.br\/wp-content\/uploads\/2023\/01\/1024px-2022-convencao-nacional-do-psb-lula-500x333-1.jpg",500,333,false],"large":["https:\/\/blogopara.com.br\/wp-content\/uploads\/2023\/01\/1024px-2022-convencao-nacional-do-psb-lula-500x333-1.jpg",500,333,false],"1536x1536":["https:\/\/blogopara.com.br\/wp-content\/uploads\/2023\/01\/1024px-2022-convencao-nacional-do-psb-lula-500x333-1.jpg",500,333,false],"2048x2048":["https:\/\/blogopara.com.br\/wp-content\/uploads\/2023\/01\/1024px-2022-convencao-nacional-do-psb-lula-500x333-1.jpg",500,333,false],"mantranews-slider-large":["https:\/\/blogopara.com.br\/wp-content\/uploads\/2023\/01\/1024px-2022-convencao-nacional-do-psb-lula-500x333-1.jpg",500,333,false],"mantranews-featured-medium":["https:\/\/blogopara.com.br\/wp-content\/uploads\/2023\/01\/1024px-2022-convencao-nacional-do-psb-lula-500x333-1-420x307.jpg",420,307,true],"mantranews-featured-long":["https:\/\/blogopara.com.br\/wp-content\/uploads\/2023\/01\/1024px-2022-convencao-nacional-do-psb-lula-500x333-1-300x333.jpg",300,333,true],"mantranews-block-medium":["https:\/\/blogopara.com.br\/wp-content\/uploads\/2023\/01\/1024px-2022-convencao-nacional-do-psb-lula-500x333-1-464x290.jpg",464,290,true],"mantranews-carousel-image":["https:\/\/blogopara.com.br\/wp-content\/uploads\/2023\/01\/1024px-2022-convencao-nacional-do-psb-lula-500x333-1.jpg",500,333,false],"mantranews-block-thumb":["https:\/\/blogopara.com.br\/wp-content\/uploads\/2023\/01\/1024px-2022-convencao-nacional-do-psb-lula-500x333-1-322x230.jpg",322,230,true],"mantranews-single-large":["https:\/\/blogopara.com.br\/wp-content\/uploads\/2023\/01\/1024px-2022-convencao-nacional-do-psb-lula-500x333-1.jpg",500,333,false]},"uagb_author_info":{"display_name":"Reda\u00e7\u00e3o geral","author_link":"https:\/\/blogopara.com.br\/index.php\/author\/blogopara"},"uagb_comment_info":0,"uagb_excerpt":"O n\u00famero de brasileiros que dizem acreditar em uma piora da economia nos pr\u00f3ximos meses aumentou em mar\u00e7o, segundo dados da pesquisa Datafolha divulgada neste domingo (2). O levantamento sobre o tema \u00e9 o primeiro feito ap\u00f3s o in\u00edcio do governo do presidente Luiz In\u00e1cio Lula da Silva (PT). Segundo a pesquisa, 26% dizem que&hellip;","jetpack_sharing_enabled":true,"jetpack_likes_enabled":true,"_links":{"self":[{"href":"https:\/\/blogopara.com.br\/index.php\/wp-json\/wp\/v2\/posts\/51148","targetHints":{"allow":["GET"]}}],"collection":[{"href":"https:\/\/blogopara.com.br\/index.php\/wp-json\/wp\/v2\/posts"}],"about":[{"href":"https:\/\/blogopara.com.br\/index.php\/wp-json\/wp\/v2\/types\/post"}],"author":[{"embeddable":true,"href":"https:\/\/blogopara.com.br\/index.php\/wp-json\/wp\/v2\/users\/1"}],"replies":[{"embeddable":true,"href":"https:\/\/blogopara.com.br\/index.php\/wp-json\/wp\/v2\/comments?post=51148"}],"version-history":[{"count":1,"href":"https:\/\/blogopara.com.br\/index.php\/wp-json\/wp\/v2\/posts\/51148\/revisions"}],"predecessor-version":[{"id":51149,"href":"https:\/\/blogopara.com.br\/index.php\/wp-json\/wp\/v2\/posts\/51148\/revisions\/51149"}],"wp:featuredmedia":[{"embeddable":true,"href":"https:\/\/blogopara.com.br\/index.php\/wp-json\/wp\/v2\/media\/48730"}],"wp:attachment":[{"href":"https:\/\/blogopara.com.br\/index.php\/wp-json\/wp\/v2\/media?parent=51148"}],"wp:term":[{"taxonomy":"category","embeddable":true,"href":"https:\/\/blogopara.com.br\/index.php\/wp-json\/wp\/v2\/categories?post=51148"},{"taxonomy":"post_tag","embeddable":true,"href":"https:\/\/blogopara.com.br\/index.php\/wp-json\/wp\/v2\/tags?post=51148"}],"curies":[{"name":"wp","href":"https:\/\/api.w.org\/{rel}","templated":true}]}}