{"id":51164,"date":"2023-04-05T07:41:00","date_gmt":"2023-04-05T10:41:00","guid":{"rendered":"https:\/\/blogopara.com.br\/?p=51164"},"modified":"2023-04-04T08:45:05","modified_gmt":"2023-04-04T11:45:05","slug":"covid-19-prefeitura-de-juazeiro-alerta-sobre-a-importancia-da-dose-de-reforco-para-grupos-prioritarios","status":"publish","type":"post","link":"https:\/\/blogopara.com.br\/index.php\/2023\/04\/05\/covid-19-prefeitura-de-juazeiro-alerta-sobre-a-importancia-da-dose-de-reforco-para-grupos-prioritarios","title":{"rendered":"Covid-19: Prefeitura de Juazeiro alerta sobre a import\u00e2ncia da dose de refor\u00e7o para grupos priorit\u00e1rios"},"content":{"rendered":"<p class=\"x_MsoNormal\" style=\"text-align: justify;\">A Prefeitura de Juazeiro, atrav\u00e9s da Secretaria de Sa\u00fade (Sesau), faz um alerta para que as pessoas que est\u00e3o inclu\u00eddas nos grupos priorit\u00e1rios tomem a dose de refor\u00e7o contra a Covid-19. A vacina \u00e9 um meio eficaz para conter os casos graves da doen\u00e7a. Juazeiro j\u00e1 est\u00e1 imunizando com a vacina bivalente todos os p\u00fablicos priorit\u00e1rios descritos pelo Minist\u00e9rio da Sa\u00fade.<\/p>\n<p class=\"x_MsoNormal\" style=\"text-align: justify;\">Devem tomar a vacina bivalente pessoas que vivem ou que trabalham em institui\u00e7\u00f5es de longa perman\u00eancia, ind\u00edgenas, ribeirinhos, quilombolas, pessoas com defici\u00eancia permanente, pessoas imunocomprometidas, todos estes a partir de 12 anos, idosos com 60 anos ou mais, gestantes, pu\u00e9rperas, trabalhadores da sa\u00fade, popula\u00e7\u00e3o privada de liberdade, adolescente em medida socioeducativa e funcion\u00e1rios do sistema de priva\u00e7\u00e3o de liberdade.<\/p>\n<p class=\"x_MsoNormal\" style=\"text-align: justify;\"><b>Comorbidades<\/b><\/p>\n<p class=\"x_MsoNormal\" style=\"text-align: justify;\">Fazem parte do grupo de pessoas imunocomprometidas pacientes diab\u00e9ticos, com pneumopatias graves, hipertens\u00e3o arterial, insufici\u00eancia card\u00edaca, co-pulmonal, hipertens\u00e3o pulmonar, cardiopatia hipertensiva, s\u00edndromes coronarianas, valvopatias, miocardiopatias, pericardiopatias, doen\u00e7as da aorta, dos grandes vasos e f\u00edstulas arteriovenosas, arritmias card\u00edacas, cardiopatia cong\u00eanita no adulto, pr\u00f3teses valvares, dispositivos card\u00edacos implantados, doen\u00e7as neurol\u00f3gicas cr\u00f4nicas, distrofias musculares, doen\u00e7a renal cr\u00f4nica, doen\u00e7a hep\u00e1tica cr\u00f4nica, s\u00edndrome de Down e outras s\u00edndromes gen\u00e9ticas, obesidade m\u00f3rbida, hemoglobinopatias e disfun\u00e7\u00f5es espl\u00eanicas graves.<\/p>\n<p class=\"x_MsoNormal\" style=\"text-align: justify;\"><b>Documentos<\/b><\/p>\n<p class=\"x_MsoNormal\" style=\"text-align: justify;\">Para receber a vacina, \u00e9 necess\u00e1rio ter tomado ao menos duas doses do imunizante e apresentar RG, CPF ou cart\u00e3o SUS e cart\u00e3o de vacina. Pessoas imunocomprometidas precisam levar original e c\u00f3pia do laudo m\u00e9dico.<\/p>\n<p class=\"x_MsoNormal\" style=\"text-align: justify;\">\n<p class=\"x_MsoNormal\" style=\"text-align: justify;\"><b>Locais<\/b><\/p>\n<p class=\"x_MsoNormal\" style=\"text-align: justify;\">A vacina\u00e7\u00e3o est\u00e1 dispon\u00edvel nas Unidades B\u00e1sicas de Sa\u00fade (UBSs):<\/p>\n<p class=\"x_MsoNormal\" style=\"text-align: justify;\"><b>Segunda-feira:<\/b>\u00a0UBS\u2019s Argemiro, Quid\u00e9, Piranga (tarde), CAIC, Dom Jos\u00e9 Rodrigues, Jo\u00e3o XXIII, Ant\u00f4nio Guilhermino, Itaberaba, Jo\u00e3o Paulo II, Residencial Juazeiro, Tabuleiro, Dom Tomas e Alto do Cruzeiro (manh\u00e3)<\/p>\n<p class=\"x_MsoNormal\" style=\"text-align: justify;\"><b>Ter\u00e7a-feira<\/b>: UBS\u2019s Argemiro, Quid\u00e9, Maring\u00e1, Santo Ant\u00f4nio, Palmares, Jardim Fl\u00f3rida, Piranga (tarde), Alto da Alian\u00e7a, CAIC, Dom Jos\u00e9 Rodrigues, Jo\u00e3o XXIII, Ant\u00f4nio Guilhermino, Itaberaba, Jo\u00e3o Paulo II, Parque Residencial, Residencial Juazeiro, Tabuleiro, Angari, Novo Encontro, S\u00e3o Geraldo, Vila Jacar\u00e9, Dom Tomas e Alto do Cruzeiro (manh\u00e3)<\/p>\n<p class=\"x_MsoNormal\" style=\"text-align: justify;\"><b>Quarta-feira:<\/b>\u00a0UBS\u2019s Argemiro, Quid\u00e9, Maring\u00e1, Santo Ant\u00f4nio, Palmares, Jardim Fl\u00f3rida, Piranga (tarde), Alto da Alian\u00e7a, CAIC, Dom Jos\u00e9 Rodrigues, Jo\u00e3o XXIII, Ant\u00f4nio Guilhermino, Jo\u00e3o Paulo II, Parque Residencial, Residencial Juazeiro, Novo Encontro, S\u00e3o Geraldo, Vila Jacar\u00e9, Dom Tomas e Alto do Cruzeiro (manh\u00e3)<\/p>\n<p class=\"x_MsoNormal\" style=\"text-align: justify;\"><b>Quinta-feira:<\/b>\u00a0UBS\u2019s Argemiro, Quid\u00e9, Maring\u00e1, Santo Ant\u00f4nio, Palmares, Jardim Fl\u00f3rida, Piranga (tarde), Alto da Alian\u00e7a, CAIC, Dom Jos\u00e9 Rodrigues, Jo\u00e3o XXIII, Ant\u00f4nio Guilhermino, Itaberaba, Jo\u00e3o Paulo II, Parque Residencial, Residencial Juazeiro, Tabuleiro, Angari, Novo Encontro, S\u00e3o Geraldo, Vila Jacar\u00e9, Dom Tomas e Alto do Cruzeiro (manh\u00e3)<\/p>\n<p class=\"x_MsoNormal\" style=\"text-align: justify;\"><b>Sexta-feira:<\/b>\u00a0UBS\u2019s Argemiro, Maring\u00e1, Santo Ant\u00f4nio, Palmares, Jardim Fl\u00f3rida, Piranga (tarde), Alto da Alian\u00e7a, Dom Jos\u00e9 Rodrigues, Jo\u00e3o XXIII, Itaberaba, Jo\u00e3o Paulo II, Parque Residencial, Tabuleiro, Angari, Novo Encontro, S\u00e3o Geraldo, Vila Jacar\u00e9 e Alto do Cruzeiro (manh\u00e3).<\/p>\n<p class=\"x_MsoNormal\" style=\"text-align: justify;\">\n","protected":false},"excerpt":{"rendered":"<p>A Prefeitura de Juazeiro, atrav\u00e9s da Secretaria de Sa\u00fade (Sesau), faz um alerta para que as pessoas que est\u00e3o inclu\u00eddas nos grupos priorit\u00e1rios tomem a dose de refor\u00e7o contra a Covid-19. A vacina \u00e9 um meio eficaz para conter os casos graves da doen\u00e7a. Juazeiro j\u00e1 est\u00e1 imunizando com a vacina bivalente todos os p\u00fablicos [&hellip;]<\/p>\n","protected":false},"author":1,"featured_media":47831,"comment_status":"closed","ping_status":"open","sticky":false,"template":"","format":"standard","meta":{"_uag_custom_page_level_css":"","_monsterinsights_skip_tracking":false,"_monsterinsights_sitenote_active":false,"_monsterinsights_sitenote_note":"","_monsterinsights_sitenote_category":0,"jetpack_post_was_ever_published":false,"_jetpack_newsletter_access":"","_jetpack_dont_email_post_to_subs":false,"_jetpack_newsletter_tier_id":0,"_jetpack_memberships_contains_paywalled_content":false,"_jetpack_memberships_contains_paid_content":false,"footnotes":"","jetpack_publicize_message":"","jetpack_publicize_feature_enabled":true,"jetpack_social_post_already_shared":true,"jetpack_social_options":{"image_generator_settings":{"template":"highway","default_image_id":0,"font":"","enabled":false},"version":2}},"categories":[1629,1624],"tags":[],"class_list":["post-51164","post","type-post","status-publish","format-standard","has-post-thumbnail","hentry","category-ciencia","category-covid-19"],"jetpack_publicize_connections":[],"jetpack_featured_media_url":"https:\/\/blogopara.com.br\/wp-content\/uploads\/2022\/12\/vacina_crianca-1.jpeg","uagb_featured_image_src":{"full":["https:\/\/blogopara.com.br\/wp-content\/uploads\/2022\/12\/vacina_crianca-1.jpeg",500,333,false],"thumbnail":["https:\/\/blogopara.com.br\/wp-content\/uploads\/2022\/12\/vacina_crianca-1-150x150.jpeg",150,150,true],"medium":["https:\/\/blogopara.com.br\/wp-content\/uploads\/2022\/12\/vacina_crianca-1-300x200.jpeg",300,200,true],"medium_large":["https:\/\/blogopara.com.br\/wp-content\/uploads\/2022\/12\/vacina_crianca-1.jpeg",500,333,false],"large":["https:\/\/blogopara.com.br\/wp-content\/uploads\/2022\/12\/vacina_crianca-1.jpeg",500,333,false],"1536x1536":["https:\/\/blogopara.com.br\/wp-content\/uploads\/2022\/12\/vacina_crianca-1.jpeg",500,333,false],"2048x2048":["https:\/\/blogopara.com.br\/wp-content\/uploads\/2022\/12\/vacina_crianca-1.jpeg",500,333,false],"mantranews-slider-large":["https:\/\/blogopara.com.br\/wp-content\/uploads\/2022\/12\/vacina_crianca-1.jpeg",500,333,false],"mantranews-featured-medium":["https:\/\/blogopara.com.br\/wp-content\/uploads\/2022\/12\/vacina_crianca-1-420x307.jpeg",420,307,true],"mantranews-featured-long":["https:\/\/blogopara.com.br\/wp-content\/uploads\/2022\/12\/vacina_crianca-1-300x333.jpeg",300,333,true],"mantranews-block-medium":["https:\/\/blogopara.com.br\/wp-content\/uploads\/2022\/12\/vacina_crianca-1-464x290.jpeg",464,290,true],"mantranews-carousel-image":["https:\/\/blogopara.com.br\/wp-content\/uploads\/2022\/12\/vacina_crianca-1.jpeg",500,333,false],"mantranews-block-thumb":["https:\/\/blogopara.com.br\/wp-content\/uploads\/2022\/12\/vacina_crianca-1-322x230.jpeg",322,230,true],"mantranews-single-large":["https:\/\/blogopara.com.br\/wp-content\/uploads\/2022\/12\/vacina_crianca-1.jpeg",500,333,false]},"uagb_author_info":{"display_name":"Reda\u00e7\u00e3o geral","author_link":"https:\/\/blogopara.com.br\/index.php\/author\/blogopara"},"uagb_comment_info":0,"uagb_excerpt":"A Prefeitura de Juazeiro, atrav\u00e9s da Secretaria de Sa\u00fade (Sesau), faz um alerta para que as pessoas que est\u00e3o inclu\u00eddas nos grupos priorit\u00e1rios tomem a dose de refor\u00e7o contra a Covid-19. A vacina \u00e9 um meio eficaz para conter os casos graves da doen\u00e7a. Juazeiro j\u00e1 est\u00e1 imunizando com a vacina bivalente todos os p\u00fablicos&hellip;","jetpack_sharing_enabled":true,"jetpack_likes_enabled":true,"_links":{"self":[{"href":"https:\/\/blogopara.com.br\/index.php\/wp-json\/wp\/v2\/posts\/51164","targetHints":{"allow":["GET"]}}],"collection":[{"href":"https:\/\/blogopara.com.br\/index.php\/wp-json\/wp\/v2\/posts"}],"about":[{"href":"https:\/\/blogopara.com.br\/index.php\/wp-json\/wp\/v2\/types\/post"}],"author":[{"embeddable":true,"href":"https:\/\/blogopara.com.br\/index.php\/wp-json\/wp\/v2\/users\/1"}],"replies":[{"embeddable":true,"href":"https:\/\/blogopara.com.br\/index.php\/wp-json\/wp\/v2\/comments?post=51164"}],"version-history":[{"count":1,"href":"https:\/\/blogopara.com.br\/index.php\/wp-json\/wp\/v2\/posts\/51164\/revisions"}],"predecessor-version":[{"id":51165,"href":"https:\/\/blogopara.com.br\/index.php\/wp-json\/wp\/v2\/posts\/51164\/revisions\/51165"}],"wp:featuredmedia":[{"embeddable":true,"href":"https:\/\/blogopara.com.br\/index.php\/wp-json\/wp\/v2\/media\/47831"}],"wp:attachment":[{"href":"https:\/\/blogopara.com.br\/index.php\/wp-json\/wp\/v2\/media?parent=51164"}],"wp:term":[{"taxonomy":"category","embeddable":true,"href":"https:\/\/blogopara.com.br\/index.php\/wp-json\/wp\/v2\/categories?post=51164"},{"taxonomy":"post_tag","embeddable":true,"href":"https:\/\/blogopara.com.br\/index.php\/wp-json\/wp\/v2\/tags?post=51164"}],"curies":[{"name":"wp","href":"https:\/\/api.w.org\/{rel}","templated":true}]}}