{"id":51237,"date":"2023-04-05T11:40:10","date_gmt":"2023-04-05T14:40:10","guid":{"rendered":"https:\/\/blogopara.com.br\/?p=51237"},"modified":"2023-04-05T11:40:11","modified_gmt":"2023-04-05T14:40:11","slug":"santa-catarina-homem-pula-muro-de-creche-em-blumenau-e-mata-4-criancas","status":"publish","type":"post","link":"https:\/\/blogopara.com.br\/index.php\/2023\/04\/05\/santa-catarina-homem-pula-muro-de-creche-em-blumenau-e-mata-4-criancas","title":{"rendered":"Santa Catarina: Homem pula muro de creche em Blumenau e mata 4 crian\u00e7as"},"content":{"rendered":"<p style=\"text-align: justify;\">Um homem de 25 anos invadiu uma creche em Blumenau, no Vale do Itaja\u00ed (SC), na manh\u00e3 desta quarta-feira (5), e matou ao menos quatro crian\u00e7as e deixou uma em estado grave. Al\u00e9m disso, h\u00e1 tr\u00eas adultos feridos. O suspeito atacou as v\u00edtimas com uma arma branca \u2013 testemunhas falam em uma machadinha \u2013 e depois foi preso pela Pol\u00edcia Militar.<\/p>\n<p style=\"text-align: justify;\">Segundo a imprensa local, ele foi preso com a ajuda de testemunhas que viram o homem descendo de uma moto e pulando o muro da creche. O ataque ocorreu no Centro de Educa\u00e7\u00e3o Infantil Cantinho Bom Pastor.<\/p>\n<p style=\"text-align: justify;\">De acordo com o portal NSC Total, parceiro do Metr\u00f3poles, afirma que a ocorr\u00eancia mobiliza Pol\u00edcia Militar, Corpo de Bombeiros, Samu, agentes de tr\u00e2nsito e at\u00e9 mesmo ambul\u00e2ncias particulares. Pais se aglomeram no entorno da unidade de educa\u00e7\u00e3o. O site tamb\u00e9m diz que o delegado-geral da Pol\u00edcia Civil, Ulisses Gabriel, colocar\u00e1 a Diretoria Estadual de Investiga\u00e7\u00f5es Criminais (Deic) para ajudar na ocorr\u00eancia. (Metr\u00f3poles)<\/p>\n","protected":false},"excerpt":{"rendered":"<p>Um homem de 25 anos invadiu uma creche em Blumenau, no Vale do Itaja\u00ed (SC), na manh\u00e3 desta quarta-feira (5), e matou ao menos quatro crian\u00e7as e deixou uma em estado grave. Al\u00e9m disso, h\u00e1 tr\u00eas adultos feridos. O suspeito atacou as v\u00edtimas com uma arma branca \u2013 testemunhas falam em uma machadinha \u2013 e [&hellip;]<\/p>\n","protected":false},"author":1,"featured_media":51238,"comment_status":"closed","ping_status":"open","sticky":false,"template":"","format":"standard","meta":{"_uag_custom_page_level_css":"","_monsterinsights_skip_tracking":false,"_monsterinsights_sitenote_active":false,"_monsterinsights_sitenote_note":"","_monsterinsights_sitenote_category":0,"jetpack_post_was_ever_published":false,"_jetpack_newsletter_access":"","_jetpack_dont_email_post_to_subs":false,"_jetpack_newsletter_tier_id":0,"_jetpack_memberships_contains_paywalled_content":false,"_jetpack_memberships_contains_paid_content":false,"footnotes":"","jetpack_publicize_message":"","jetpack_publicize_feature_enabled":true,"jetpack_social_post_already_shared":true,"jetpack_social_options":{"image_generator_settings":{"template":"highway","default_image_id":0,"font":"","enabled":false},"version":2}},"categories":[200,202],"tags":[],"class_list":["post-51237","post","type-post","status-publish","format-standard","has-post-thumbnail","hentry","category-brasil","category-policia"],"jetpack_publicize_connections":[],"jetpack_featured_media_url":"https:\/\/blogopara.com.br\/wp-content\/uploads\/2023\/04\/74d26706-80ef-42d6-9e2d-e4530b9417d0.jpg","uagb_featured_image_src":{"full":["https:\/\/blogopara.com.br\/wp-content\/uploads\/2023\/04\/74d26706-80ef-42d6-9e2d-e4530b9417d0.jpg",500,374,false],"thumbnail":["https:\/\/blogopara.com.br\/wp-content\/uploads\/2023\/04\/74d26706-80ef-42d6-9e2d-e4530b9417d0-150x150.jpg",150,150,true],"medium":["https:\/\/blogopara.com.br\/wp-content\/uploads\/2023\/04\/74d26706-80ef-42d6-9e2d-e4530b9417d0-300x224.jpg",300,224,true],"medium_large":["https:\/\/blogopara.com.br\/wp-content\/uploads\/2023\/04\/74d26706-80ef-42d6-9e2d-e4530b9417d0.jpg",500,374,false],"large":["https:\/\/blogopara.com.br\/wp-content\/uploads\/2023\/04\/74d26706-80ef-42d6-9e2d-e4530b9417d0.jpg",500,374,false],"1536x1536":["https:\/\/blogopara.com.br\/wp-content\/uploads\/2023\/04\/74d26706-80ef-42d6-9e2d-e4530b9417d0.jpg",500,374,false],"2048x2048":["https:\/\/blogopara.com.br\/wp-content\/uploads\/2023\/04\/74d26706-80ef-42d6-9e2d-e4530b9417d0.jpg",500,374,false],"mantranews-slider-large":["https:\/\/blogopara.com.br\/wp-content\/uploads\/2023\/04\/74d26706-80ef-42d6-9e2d-e4530b9417d0.jpg",500,374,false],"mantranews-featured-medium":["https:\/\/blogopara.com.br\/wp-content\/uploads\/2023\/04\/74d26706-80ef-42d6-9e2d-e4530b9417d0-420x307.jpg",420,307,true],"mantranews-featured-long":["https:\/\/blogopara.com.br\/wp-content\/uploads\/2023\/04\/74d26706-80ef-42d6-9e2d-e4530b9417d0-300x374.jpg",300,374,true],"mantranews-block-medium":["https:\/\/blogopara.com.br\/wp-content\/uploads\/2023\/04\/74d26706-80ef-42d6-9e2d-e4530b9417d0-464x290.jpg",464,290,true],"mantranews-carousel-image":["https:\/\/blogopara.com.br\/wp-content\/uploads\/2023\/04\/74d26706-80ef-42d6-9e2d-e4530b9417d0.jpg",500,374,false],"mantranews-block-thumb":["https:\/\/blogopara.com.br\/wp-content\/uploads\/2023\/04\/74d26706-80ef-42d6-9e2d-e4530b9417d0-322x230.jpg",322,230,true],"mantranews-single-large":["https:\/\/blogopara.com.br\/wp-content\/uploads\/2023\/04\/74d26706-80ef-42d6-9e2d-e4530b9417d0.jpg",500,374,false]},"uagb_author_info":{"display_name":"Reda\u00e7\u00e3o geral","author_link":"https:\/\/blogopara.com.br\/index.php\/author\/blogopara"},"uagb_comment_info":0,"uagb_excerpt":"Um homem de 25 anos invadiu uma creche em Blumenau, no Vale do Itaja\u00ed (SC), na manh\u00e3 desta quarta-feira (5), e matou ao menos quatro crian\u00e7as e deixou uma em estado grave. Al\u00e9m disso, h\u00e1 tr\u00eas adultos feridos. O suspeito atacou as v\u00edtimas com uma arma branca \u2013 testemunhas falam em uma machadinha \u2013 e&hellip;","jetpack_sharing_enabled":true,"jetpack_likes_enabled":true,"_links":{"self":[{"href":"https:\/\/blogopara.com.br\/index.php\/wp-json\/wp\/v2\/posts\/51237","targetHints":{"allow":["GET"]}}],"collection":[{"href":"https:\/\/blogopara.com.br\/index.php\/wp-json\/wp\/v2\/posts"}],"about":[{"href":"https:\/\/blogopara.com.br\/index.php\/wp-json\/wp\/v2\/types\/post"}],"author":[{"embeddable":true,"href":"https:\/\/blogopara.com.br\/index.php\/wp-json\/wp\/v2\/users\/1"}],"replies":[{"embeddable":true,"href":"https:\/\/blogopara.com.br\/index.php\/wp-json\/wp\/v2\/comments?post=51237"}],"version-history":[{"count":1,"href":"https:\/\/blogopara.com.br\/index.php\/wp-json\/wp\/v2\/posts\/51237\/revisions"}],"predecessor-version":[{"id":51239,"href":"https:\/\/blogopara.com.br\/index.php\/wp-json\/wp\/v2\/posts\/51237\/revisions\/51239"}],"wp:featuredmedia":[{"embeddable":true,"href":"https:\/\/blogopara.com.br\/index.php\/wp-json\/wp\/v2\/media\/51238"}],"wp:attachment":[{"href":"https:\/\/blogopara.com.br\/index.php\/wp-json\/wp\/v2\/media?parent=51237"}],"wp:term":[{"taxonomy":"category","embeddable":true,"href":"https:\/\/blogopara.com.br\/index.php\/wp-json\/wp\/v2\/categories?post=51237"},{"taxonomy":"post_tag","embeddable":true,"href":"https:\/\/blogopara.com.br\/index.php\/wp-json\/wp\/v2\/tags?post=51237"}],"curies":[{"name":"wp","href":"https:\/\/api.w.org\/{rel}","templated":true}]}}