{"id":51259,"date":"2023-04-06T12:00:00","date_gmt":"2023-04-06T15:00:00","guid":{"rendered":"https:\/\/blogopara.com.br\/?p=51259"},"modified":"2023-04-05T22:50:28","modified_gmt":"2023-04-06T01:50:28","slug":"relembre-outros-casos-de-ataques-em-escolas-no-brasil-desde-2002","status":"publish","type":"post","link":"https:\/\/blogopara.com.br\/index.php\/2023\/04\/06\/relembre-outros-casos-de-ataques-em-escolas-no-brasil-desde-2002","title":{"rendered":"Relembre outros casos de ataques em escolas no Brasil desde 2002"},"content":{"rendered":"<p style=\"text-align: justify;\">O\u00a0ataque em uma creche de Blumenau, na manh\u00e3 desta quinta-feira (5), que deixou ao menos quatro crian\u00e7as mortas, marcou ao menos o 20\u00ba ataque em escola no Brasil desde 2002.<\/p>\n<p style=\"text-align: justify;\">De acordo com um levantamento feito pelo Instituto Sou da Paz no final de novembro do ano passado, desde 2002 o Brasil registrou 12 epis\u00f3dios de ataques com armas de fogo em escolas brasileiras.<\/p>\n<p style=\"text-align: justify;\">Al\u00e9m disso, a\u00a0CNN\u00a0levantou ao menos oito epis\u00f3dios de viol\u00eancia no ambiente escolar \u2013 incluindo o desta quinta-feira \u2013 utilizando tamb\u00e9m outros tipos de arma, como facas.<\/p>\n<h4 style=\"text-align: justify;\">Relembre abaixo os casos<\/h4>\n<h2 style=\"text-align: justify;\">Blumenau\/SC \u2013 abril de 2023<\/h2>\n<p style=\"text-align: justify;\">Ao menos quatro crian\u00e7as morreram, nesta quarta-feira (5), ap\u00f3s um homem invadir e atacar uma creche na cidade de Blumenau, em Santa Catarina.<\/p>\n<p style=\"text-align: justify;\">Segundo os bombeiros, tr\u00eas meninos e uma menina, de 5 a 7 anos de idade.<\/p>\n<div class=\"cnnTeads\" style=\"text-align: justify;\">\n<p>O delegado no local disse que o\u00a0<strong>ataque foi feito por um homem com um machado,<\/strong>\u00a0que invadiu a creche.<\/p>\n<p>De acordo com o governo de Santa Catarina, outras cinco crian\u00e7as ficaram feridas e foram levadas para hospitais da regi\u00e3o.<\/p>\n<figure id=\"attachment_2175815\" class=\"wp-caption alignnone\" aria-describedby=\"caption-attachment-2175815\">\n<figure id=\"attachment_2175815\" aria-describedby=\"caption-attachment-2175815\" style=\"width: 1024px\" class=\"wp-caption alignnone\"><img loading=\"lazy\" decoding=\"async\" class=\"wp-image-2175815 size-large\" src=\"https:\/\/www.cnnbrasil.com.br\/wp-content\/uploads\/sites\/12\/2023\/04\/WhatsApp-Image-2023-04-05-at-10.32.45.jpeg?w=1024\" sizes=\"auto, (max-width: 1024px) 100vw, 1024px\" srcset=\"https:\/\/www.cnnbrasil.com.br\/wp-content\/uploads\/sites\/12\/2023\/04\/WhatsApp-Image-2023-04-05-at-10.32.45.jpeg 1280w, https:\/\/www.cnnbrasil.com.br\/wp-content\/uploads\/sites\/12\/2023\/04\/WhatsApp-Image-2023-04-05-at-10.32.45.jpeg?resize=300,225 300w, https:\/\/www.cnnbrasil.com.br\/wp-content\/uploads\/sites\/12\/2023\/04\/WhatsApp-Image-2023-04-05-at-10.32.45.jpeg?resize=768,576 768w, https:\/\/www.cnnbrasil.com.br\/wp-content\/uploads\/sites\/12\/2023\/04\/WhatsApp-Image-2023-04-05-at-10.32.45.jpeg?resize=1024,768 1024w, https:\/\/www.cnnbrasil.com.br\/wp-content\/uploads\/sites\/12\/2023\/04\/WhatsApp-Image-2023-04-05-at-10.32.45.jpeg?resize=73,55 73w, https:\/\/www.cnnbrasil.com.br\/wp-content\/uploads\/sites\/12\/2023\/04\/WhatsApp-Image-2023-04-05-at-10.32.45.jpeg?resize=75,56 75w\" alt=\"Ao menos quatro crian\u00e7as morrem em ataque a creche em Blumenau; suspeito \u00e9 preso\" width=\"1024\" height=\"768\" \/><figcaption id=\"caption-attachment-2175815\" class=\"wp-caption-text\">Ao menos quatro crian\u00e7as morrem em ataque a creche em Blumenau; suspeito \u00e9 preso \/ St\u00eav\u00e3o Limana<\/figcaption><\/figure>\n<figcaption id=\"caption-attachment-2175815\" class=\"wp-caption-text\"><\/figcaption>\n<\/figure>\n<\/div>\n<h2 style=\"text-align: justify;\">S\u00e3o Paulo\/SP \u2013 mar\u00e7o de 2023<\/h2>\n<p style=\"text-align: justify;\">Uma professora morreu, na manh\u00e3 do dia 27 de mar\u00e7o, ap\u00f3s ser esfaqueada por um aluno em uma escola estadual na zona oeste de S\u00e3o Paulo.<\/p>\n<p style=\"text-align: justify;\">A v\u00edtima era Elisabeth Tenreiro, de 71 anos. De acordo com o secret\u00e1rio de Seguran\u00e7a de S\u00e3o Paulo, Guilherme Derrite, outras tr\u00eas professoras e dois alunos foram v\u00edtimas deste epis\u00f3dio.<\/p>\n<p style=\"text-align: justify;\">\u201cN\u00f3s temos quatro professoras e dois alunos v\u00edtimas; das quatro professoras, a Elizabeth lamentavelmente faleceu. N\u00f3s temos tr\u00eas professoras, uma que sofreu alguns golpes, mas encontra-se est\u00e1vel, e as outras duas superficiais. Dos dois alunos, um est\u00e1vel, j\u00e1 atendido, e um outro garoto em estado de choque\u201d, disse Derrite.<\/p>\n<figure id=\"attachment_2155272\" class=\"wp-caption alignnone\" style=\"text-align: justify;\" aria-describedby=\"caption-attachment-2155272\">\n<figure id=\"attachment_2155272\" aria-describedby=\"caption-attachment-2155272\" style=\"width: 1024px\" class=\"wp-caption alignnone\"><img loading=\"lazy\" decoding=\"async\" class=\"wp-image-2155272 size-large\" src=\"https:\/\/www.cnnbrasil.com.br\/wp-content\/uploads\/sites\/12\/2023\/03\/121212.jpeg?w=1024\" sizes=\"auto, (max-width: 1024px) 100vw, 1024px\" srcset=\"https:\/\/www.cnnbrasil.com.br\/wp-content\/uploads\/sites\/12\/2023\/03\/121212.jpeg 1024w, https:\/\/www.cnnbrasil.com.br\/wp-content\/uploads\/sites\/12\/2023\/03\/121212.jpeg?resize=300,164 300w, https:\/\/www.cnnbrasil.com.br\/wp-content\/uploads\/sites\/12\/2023\/03\/121212.jpeg?resize=768,420 768w, https:\/\/www.cnnbrasil.com.br\/wp-content\/uploads\/sites\/12\/2023\/03\/121212.jpeg?resize=65,37 65w, https:\/\/www.cnnbrasil.com.br\/wp-content\/uploads\/sites\/12\/2023\/03\/121212.jpeg?resize=101,55 101w, https:\/\/www.cnnbrasil.com.br\/wp-content\/uploads\/sites\/12\/2023\/03\/121212.jpeg?resize=75,41 75w\" alt=\"Imagens de c\u00e2mera de seguran\u00e7a mostraram aluno de 13 anos atacando professora de 71 anos com faca.\" width=\"1024\" height=\"560\" \/><figcaption id=\"caption-attachment-2155272\" class=\"wp-caption-text\">Imagens de c\u00e2mera de seguran\u00e7a mostraram aluno de 13 anos atacando professora de 71 anos com faca. \/ Reprodu\u00e7\u00e3o<\/figcaption><\/figure>\n<figcaption id=\"caption-attachment-2155272\" class=\"wp-caption-text\"><\/figcaption>\n<\/figure>\n<h2 style=\"text-align: justify;\">Monte Mor\/SP \u2013 fevereiro de 2023<\/h2>\n<p style=\"text-align: justify;\">Um adolescente de 17 anos foi apreendido ap\u00f3s arremessar uma bomba caseira pela janela em uma escola, no dia 13 de fevereiro, em Monte Mor, no interior de S\u00e3o Paulo.<\/p>\n<p style=\"text-align: justify;\">De acordo com a SSP, o artefato chegou a explodir em um vaso sanit\u00e1rio, mas n\u00e3o foram registrados feridos no incidente.<\/p>\n<h2 style=\"text-align: justify;\">Ipaussu\/SP \u2013 dezembro de 2022<\/h2>\n<p style=\"text-align: justify;\">Na noite do dia 14 de dezembro, um jovem de 22 anos invadiu uma escola do interior de Ipaussu (SP) ap\u00f3s esfaquear duas pessoas e fazer outra de ref\u00e9m. Conforme detalhado no Boletim de Ocorr\u00eancia, a motiva\u00e7\u00e3o do crime foi vingan\u00e7a contra a diretora da escola, com quem o autor do crime teve problemas h\u00e1 dez anos.<\/p>\n<p style=\"text-align: justify;\">A Secretaria de Seguran\u00e7a P\u00fablica de S\u00e3o Paulo informou que as v\u00edtimas de esfaqueamento foram duas professoras, uma de 26 e outra de 43 anos. A viol\u00eancia ocorreu por volta das 20h, quando o homem armado com uma faca pulou o muro da escola procurando pela diretora.<\/p>\n<p style=\"text-align: justify;\">Ao n\u00e3o a encontrar, o autor do crime feriu as duas professoras em diferentes partes do corpo, como bra\u00e7o e abd\u00f4men. De acordo com a Secretaria de Educa\u00e7\u00e3o do Estado de S\u00e3o Paulo (Seduc-SP), as servidoras atingidas foram socorridas pela equipe da escola e encaminhadas aos hospitais da regi\u00e3o.<\/p>\n<h2 style=\"text-align: justify;\">Aracruz\/ES \u2013 novembro de 2022<\/h2>\n<p style=\"text-align: justify;\">Duas escolas na cidade de Aracruz, no Esp\u00edrito Santo, sofreram ataques com armas de fogo na sexta-feira do dia 25 de novembro do ano passado. Quatro pessoas morreram e 10 ficaram feridas, segundo a prefeitura da cidade. A Pol\u00edcia Civil, a Pol\u00edcia Militar, o Corpo de Bombeiros e outros \u00f3rg\u00e3os atuam no atendimento das v\u00edtimas.<\/p>\n<p style=\"text-align: justify;\">A prefeitura de Aracruz confirmou o ataque em duas institui\u00e7\u00f5es de ensino, a Escola Estadual de Ensino Fundamental e M\u00e9dio (EEFM) Primo Bitti e na escola particular Centro Educacional Praia de Coqueiral (CEPC), ambas no bairro Coqueiral.<\/p>\n<p style=\"text-align: justify;\">De acordo com a Secretaria de Seguran\u00e7a P\u00fablica do estado, o atirador conseguiu entrar na primeira escola, a EEFM Primo Bitti, ap\u00f3s quebrar o cadeado do port\u00e3o. Ele abriu fogo na sala dos professores, deixando duas professoras mortas e nove feridos.<\/p>\n<p style=\"text-align: justify;\">O atirador prosseguiu para a segunda escola de carro, onde matou uma crian\u00e7a de 12 anos, e deixou duas pessoas feridas, ainda sem informa\u00e7\u00e3o sobre a idade delas.<\/p>\n<p style=\"text-align: justify;\">Em coletiva de imprensa, o governador Renato Casagrande disse que o autor dos ataques confessou ter cometido o crime em conversa com os pais e com a pol\u00edcia. Ele n\u00e3o falou sobre sua motiva\u00e7\u00e3o, mas disse ter planejado o ataque por cerca de dois anos.<\/p>\n<figure id=\"attachment_2025875\" class=\"wp-caption alignnone\" style=\"text-align: justify;\" aria-describedby=\"caption-attachment-2025875\">\n<figure id=\"attachment_2025875\" aria-describedby=\"caption-attachment-2025875\" style=\"width: 680px\" class=\"wp-caption alignnone\"><img loading=\"lazy\" decoding=\"async\" class=\"wp-image-2025875 size-large\" src=\"https:\/\/www.cnnbrasil.com.br\/wp-content\/uploads\/sites\/12\/2022\/11\/CCI_000022.jpg?w=680\" sizes=\"auto, (max-width: 680px) 100vw, 680px\" srcset=\"https:\/\/www.cnnbrasil.com.br\/wp-content\/uploads\/sites\/12\/2022\/11\/CCI_000022.jpg 680w, https:\/\/www.cnnbrasil.com.br\/wp-content\/uploads\/sites\/12\/2022\/11\/CCI_000022.jpg?resize=300,199 300w, https:\/\/www.cnnbrasil.com.br\/wp-content\/uploads\/sites\/12\/2022\/11\/CCI_000022.jpg?resize=144,96 144w, https:\/\/www.cnnbrasil.com.br\/wp-content\/uploads\/sites\/12\/2022\/11\/CCI_000022.jpg?resize=83,55 83w, https:\/\/www.cnnbrasil.com.br\/wp-content\/uploads\/sites\/12\/2022\/11\/CCI_000022.jpg?resize=75,50 75w\" alt=\"\" width=\"680\" height=\"451\" \/><figcaption id=\"caption-attachment-2025875\" class=\"wp-caption-text\">Escola Estadual de Ensino Fundamental e M\u00e9dio (EEFM) Primo Bitti, em Aracruz, no Esp\u00edrito Santo \/ Reprodu\u00e7\u00e3o\/ Google Maps<\/figcaption><\/figure>\n<\/figure>\n<h2 style=\"text-align: justify;\">Sobral\/CE \u2013 maio de 2022<\/h2>\n<p style=\"text-align: justify;\">Um aluno de 15 anos\u00a0atirou\u00a0em tr\u00eas estudantes de uma escola p\u00fablica em Sobral, no\u00a0Cear\u00e1, no dia 5 de outubro de 2022.<\/p>\n<p style=\"text-align: justify;\">A arma de fogo usada estava registrada em nome de um CAC (colecionador, atirador desportivo e ca\u00e7ador), que, segundo a Secretaria da Seguran\u00e7a P\u00fablica e Defesa Social (SSPDS) do estado, supostamente pertence a um familiar do jovem.<\/p>\n<p style=\"text-align: justify;\">De acordo a Delegacia Municipal de Sobral, o aluno confessou durante depoimento que havia premeditado o ato ap\u00f3s ser v\u00edtima de bullying. O crime aconteceu na Escola de Ensino M\u00e9dio em Tempo Integral Professora Carmosina Ferreira Gomes, no bairro Sumar\u00e9.<\/p>\n<p style=\"text-align: justify;\">As tr\u00eas v\u00edtimas atingidas pelos tiros foram encaminhadas \u00e0 Santa Casa de Miseric\u00f3rdia de Sobral. Um deles n\u00e3o resistiu aos ferimentos e morreu. Os outros tiveram alta hospitalar.<\/p>\n<figure id=\"attachment_1974605\" class=\"wp-caption alignnone\" style=\"text-align: justify;\" aria-describedby=\"caption-attachment-1974605\">\n<figure id=\"attachment_1974605\" aria-describedby=\"caption-attachment-1974605\" style=\"width: 870px\" class=\"wp-caption alignnone\"><img loading=\"lazy\" decoding=\"async\" class=\"wp-image-1974605 size-large\" src=\"https:\/\/www.cnnbrasil.com.br\/wp-content\/uploads\/sites\/12\/2022\/10\/Captura-de-Tela-2022-10-05-a%CC%80s-19.43.25.png?w=870\" alt=\"\" width=\"870\" height=\"573\" \/><figcaption id=\"caption-attachment-1974605\" class=\"wp-caption-text\">Fachada da EEMTI Professora Carmosina Ferreira Gomes, no bairro Sumar\u00e9, em Sobral, no Cear\u00e1 \/ Reprodu\u00e7\u00e3o\/Google Maps<\/figcaption><\/figure>\n<figcaption id=\"caption-attachment-1974605\" class=\"wp-caption-text\"><\/figcaption>\n<\/figure>\n<h2 style=\"text-align: justify;\">S\u00e3o Paulo\/SP \u2013 mar\u00e7o de 2022<\/h2>\n<p style=\"text-align: justify;\">Uma estudante de 12 anos foi esfaqueada por um colega de classe no Col\u00e9gio Floresta, zona Leste de S\u00e3o Paulo, no dia 22 de mar\u00e7o de 2022. Um colega de 11 anos que tentou proteg\u00ea-la acabou ferido tamb\u00e9m.<\/p>\n<p style=\"text-align: justify;\">O agressor era outro estudante, de 13 anos, e, segundo a pol\u00edcia, disse que sofria bullying.<\/p>\n<p style=\"text-align: justify;\">A estudante foi golpeada com faca ao menos 10 vezes e teve o pulm\u00e3o perfurado, mas sobreviveu. O menino de 11 anos teve ferimentos leves.<\/p>\n<h2 style=\"text-align: justify;\">Morro do Chap\u00e9u\/BA \u2013 setembro de 2022<\/h2>\n<p style=\"text-align: justify;\">Um adolescente de 13 anos atacou a Escola Municipal Yeda Barradas Carneiro, onde estuda, na cidade de Morro do Chap\u00e9u, na Chapada Diamantina, na\u00a0Bahia.<\/p>\n<p style=\"text-align: justify;\">Na manh\u00e3 do dia 27 de setembro do ano passado, ele ateou fogo no col\u00e9gio e feriu a diretora com o uso de uma faca. O jovem foi apreendido pela\u00a0Pol\u00edcia Militar\u00a0e respondeu por ato infracional an\u00e1logo ao crime de les\u00e3o corporal leve.<\/p>\n<p style=\"text-align: justify;\">Segundo informa\u00e7\u00f5es da\u00a0Pol\u00edcia Civil\u00a0baiana, o estudante entrou na escola e atirou explosivos caseiros do tipo coquetel molotov, que causaram as chamas. Em seguida, teria esfaqueado a coordenadora. Ningu\u00e9m ficou ferido pelo contato com o fogo e a v\u00edtima foi encaminhada a exame de corpo de delito.<\/p>\n<figure id=\"attachment_1949170\" class=\"wp-caption alignnone\" style=\"text-align: justify;\" aria-describedby=\"caption-attachment-1949170\">\n<figure id=\"attachment_1949170\" aria-describedby=\"caption-attachment-1949170\" style=\"width: 900px\" class=\"wp-caption alignnone\"><img loading=\"lazy\" decoding=\"async\" class=\"wp-image-1949170 size-large\" src=\"https:\/\/www.cnnbrasil.com.br\/wp-content\/uploads\/sites\/12\/2022\/09\/adolescente-ateou-fogo-na-escola-municipal-yeda-barradas-carneiro-na-chapada-diamantina-ba-1664302529705_v2_900x506.jpg.webp?w=900\" sizes=\"auto, (max-width: 900px) 100vw, 900px\" srcset=\"https:\/\/www.cnnbrasil.com.br\/wp-content\/uploads\/sites\/12\/2022\/09\/adolescente-ateou-fogo-na-escola-municipal-yeda-barradas-carneiro-na-chapada-diamantina-ba-1664302529705_v2_900x506.jpg.webp 900w, https:\/\/www.cnnbrasil.com.br\/wp-content\/uploads\/sites\/12\/2022\/09\/adolescente-ateou-fogo-na-escola-municipal-yeda-barradas-carneiro-na-chapada-diamantina-ba-1664302529705_v2_900x506.jpg.webp?resize=300,168 300w, https:\/\/www.cnnbrasil.com.br\/wp-content\/uploads\/sites\/12\/2022\/09\/adolescente-ateou-fogo-na-escola-municipal-yeda-barradas-carneiro-na-chapada-diamantina-ba-1664302529705_v2_900x506.jpg.webp?resize=768,432 768w, https:\/\/www.cnnbrasil.com.br\/wp-content\/uploads\/sites\/12\/2022\/09\/adolescente-ateou-fogo-na-escola-municipal-yeda-barradas-carneiro-na-chapada-diamantina-ba-1664302529705_v2_900x506.jpg.webp?resize=732,412 732w, https:\/\/www.cnnbrasil.com.br\/wp-content\/uploads\/sites\/12\/2022\/09\/adolescente-ateou-fogo-na-escola-municipal-yeda-barradas-carneiro-na-chapada-diamantina-ba-1664302529705_v2_900x506.jpg.webp?resize=431,241 431w, https:\/\/www.cnnbrasil.com.br\/wp-content\/uploads\/sites\/12\/2022\/09\/adolescente-ateou-fogo-na-escola-municipal-yeda-barradas-carneiro-na-chapada-diamantina-ba-1664302529705_v2_900x506.jpg.webp?resize=380,214 380w, https:\/\/www.cnnbrasil.com.br\/wp-content\/uploads\/sites\/12\/2022\/09\/adolescente-ateou-fogo-na-escola-municipal-yeda-barradas-carneiro-na-chapada-diamantina-ba-1664302529705_v2_900x506.jpg.webp?resize=280,157 280w, https:\/\/www.cnnbrasil.com.br\/wp-content\/uploads\/sites\/12\/2022\/09\/adolescente-ateou-fogo-na-escola-municipal-yeda-barradas-carneiro-na-chapada-diamantina-ba-1664302529705_v2_900x506.jpg.webp?resize=132,74 132w, https:\/\/www.cnnbrasil.com.br\/wp-content\/uploads\/sites\/12\/2022\/09\/adolescente-ateou-fogo-na-escola-municipal-yeda-barradas-carneiro-na-chapada-diamantina-ba-1664302529705_v2_900x506.jpg.webp?resize=65,37 65w, https:\/\/www.cnnbrasil.com.br\/wp-content\/uploads\/sites\/12\/2022\/09\/adolescente-ateou-fogo-na-escola-municipal-yeda-barradas-carneiro-na-chapada-diamantina-ba-1664302529705_v2_900x506.jpg.webp?resize=456,255 456w, https:\/\/www.cnnbrasil.com.br\/wp-content\/uploads\/sites\/12\/2022\/09\/adolescente-ateou-fogo-na-escola-municipal-yeda-barradas-carneiro-na-chapada-diamantina-ba-1664302529705_v2_900x506.jpg.webp?resize=312,174 312w, https:\/\/www.cnnbrasil.com.br\/wp-content\/uploads\/sites\/12\/2022\/09\/adolescente-ateou-fogo-na-escola-municipal-yeda-barradas-carneiro-na-chapada-diamantina-ba-1664302529705_v2_900x506.jpg.webp?resize=450,253 450w, https:\/\/www.cnnbrasil.com.br\/wp-content\/uploads\/sites\/12\/2022\/09\/adolescente-ateou-fogo-na-escola-municipal-yeda-barradas-carneiro-na-chapada-diamantina-ba-1664302529705_v2_900x506.jpg.webp?resize=382,215 382w, https:\/\/www.cnnbrasil.com.br\/wp-content\/uploads\/sites\/12\/2022\/09\/adolescente-ateou-fogo-na-escola-municipal-yeda-barradas-carneiro-na-chapada-diamantina-ba-1664302529705_v2_900x506.jpg.webp?resize=98,55 98w, https:\/\/www.cnnbrasil.com.br\/wp-content\/uploads\/sites\/12\/2022\/09\/adolescente-ateou-fogo-na-escola-municipal-yeda-barradas-carneiro-na-chapada-diamantina-ba-1664302529705_v2_900x506.jpg.webp?resize=75,42 75w\" alt=\"\" width=\"900\" height=\"506\" \/><figcaption id=\"caption-attachment-1949170\" class=\"wp-caption-text\">C\u00f4modo da escola danificado pelo fogo. \/ Reprodu\u00e7\u00e3o\/Facebook<\/figcaption><\/figure>\n<figcaption id=\"caption-attachment-1949170\" class=\"wp-caption-text\"><\/figcaption>\n<\/figure>\n<h2 style=\"text-align: justify;\">Barreiras\/BA \u2013 setembro de 2022<\/h2>\n<p style=\"text-align: justify;\">Um estudante armado entrou na Escola Municipal Eurides Sant\u2019Anna, no dia 26 de setembro, e atirou contra dois alunos na cidade de Barreiras, interior da Bahia. Uma aluna cadeirante, de 20 anos, morreu durante o ataque. N\u00e3o h\u00e1 informa\u00e7\u00f5es sobre a motiva\u00e7\u00e3o do crime.<\/p>\n<h2 style=\"text-align: justify;\">Saudades\/SC \u2013 maio de 2021<\/h2>\n<p style=\"text-align: justify;\">Um jovem de 18 anos invadiu uma escola de ensino prim\u00e1rio no munic\u00edpio de Saudades, no oeste do estado de Santa Catarina, em 4 de maio de 2021.<\/p>\n<p style=\"text-align: justify;\">Ele matou tr\u00eas crian\u00e7as e duas professoras. Segundo informa\u00e7\u00f5es da Pol\u00edcia Civil, ele portava um fac\u00e3o e golpeou alunos e professores ao entrar no local.<\/p>\n<p style=\"text-align: justify;\">Outras tr\u00eas crian\u00e7as e uma funcion\u00e1ria tamb\u00e9m ficaram feridas e foram encaminhadas ao hospital de Saudades.<\/p>\n<figure id=\"attachment_301657\" class=\"wp-caption alignnone\" style=\"text-align: justify;\" aria-describedby=\"caption-attachment-301657\">\n<figure id=\"attachment_301657\" aria-describedby=\"caption-attachment-301657\" style=\"width: 1024px\" class=\"wp-caption alignnone\"><img loading=\"lazy\" decoding=\"async\" class=\"wp-image-301657 size-large\" src=\"https:\/\/www.cnnbrasil.com.br\/wp-content\/uploads\/sites\/12\/2021\/06\/36150_FDB4584B6B4B464D-1.jpeg?w=1024\" alt=\"Sepultamento das v\u00edtimas de ataque \u00e0 creche em Saudades, em Santa Catarina (05.m\" width=\"1024\" height=\"1024\" \/><figcaption id=\"caption-attachment-301657\" class=\"wp-caption-text\">Sepultamento das v\u00edtimas de ataque \u00e0 creche em Saudades, em Santa Catarina (05.mai.2021) \/ Foto: CNN Brasil<\/figcaption><\/figure>\n<figcaption id=\"caption-attachment-301657\" class=\"wp-caption-text\"><\/figcaption>\n<\/figure>\n<h2 style=\"text-align: justify;\">Charqueadas\/RS \u2013 agosto de 2019<\/h2>\n<p style=\"text-align: justify;\">Um adolescente de 17 anos atacou com golpes de machadinha seis alunos e uma professora do Instituto Estadual Educacional Assis Chateubriand, no dia 21 de agosto de 2019, em Charqueadas, no Rio Grande do Sul.<\/p>\n<p style=\"text-align: justify;\">De acordo com o jornal O Estado de S. Paulo, nenhuma v\u00edtima sofreu ferimentos graves. O agressor foi entregue \u00e0 pol\u00edcia pelo pr\u00f3prio pai depois de confessar o que havia feito.<\/p>\n<h2 style=\"text-align: justify;\">Cara\u00ed\/MG \u2013 julho de 2019<\/h2>\n<p style=\"text-align: justify;\">No dia 7 de novembro de 2019, um aluno de 17 anos invadiu uma sala de aula da Escola Estadual Orlando Tavares no munic\u00edpio mineiro de Cara\u00ed. Ele disparou e feriu dois estudantes.<\/p>\n<h2 style=\"text-align: justify;\">Suzano\/SP \u2013 mar\u00e7o de 2019<\/h2>\n<p style=\"text-align: justify;\">Um ataque na Escola Estadual Raul Brasil, em Suzano, na Grande S\u00e3o Paulo, deixou dez mortos, incluindo os dois atiradores, e 11 feridos.<\/p>\n<p style=\"text-align: justify;\">Os autores do massacre, Luiz Henrique de Castro, de 25 anos, e G.T.M., de 17, eram ex-alunos da institui\u00e7\u00e3o.<\/p>\n<p style=\"text-align: justify;\">Um dos atiradores acabou matando o comparsa e depois cometeu suic\u00eddio.<\/p>\n<figure id=\"attachment_2155594\" class=\"wp-caption alignnone\" style=\"text-align: justify;\" aria-describedby=\"caption-attachment-2155594\">\n<figure id=\"attachment_2155594\" aria-describedby=\"caption-attachment-2155594\" style=\"width: 1024px\" class=\"wp-caption alignnone\"><img loading=\"lazy\" decoding=\"async\" class=\"wp-image-2155594 size-large\" src=\"https:\/\/www.cnnbrasil.com.br\/wp-content\/uploads\/sites\/12\/2023\/03\/46086606.174601.jpg?w=1024\" alt=\"Ap\u00f3s ato ecum\u00eanico na quadra em homenagem \u00e0s v\u00edtimas do massacre de Suzano, parentes, amigos e alunos realizaram um abra\u00e7o coletivo no entorno da Escola Estadual Raul Brazil, em Suzano\" width=\"1024\" height=\"664\" \/><figcaption id=\"caption-attachment-2155594\" class=\"wp-caption-text\">Ap\u00f3s ato ecum\u00eanico na quadra em homenagem \u00e0s v\u00edtimas do massacre de Suzano, parentes, amigos e alunos realizaram um abra\u00e7o coletivo no entorno da Escola Estadual Raul Brazil, em Suzano \/ WERTHER SANTANA\/ESTAD\u00c3O CONTE\u00daDO\/ADE<\/figcaption><\/figure>\n<figcaption id=\"caption-attachment-2155594\" class=\"wp-caption-text\"><\/figcaption>\n<\/figure>\n<h2 style=\"text-align: justify;\">Medianeira\/PR \u2013 setembro de 2018<\/h2>\n<p style=\"text-align: justify;\">Um estudante de 15 anos do ensino m\u00e9dio pegou uma arma e atirou nos colegas em uma escola estadual da pacata cidade de Medianeira, a 60 quil\u00f4metros de Foz do Igua\u00e7u, no oeste do Paran\u00e1.<\/p>\n<p style=\"text-align: justify;\">Tinha uma lista para livrar os amigos \u2013 no fim, dois acabaram baleados. O atentado aconteceu no Col\u00e9gio Estadual Jo\u00e3o Manoel Mondrone. Segundo a pol\u00edcia, o autor do ataque seria alvo de bullying na escola.<\/p>\n<h2 style=\"text-align: justify;\">Goi\u00e2nia\/GO \u2013 outubro de 2017<\/h2>\n<p style=\"text-align: justify;\">Um adolescente de 14 anos matou a tiros dois colegas e feriu outros quatro em uma sala de aula do Col\u00e9gio Goyases, em Goi\u00e2nia em 20 de outubro de 2017.<\/p>\n<p style=\"text-align: justify;\">Filho de policiais militares, ele usou a arma da m\u00e3e, que havia levado \u00e0 escola particular escondida na mochila. Segundo a Pol\u00edcia Civil, o rapaz sofria bullying e o crime foi premeditado.<\/p>\n<h2 style=\"text-align: justify;\">Santa Rita\/PB \u2013 abril de 2012<\/h2>\n<p style=\"text-align: justify;\">Dois jovens chegaram \u00e0 Escola Estadual En\u00e9as Carvalho, em Santa Rita (Regi\u00e3o Metropolitana de Jo\u00e3o Pessoa), em uma moto e invadiram o p\u00e1tio.<\/p>\n<p style=\"text-align: justify;\">Eles usavam uniforme da escola. Um deles atirou contra um adolescente de 15 anos. O atirador disparou outras cinco vezes, atingindo duas garotas.<\/p>\n<p style=\"text-align: justify;\">Uma delas, de 17 anos, foi baleada no bra\u00e7o direito. A outra, levou um tiro no p\u00e9 esquerdo. De acordo com a pol\u00edcia, o motivo do crime teria sido ci\u00fame.<\/p>\n<h2 style=\"text-align: justify;\">S\u00e3o Caetano do Sul\/SP \u2013 setembro de 2011<\/h2>\n<p style=\"text-align: justify;\">Um estudante de apenas 10 anos atirou na professora e se matou em seguida na Escola Municipal Alcina Dantas Feij\u00e3o, em S\u00e3o Caetano do Sul, no ABC paulista.<\/p>\n<p style=\"text-align: justify;\">Ele usou uma arma do pai, um guarda civil municipal. De acordo com colegas e funcion\u00e1rios da escola ouvidos na \u00e9poca, o menino era muito estudioso, inteligente e calmo.<\/p>\n<figure id=\"attachment_2155597\" class=\"wp-caption alignnone\" style=\"text-align: justify;\" aria-describedby=\"caption-attachment-2155597\">\n<figure id=\"attachment_2155597\" aria-describedby=\"caption-attachment-2155597\" style=\"width: 1024px\" class=\"wp-caption alignnone\"><img loading=\"lazy\" decoding=\"async\" class=\"wp-image-2155597 size-large\" src=\"https:\/\/www.cnnbrasil.com.br\/wp-content\/uploads\/sites\/12\/2023\/03\/img2583995.184901.jpg?w=1024\" sizes=\"auto, (max-width: 1024px) 100vw, 1024px\" srcset=\"https:\/\/www.cnnbrasil.com.br\/wp-content\/uploads\/sites\/12\/2023\/03\/img2583995.184901.jpg 3888w, https:\/\/www.cnnbrasil.com.br\/wp-content\/uploads\/sites\/12\/2023\/03\/img2583995.184901.jpg?resize=300,200 300w, https:\/\/www.cnnbrasil.com.br\/wp-content\/uploads\/sites\/12\/2023\/03\/img2583995.184901.jpg?resize=768,512 768w, https:\/\/www.cnnbrasil.com.br\/wp-content\/uploads\/sites\/12\/2023\/03\/img2583995.184901.jpg?resize=1024,683 1024w, https:\/\/www.cnnbrasil.com.br\/wp-content\/uploads\/sites\/12\/2023\/03\/img2583995.184901.jpg?resize=320,214 320w, https:\/\/www.cnnbrasil.com.br\/wp-content\/uploads\/sites\/12\/2023\/03\/img2583995.184901.jpg?resize=144,96 144w, https:\/\/www.cnnbrasil.com.br\/wp-content\/uploads\/sites\/12\/2023\/03\/img2583995.184901.jpg?resize=1536,1024 1536w, https:\/\/www.cnnbrasil.com.br\/wp-content\/uploads\/sites\/12\/2023\/03\/img2583995.184901.jpg?resize=2048,1365 2048w, https:\/\/www.cnnbrasil.com.br\/wp-content\/uploads\/sites\/12\/2023\/03\/img2583995.184901.jpg?resize=83,55 83w, https:\/\/www.cnnbrasil.com.br\/wp-content\/uploads\/sites\/12\/2023\/03\/img2583995.184901.jpg?resize=75,50 75w\" alt=\"Ambul\u00e2ncias e viaturas policiais vistas em frente \u00e0 Escola Municipal Tasso da Silveira, em Realengo, na zona oeste do Rio de Janeiro, ap\u00f3s tiroteio de Realengo. \" width=\"1024\" height=\"683\" \/><figcaption id=\"caption-attachment-2155597\" class=\"wp-caption-text\">Ambul\u00e2ncias e viaturas policiais vistas em frente \u00e0 Escola Municipal Tasso da Silveira, em Realengo, na zona oeste do Rio de Janeiro, ap\u00f3s tiroteio de Realengo. \/ TASSO MARCELO\/ESTAD\u00c3O CONTE\u00daDO\/AE<\/figcaption><\/figure>\n<figcaption id=\"caption-attachment-2155597\" class=\"wp-caption-text\"><\/figcaption>\n<\/figure>\n<h2 style=\"text-align: justify;\">Rio de Janeiro\/RJ (Realengo) \u2013 abril de 2011<\/h2>\n<p style=\"text-align: justify;\">Considerado \u00e0 \u00e9poca como o maior massacre em escolas brasileiras at\u00e9 ent\u00e3o, a trag\u00e9dia em Realengo, zona oeste do Rio de Janeiro, deixou 12 crian\u00e7as mortas.<\/p>\n<p style=\"text-align: justify;\">O crime foi cometido por um ex-aluno de 23 anos que levou dois rev\u00f3lveres \u00e0 Escola Municipal Tasso da Silveira e disparou contra os alunos, todos de 13 a 15 anos.<\/p>\n<p style=\"text-align: justify;\">Depois de invadir duas salas de aula, ele foi atingido na barriga pela pol\u00edcia e disparou um tiro na pr\u00f3pria cabe\u00e7a.<\/p>\n<figure id=\"attachment_2155598\" class=\"wp-caption alignnone\" style=\"text-align: justify;\" aria-describedby=\"caption-attachment-2155598\">\n<figure id=\"attachment_2155598\" aria-describedby=\"caption-attachment-2155598\" style=\"width: 1024px\" class=\"wp-caption alignnone\"><img loading=\"lazy\" decoding=\"async\" class=\"wp-image-2155598 size-large\" src=\"https:\/\/www.cnnbrasil.com.br\/wp-content\/uploads\/sites\/12\/2023\/03\/img2583943.135401.jpg?w=1024\" sizes=\"auto, (max-width: 1024px) 100vw, 1024px\" srcset=\"https:\/\/www.cnnbrasil.com.br\/wp-content\/uploads\/sites\/12\/2023\/03\/img2583943.135401.jpg 3888w, https:\/\/www.cnnbrasil.com.br\/wp-content\/uploads\/sites\/12\/2023\/03\/img2583943.135401.jpg?resize=300,200 300w, https:\/\/www.cnnbrasil.com.br\/wp-content\/uploads\/sites\/12\/2023\/03\/img2583943.135401.jpg?resize=768,512 768w, https:\/\/www.cnnbrasil.com.br\/wp-content\/uploads\/sites\/12\/2023\/03\/img2583943.135401.jpg?resize=1024,683 1024w, https:\/\/www.cnnbrasil.com.br\/wp-content\/uploads\/sites\/12\/2023\/03\/img2583943.135401.jpg?resize=320,214 320w, https:\/\/www.cnnbrasil.com.br\/wp-content\/uploads\/sites\/12\/2023\/03\/img2583943.135401.jpg?resize=144,96 144w, https:\/\/www.cnnbrasil.com.br\/wp-content\/uploads\/sites\/12\/2023\/03\/img2583943.135401.jpg?resize=1536,1024 1536w, https:\/\/www.cnnbrasil.com.br\/wp-content\/uploads\/sites\/12\/2023\/03\/img2583943.135401.jpg?resize=2048,1365 2048w, https:\/\/www.cnnbrasil.com.br\/wp-content\/uploads\/sites\/12\/2023\/03\/img2583943.135401.jpg?resize=83,55 83w, https:\/\/www.cnnbrasil.com.br\/wp-content\/uploads\/sites\/12\/2023\/03\/img2583943.135401.jpg?resize=75,50 75w\" alt=\"Movimenta\u00e7\u00e3o policial diante da escola municipal Tasso da Silveira, na rua General Bernardino de Matos, em Realengo, na zona oeste do Rio de Janeiro\" width=\"1024\" height=\"683\" \/><figcaption id=\"caption-attachment-2155598\" class=\"wp-caption-text\">Movimenta\u00e7\u00e3o policial diante da escola municipal Tasso da Silveira, na rua General Bernardino de Matos, em Realengo, na zona oeste do Rio de Janeiro \/ Estad\u00e3o Conte\u00fado<\/figcaption><\/figure>\n<figcaption id=\"caption-attachment-2155598\" class=\"wp-caption-text\"><\/figcaption>\n<\/figure>\n<h2 style=\"text-align: justify;\">Ta\u00eduva\/SP \u2013 janeiro de 2003<\/h2>\n<p style=\"text-align: justify;\">Em 27 de janeiro, um estudante de 18 anos disparou 15 tiros contra cerca de 50 estudantes no p\u00e1tio da Escola Estadual Coronel Benedito Ortiz, em Tai\u00fava, interior do Estado. Ele usou a \u00faltima bala do rev\u00f3lver calibre 38 para atirar na pr\u00f3pria cabe\u00e7a e morreu. O epis\u00f3dio n\u00e3o deixou v\u00edtimas fatais al\u00e9m do rapaz.<\/p>\n<h2 style=\"text-align: justify;\">Salvador\/BA \u2013 outubro de 2002<\/h2>\n<p style=\"text-align: justify;\">No dia 28 de outubro de 2002, um jovem de 17 anos disparou contra duas colegas na Escola Sigma, em Salvador.\u00a0As duas jovens morreram.<\/p>\n<p><em>Fonte: CNN Brasil<\/em><\/p>\n\n\n<p><\/p>\n","protected":false},"excerpt":{"rendered":"<p>O\u00a0ataque em uma creche de Blumenau, na manh\u00e3 desta quinta-feira (5), que deixou ao menos quatro crian\u00e7as mortas, marcou ao menos o 20\u00ba ataque em escola no Brasil desde 2002. De acordo com um levantamento feito pelo Instituto Sou da Paz no final de novembro do ano passado, desde 2002 o Brasil registrou 12 epis\u00f3dios [&hellip;]<\/p>\n","protected":false},"author":1,"featured_media":50924,"comment_status":"closed","ping_status":"open","sticky":false,"template":"","format":"standard","meta":{"_uag_custom_page_level_css":"","_monsterinsights_skip_tracking":false,"_monsterinsights_sitenote_active":false,"_monsterinsights_sitenote_note":"","_monsterinsights_sitenote_category":0,"jetpack_post_was_ever_published":false,"_jetpack_newsletter_access":"","_jetpack_dont_email_post_to_subs":false,"_jetpack_newsletter_tier_id":0,"_jetpack_memberships_contains_paywalled_content":false,"_jetpack_memberships_contains_paid_content":false,"footnotes":"","jetpack_publicize_message":"","jetpack_publicize_feature_enabled":true,"jetpack_social_post_already_shared":true,"jetpack_social_options":{"image_generator_settings":{"template":"highway","default_image_id":0,"font":"","enabled":false},"version":2}},"categories":[200,202],"tags":[10813,14],"class_list":["post-51259","post","type-post","status-publish","format-standard","has-post-thumbnail","hentry","category-brasil","category-policia","tag-ataques-em-escolas","tag-brasil"],"jetpack_publicize_connections":[],"jetpack_featured_media_url":"https:\/\/blogopara.com.br\/wp-content\/uploads\/2023\/03\/WhatsApp-Image-2023-03-27-at-20.40.11.jpeg","uagb_featured_image_src":{"full":["https:\/\/blogopara.com.br\/wp-content\/uploads\/2023\/03\/WhatsApp-Image-2023-03-27-at-20.40.11.jpeg",500,333,false],"thumbnail":["https:\/\/blogopara.com.br\/wp-content\/uploads\/2023\/03\/WhatsApp-Image-2023-03-27-at-20.40.11-150x150.jpeg",150,150,true],"medium":["https:\/\/blogopara.com.br\/wp-content\/uploads\/2023\/03\/WhatsApp-Image-2023-03-27-at-20.40.11-300x200.jpeg",300,200,true],"medium_large":["https:\/\/blogopara.com.br\/wp-content\/uploads\/2023\/03\/WhatsApp-Image-2023-03-27-at-20.40.11.jpeg",500,333,false],"large":["https:\/\/blogopara.com.br\/wp-content\/uploads\/2023\/03\/WhatsApp-Image-2023-03-27-at-20.40.11.jpeg",500,333,false],"1536x1536":["https:\/\/blogopara.com.br\/wp-content\/uploads\/2023\/03\/WhatsApp-Image-2023-03-27-at-20.40.11.jpeg",500,333,false],"2048x2048":["https:\/\/blogopara.com.br\/wp-content\/uploads\/2023\/03\/WhatsApp-Image-2023-03-27-at-20.40.11.jpeg",500,333,false],"mantranews-slider-large":["https:\/\/blogopara.com.br\/wp-content\/uploads\/2023\/03\/WhatsApp-Image-2023-03-27-at-20.40.11.jpeg",500,333,false],"mantranews-featured-medium":["https:\/\/blogopara.com.br\/wp-content\/uploads\/2023\/03\/WhatsApp-Image-2023-03-27-at-20.40.11-420x307.jpeg",420,307,true],"mantranews-featured-long":["https:\/\/blogopara.com.br\/wp-content\/uploads\/2023\/03\/WhatsApp-Image-2023-03-27-at-20.40.11-300x333.jpeg",300,333,true],"mantranews-block-medium":["https:\/\/blogopara.com.br\/wp-content\/uploads\/2023\/03\/WhatsApp-Image-2023-03-27-at-20.40.11-464x290.jpeg",464,290,true],"mantranews-carousel-image":["https:\/\/blogopara.com.br\/wp-content\/uploads\/2023\/03\/WhatsApp-Image-2023-03-27-at-20.40.11.jpeg",500,333,false],"mantranews-block-thumb":["https:\/\/blogopara.com.br\/wp-content\/uploads\/2023\/03\/WhatsApp-Image-2023-03-27-at-20.40.11-322x230.jpeg",322,230,true],"mantranews-single-large":["https:\/\/blogopara.com.br\/wp-content\/uploads\/2023\/03\/WhatsApp-Image-2023-03-27-at-20.40.11.jpeg",500,333,false]},"uagb_author_info":{"display_name":"Reda\u00e7\u00e3o geral","author_link":"https:\/\/blogopara.com.br\/index.php\/author\/blogopara"},"uagb_comment_info":0,"uagb_excerpt":"O\u00a0ataque em uma creche de Blumenau, na manh\u00e3 desta quinta-feira (5), que deixou ao menos quatro crian\u00e7as mortas, marcou ao menos o 20\u00ba ataque em escola no Brasil desde 2002. De acordo com um levantamento feito pelo Instituto Sou da Paz no final de novembro do ano passado, desde 2002 o Brasil registrou 12 epis\u00f3dios&hellip;","jetpack_sharing_enabled":true,"jetpack_likes_enabled":true,"_links":{"self":[{"href":"https:\/\/blogopara.com.br\/index.php\/wp-json\/wp\/v2\/posts\/51259","targetHints":{"allow":["GET"]}}],"collection":[{"href":"https:\/\/blogopara.com.br\/index.php\/wp-json\/wp\/v2\/posts"}],"about":[{"href":"https:\/\/blogopara.com.br\/index.php\/wp-json\/wp\/v2\/types\/post"}],"author":[{"embeddable":true,"href":"https:\/\/blogopara.com.br\/index.php\/wp-json\/wp\/v2\/users\/1"}],"replies":[{"embeddable":true,"href":"https:\/\/blogopara.com.br\/index.php\/wp-json\/wp\/v2\/comments?post=51259"}],"version-history":[{"count":1,"href":"https:\/\/blogopara.com.br\/index.php\/wp-json\/wp\/v2\/posts\/51259\/revisions"}],"predecessor-version":[{"id":51262,"href":"https:\/\/blogopara.com.br\/index.php\/wp-json\/wp\/v2\/posts\/51259\/revisions\/51262"}],"wp:featuredmedia":[{"embeddable":true,"href":"https:\/\/blogopara.com.br\/index.php\/wp-json\/wp\/v2\/media\/50924"}],"wp:attachment":[{"href":"https:\/\/blogopara.com.br\/index.php\/wp-json\/wp\/v2\/media?parent=51259"}],"wp:term":[{"taxonomy":"category","embeddable":true,"href":"https:\/\/blogopara.com.br\/index.php\/wp-json\/wp\/v2\/categories?post=51259"},{"taxonomy":"post_tag","embeddable":true,"href":"https:\/\/blogopara.com.br\/index.php\/wp-json\/wp\/v2\/tags?post=51259"}],"curies":[{"name":"wp","href":"https:\/\/api.w.org\/{rel}","templated":true}]}}