{"id":51381,"date":"2023-04-12T15:06:00","date_gmt":"2023-04-12T18:06:00","guid":{"rendered":"https:\/\/blogopara.com.br\/?p=51381"},"modified":"2023-04-11T18:08:43","modified_gmt":"2023-04-11T21:08:43","slug":"prefeitura-de-juazeiro-intensifica-acoes-de-ordenamento-urbano-na-orla-i-e-ii","status":"publish","type":"post","link":"https:\/\/blogopara.com.br\/index.php\/2023\/04\/12\/prefeitura-de-juazeiro-intensifica-acoes-de-ordenamento-urbano-na-orla-i-e-ii","title":{"rendered":"Prefeitura de Juazeiro intensifica a\u00e7\u00f5es de ordenamento urbano na Orla I e II"},"content":{"rendered":"<p style=\"text-align: justify;\">A Prefeitura de Juazeiro, por meio da Secretaria de Meio Ambiente e Ordenamento Urbano (Semaurb), est\u00e1 intensificando as a\u00e7\u00f5es de ordenamento urbano em toda a cidade. Desta vez, os agentes de fiscaliza\u00e7\u00e3o percorreram a Orla I e II da cidade, com o objetivo de corrigir a obstru\u00e7\u00e3o do passeio p\u00fablico liberando a via do pedestre, ciclovia e balautradas. Essas a\u00e7\u00f5es seguem as normas estabelecidas no C\u00f3digo de Postura do Munic\u00edpio, com o intuito de garantir o livre tr\u00e2nsito de pedestres e ve\u00edculos nas ruas, pra\u00e7as, passeios, estradas e caminhos p\u00fablicos.<\/p>\n<div style=\"text-align: justify;\"><br aria-hidden=\"true\" \/>&#8220;Uma das principais finalidades dessas a\u00e7\u00f5es \u00e9 cumprir as leis e normas de acessibilidade, garantindo o direito de ir e vir das pessoas que se deslocam para a orla da cidade. Vamos continuar com essas a\u00e7\u00f5es para aumentar a ordem p\u00fablica e impedir a ocupa\u00e7\u00e3o irregular do espa\u00e7o p\u00fablico&#8221;, explica o titular da Semaurb, Isl\u00e9dio Bandeira.<br aria-hidden=\"true\" \/><br aria-hidden=\"true\" \/>Leis<br aria-hidden=\"true\" \/>De acordo com o C\u00f3digo de Postura, Lei Municipal 018\/2016, \u00e9 proibido embara\u00e7ar ou impedir, por qualquer meio, o livre tr\u00e2nsito de pedestres ou ve\u00edculos nas ruas, pra\u00e7as, passeios, estradas e caminhos p\u00fablicos, exceto para obras p\u00fablicas, feiras-livres ou quando exig\u00eancias policiais determinarem.<br aria-hidden=\"true\" \/><br aria-hidden=\"true\" \/>A Lei Federal 10.098\/2000, conhecida como Lei da Acessibilidade, artigo 1\u00ba, estabelece normas gerais e crit\u00e9rios b\u00e1sicos para promover a acessibilidade de pessoas portadoras de defici\u00eancia ou com mobilidade reduzida, mediante a supress\u00e3o de barreiras e obst\u00e1culos nas vias e espa\u00e7os p\u00fablicos, no mobili\u00e1rio urbano, na constru\u00e7\u00e3o e reforma de edif\u00edcios e nos meios de transporte e comunica\u00e7\u00e3o.<br aria-hidden=\"true\" \/><br aria-hidden=\"true\" \/>Em caso de d\u00favidas, den\u00fancias ou reclama\u00e7\u00f5es, os interessados podem entrar em contato pelo WhatsApp (74) 3612-3582 ou na sede da Semaurb, na Rua Oscar Ribeiro, s\/n, no Centro de Juazeiro, das 8h \u00e0s 14h. O telefone para contato \u00e9 (74) 3612-3590.<\/div>\n","protected":false},"excerpt":{"rendered":"<p>A Prefeitura de Juazeiro, por meio da Secretaria de Meio Ambiente e Ordenamento Urbano (Semaurb), est\u00e1 intensificando as a\u00e7\u00f5es de ordenamento urbano em toda a cidade. Desta vez, os agentes de fiscaliza\u00e7\u00e3o percorreram a Orla I e II da cidade, com o objetivo de corrigir a obstru\u00e7\u00e3o do passeio p\u00fablico liberando a via do pedestre, [&hellip;]<\/p>\n","protected":false},"author":1,"featured_media":51382,"comment_status":"closed","ping_status":"open","sticky":false,"template":"","format":"standard","meta":{"_uag_custom_page_level_css":"","_monsterinsights_skip_tracking":false,"_monsterinsights_sitenote_active":false,"_monsterinsights_sitenote_note":"","_monsterinsights_sitenote_category":0,"jetpack_post_was_ever_published":false,"_jetpack_newsletter_access":"","_jetpack_dont_email_post_to_subs":false,"_jetpack_newsletter_tier_id":0,"_jetpack_memberships_contains_paywalled_content":false,"_jetpack_memberships_contains_paid_content":false,"footnotes":"","jetpack_publicize_message":"","jetpack_publicize_feature_enabled":true,"jetpack_social_post_already_shared":true,"jetpack_social_options":{"image_generator_settings":{"template":"highway","default_image_id":0,"font":"","enabled":false},"version":2}},"categories":[203,3372],"tags":[],"class_list":["post-51381","post","type-post","status-publish","format-standard","has-post-thumbnail","hentry","category-juazeiro","category-meio-ambiente"],"jetpack_publicize_connections":[],"jetpack_featured_media_url":"https:\/\/blogopara.com.br\/wp-content\/uploads\/2023\/04\/Prefeitura-de-Juazeiro-intensifica-acoes-de-ordenamento-urbano-na-Orla-I-e-II-1.jpeg","uagb_featured_image_src":{"full":["https:\/\/blogopara.com.br\/wp-content\/uploads\/2023\/04\/Prefeitura-de-Juazeiro-intensifica-acoes-de-ordenamento-urbano-na-Orla-I-e-II-1.jpeg",500,224,false],"thumbnail":["https:\/\/blogopara.com.br\/wp-content\/uploads\/2023\/04\/Prefeitura-de-Juazeiro-intensifica-acoes-de-ordenamento-urbano-na-Orla-I-e-II-1-150x150.jpeg",150,150,true],"medium":["https:\/\/blogopara.com.br\/wp-content\/uploads\/2023\/04\/Prefeitura-de-Juazeiro-intensifica-acoes-de-ordenamento-urbano-na-Orla-I-e-II-1-300x134.jpeg",300,134,true],"medium_large":["https:\/\/blogopara.com.br\/wp-content\/uploads\/2023\/04\/Prefeitura-de-Juazeiro-intensifica-acoes-de-ordenamento-urbano-na-Orla-I-e-II-1.jpeg",500,224,false],"large":["https:\/\/blogopara.com.br\/wp-content\/uploads\/2023\/04\/Prefeitura-de-Juazeiro-intensifica-acoes-de-ordenamento-urbano-na-Orla-I-e-II-1.jpeg",500,224,false],"1536x1536":["https:\/\/blogopara.com.br\/wp-content\/uploads\/2023\/04\/Prefeitura-de-Juazeiro-intensifica-acoes-de-ordenamento-urbano-na-Orla-I-e-II-1.jpeg",500,224,false],"2048x2048":["https:\/\/blogopara.com.br\/wp-content\/uploads\/2023\/04\/Prefeitura-de-Juazeiro-intensifica-acoes-de-ordenamento-urbano-na-Orla-I-e-II-1.jpeg",500,224,false],"mantranews-slider-large":["https:\/\/blogopara.com.br\/wp-content\/uploads\/2023\/04\/Prefeitura-de-Juazeiro-intensifica-acoes-de-ordenamento-urbano-na-Orla-I-e-II-1.jpeg",500,224,false],"mantranews-featured-medium":["https:\/\/blogopara.com.br\/wp-content\/uploads\/2023\/04\/Prefeitura-de-Juazeiro-intensifica-acoes-de-ordenamento-urbano-na-Orla-I-e-II-1-420x224.jpeg",420,224,true],"mantranews-featured-long":["https:\/\/blogopara.com.br\/wp-content\/uploads\/2023\/04\/Prefeitura-de-Juazeiro-intensifica-acoes-de-ordenamento-urbano-na-Orla-I-e-II-1-300x224.jpeg",300,224,true],"mantranews-block-medium":["https:\/\/blogopara.com.br\/wp-content\/uploads\/2023\/04\/Prefeitura-de-Juazeiro-intensifica-acoes-de-ordenamento-urbano-na-Orla-I-e-II-1-464x224.jpeg",464,224,true],"mantranews-carousel-image":["https:\/\/blogopara.com.br\/wp-content\/uploads\/2023\/04\/Prefeitura-de-Juazeiro-intensifica-acoes-de-ordenamento-urbano-na-Orla-I-e-II-1.jpeg",500,224,false],"mantranews-block-thumb":["https:\/\/blogopara.com.br\/wp-content\/uploads\/2023\/04\/Prefeitura-de-Juazeiro-intensifica-acoes-de-ordenamento-urbano-na-Orla-I-e-II-1-322x224.jpeg",322,224,true],"mantranews-single-large":["https:\/\/blogopara.com.br\/wp-content\/uploads\/2023\/04\/Prefeitura-de-Juazeiro-intensifica-acoes-de-ordenamento-urbano-na-Orla-I-e-II-1.jpeg",500,224,false]},"uagb_author_info":{"display_name":"Reda\u00e7\u00e3o geral","author_link":"https:\/\/blogopara.com.br\/index.php\/author\/blogopara"},"uagb_comment_info":0,"uagb_excerpt":"A Prefeitura de Juazeiro, por meio da Secretaria de Meio Ambiente e Ordenamento Urbano (Semaurb), est\u00e1 intensificando as a\u00e7\u00f5es de ordenamento urbano em toda a cidade. Desta vez, os agentes de fiscaliza\u00e7\u00e3o percorreram a Orla I e II da cidade, com o objetivo de corrigir a obstru\u00e7\u00e3o do passeio p\u00fablico liberando a via do pedestre,&hellip;","jetpack_sharing_enabled":true,"jetpack_likes_enabled":true,"_links":{"self":[{"href":"https:\/\/blogopara.com.br\/index.php\/wp-json\/wp\/v2\/posts\/51381","targetHints":{"allow":["GET"]}}],"collection":[{"href":"https:\/\/blogopara.com.br\/index.php\/wp-json\/wp\/v2\/posts"}],"about":[{"href":"https:\/\/blogopara.com.br\/index.php\/wp-json\/wp\/v2\/types\/post"}],"author":[{"embeddable":true,"href":"https:\/\/blogopara.com.br\/index.php\/wp-json\/wp\/v2\/users\/1"}],"replies":[{"embeddable":true,"href":"https:\/\/blogopara.com.br\/index.php\/wp-json\/wp\/v2\/comments?post=51381"}],"version-history":[{"count":1,"href":"https:\/\/blogopara.com.br\/index.php\/wp-json\/wp\/v2\/posts\/51381\/revisions"}],"predecessor-version":[{"id":51383,"href":"https:\/\/blogopara.com.br\/index.php\/wp-json\/wp\/v2\/posts\/51381\/revisions\/51383"}],"wp:featuredmedia":[{"embeddable":true,"href":"https:\/\/blogopara.com.br\/index.php\/wp-json\/wp\/v2\/media\/51382"}],"wp:attachment":[{"href":"https:\/\/blogopara.com.br\/index.php\/wp-json\/wp\/v2\/media?parent=51381"}],"wp:term":[{"taxonomy":"category","embeddable":true,"href":"https:\/\/blogopara.com.br\/index.php\/wp-json\/wp\/v2\/categories?post=51381"},{"taxonomy":"post_tag","embeddable":true,"href":"https:\/\/blogopara.com.br\/index.php\/wp-json\/wp\/v2\/tags?post=51381"}],"curies":[{"name":"wp","href":"https:\/\/api.w.org\/{rel}","templated":true}]}}