{"id":51404,"date":"2023-04-12T11:00:00","date_gmt":"2023-04-12T14:00:00","guid":{"rendered":"https:\/\/blogopara.com.br\/?p=51404"},"modified":"2023-04-11T22:40:50","modified_gmt":"2023-04-12T01:40:50","slug":"tv-escola-juazeiro-realiza-ciclo-de-programacao-ludica-em-escolas-da-rede-municipal-de-ensino-em-incentivo-ao-protagonismo-estudantil","status":"publish","type":"post","link":"https:\/\/blogopara.com.br\/index.php\/2023\/04\/12\/tv-escola-juazeiro-realiza-ciclo-de-programacao-ludica-em-escolas-da-rede-municipal-de-ensino-em-incentivo-ao-protagonismo-estudantil","title":{"rendered":"TV Escola Juazeiro realiza ciclo de programa\u00e7\u00e3o l\u00fadica em escolas da rede municipal de ensino em incentivo ao protagonismo estudantil"},"content":{"rendered":"<p style=\"text-align: justify;\">Com o apoio da Prefeitura de Juazeiro, por meio da Secretaria de Educa\u00e7\u00e3o e Juventude (Seduc), a TV Escola Juazeiro \u2013 Canal do Saber, iniciativa pioneira em Juazeiro e idealizada pela Gest\u00e3o Suzana Ramos, \u00a0tem realizado um ciclo de programa\u00e7\u00e3o l\u00fadica em escolas da rede municipal de ensino, apresentando o novo formato de funcionamento da TV, que al\u00e9m de ter migrado para plataforma web, nesta nova fase tem buscado promover o protagonismo estudantil, atrav\u00e9s da forma\u00e7\u00e3o de n\u00facleos compostos por professores, coordenadores, gestores e fam\u00edlias, onde se pretende compartilhar o dia a dia da Escola a partir da participa\u00e7\u00e3o dos alunos na constru\u00e7\u00e3o do conte\u00fado da TV.<\/p>\n<p style=\"text-align: justify;\">Nesta ter\u00e7a-feira (11), a equipe da TV Escola Juazeiro realizou uma visita aos alunos da Escola Esta\u00e7\u00e3o do Saber Jos\u00e9 Carlos Tanuri, o momento foi marcado por uma s\u00e9rie de atividades recreativas como: \u00a0show de m\u00e1gica, brincadeiras, conta\u00e7\u00e3o de hist\u00f3rias e apresenta\u00e7\u00e3o l\u00fadica da nova proposta de programa\u00e7\u00e3o da TV que passar\u00e1 a ser exibida no endere\u00e7o:\u00a0www.tvescola.juazeiro.ba.gov.br, ap\u00f3s o processo de conclus\u00e3o do site.<\/p>\n<p style=\"text-align: justify;\">De acordo com a coordenadora pedag\u00f3gica da TV Escola, Adriana Campana, a programa\u00e7\u00e3o j\u00e1 contemplou outras unidades de ensino e segue com atividades programadas em outras escolas da rede municipal. \u201cA proposta \u00e9 realizar as visitas durante todo m\u00eas de abril e maio, sempre articuladas junto a coordena\u00e7\u00e3o, gest\u00e3o e professores das escolas, com o intuito de fortalecer esta parceria t\u00e3o potente na constru\u00e7\u00e3o de conte\u00fados educativos de excel\u00eancia, com a participa\u00e7\u00e3o efetiva dos alunos enquanto protagonistas do ensino\u201d, disse Adriana.<\/p>\n<p style=\"text-align: justify;\">A Escola Municipal Nossa Senhora das Grotas, tamb\u00e9m recebeu a equipe da TV Escola no dia 4 de abril, e avaliou a iniciativa de forma positiva. \u201cA proposta inovadora da TV Escola fortalece a aprendizagem dos nossos alunos, trazendo o audiovisual e a tecnologia para a educa\u00e7\u00e3o. Precisamos aproveitar esse presente que temos em m\u00e3os\u201d, comentou Katiane Soares, gestora da Escola Nossa Senhora das Grotas.<\/p>\n<p style=\"text-align: justify;\">Segundo o diretor da TV Escola, Armando Lopes, as atividades desenvolvidas neste momento de transi\u00e7\u00e3o buscam elucidar sobre o novo formato da TV Escola e fortalecer este v\u00ednculo com a comunidade escolar, trazendo informa\u00e7\u00f5es sobre o processo de produ\u00e7\u00e3o de conte\u00fado audiovisual. \u201cEste encontro \u00e9 o ponta p\u00e9 inicial para uma parceria necess\u00e1ria com gestores, coordenadores, crian\u00e7as e respons\u00e1veis, sempre pensando na aprendizagem significativa e contextualizada dos estudantes\u201d afirma Armando.<\/p>\n<p style=\"text-align: justify;\">Com entusiasmo e bastante intera\u00e7\u00e3o, a estudante da Escola Esta\u00e7\u00e3o do Saber, Helena Alves Vieira, de 8 anos, falou sobre o momento. \u201cEu estou me divertindo muito e aprendendo bastante sobre a TV Escola. J\u00e1 estou ansiosa para conhecer o novo site\u201d, disse a estudante.<\/p>\n<p style=\"text-align: justify;\"><em>Fonte: Ascom\/Seduc\/PMJ<\/em><\/p>\n","protected":false},"excerpt":{"rendered":"<p>Com o apoio da Prefeitura de Juazeiro, por meio da Secretaria de Educa\u00e7\u00e3o e Juventude (Seduc), a TV Escola Juazeiro \u2013 Canal do Saber, iniciativa pioneira em Juazeiro e idealizada pela Gest\u00e3o Suzana Ramos, \u00a0tem realizado um ciclo de programa\u00e7\u00e3o l\u00fadica em escolas da rede municipal de ensino, apresentando o novo formato de funcionamento da [&hellip;]<\/p>\n","protected":false},"author":1,"featured_media":51396,"comment_status":"closed","ping_status":"open","sticky":false,"template":"","format":"standard","meta":{"_uag_custom_page_level_css":"","_monsterinsights_skip_tracking":false,"_monsterinsights_sitenote_active":false,"_monsterinsights_sitenote_note":"","_monsterinsights_sitenote_category":0,"jetpack_post_was_ever_published":false,"_jetpack_newsletter_access":"","_jetpack_dont_email_post_to_subs":false,"_jetpack_newsletter_tier_id":0,"_jetpack_memberships_contains_paywalled_content":false,"_jetpack_memberships_contains_paid_content":false,"footnotes":"","jetpack_publicize_message":"","jetpack_publicize_feature_enabled":true,"jetpack_social_post_already_shared":true,"jetpack_social_options":{"image_generator_settings":{"template":"highway","default_image_id":0,"font":"","enabled":false},"version":2}},"categories":[209,203],"tags":[143,340],"class_list":["post-51404","post","type-post","status-publish","format-standard","has-post-thumbnail","hentry","category-educacao","category-juazeiro","tag-juazeiro-da-bahia","tag-prefeitura-de-juazeiro"],"jetpack_publicize_connections":[],"jetpack_featured_media_url":"https:\/\/blogopara.com.br\/wp-content\/uploads\/2023\/04\/WhatsApp-Image-2023-04-11-at-16.25.04.jpeg","uagb_featured_image_src":{"full":["https:\/\/blogopara.com.br\/wp-content\/uploads\/2023\/04\/WhatsApp-Image-2023-04-11-at-16.25.04.jpeg",500,333,false],"thumbnail":["https:\/\/blogopara.com.br\/wp-content\/uploads\/2023\/04\/WhatsApp-Image-2023-04-11-at-16.25.04-150x150.jpeg",150,150,true],"medium":["https:\/\/blogopara.com.br\/wp-content\/uploads\/2023\/04\/WhatsApp-Image-2023-04-11-at-16.25.04-300x200.jpeg",300,200,true],"medium_large":["https:\/\/blogopara.com.br\/wp-content\/uploads\/2023\/04\/WhatsApp-Image-2023-04-11-at-16.25.04.jpeg",500,333,false],"large":["https:\/\/blogopara.com.br\/wp-content\/uploads\/2023\/04\/WhatsApp-Image-2023-04-11-at-16.25.04.jpeg",500,333,false],"1536x1536":["https:\/\/blogopara.com.br\/wp-content\/uploads\/2023\/04\/WhatsApp-Image-2023-04-11-at-16.25.04.jpeg",500,333,false],"2048x2048":["https:\/\/blogopara.com.br\/wp-content\/uploads\/2023\/04\/WhatsApp-Image-2023-04-11-at-16.25.04.jpeg",500,333,false],"mantranews-slider-large":["https:\/\/blogopara.com.br\/wp-content\/uploads\/2023\/04\/WhatsApp-Image-2023-04-11-at-16.25.04.jpeg",500,333,false],"mantranews-featured-medium":["https:\/\/blogopara.com.br\/wp-content\/uploads\/2023\/04\/WhatsApp-Image-2023-04-11-at-16.25.04-420x307.jpeg",420,307,true],"mantranews-featured-long":["https:\/\/blogopara.com.br\/wp-content\/uploads\/2023\/04\/WhatsApp-Image-2023-04-11-at-16.25.04-300x333.jpeg",300,333,true],"mantranews-block-medium":["https:\/\/blogopara.com.br\/wp-content\/uploads\/2023\/04\/WhatsApp-Image-2023-04-11-at-16.25.04-464x290.jpeg",464,290,true],"mantranews-carousel-image":["https:\/\/blogopara.com.br\/wp-content\/uploads\/2023\/04\/WhatsApp-Image-2023-04-11-at-16.25.04.jpeg",500,333,false],"mantranews-block-thumb":["https:\/\/blogopara.com.br\/wp-content\/uploads\/2023\/04\/WhatsApp-Image-2023-04-11-at-16.25.04-322x230.jpeg",322,230,true],"mantranews-single-large":["https:\/\/blogopara.com.br\/wp-content\/uploads\/2023\/04\/WhatsApp-Image-2023-04-11-at-16.25.04.jpeg",500,333,false]},"uagb_author_info":{"display_name":"Reda\u00e7\u00e3o geral","author_link":"https:\/\/blogopara.com.br\/index.php\/author\/blogopara"},"uagb_comment_info":0,"uagb_excerpt":"Com o apoio da Prefeitura de Juazeiro, por meio da Secretaria de Educa\u00e7\u00e3o e Juventude (Seduc), a TV Escola Juazeiro \u2013 Canal do Saber, iniciativa pioneira em Juazeiro e idealizada pela Gest\u00e3o Suzana Ramos, \u00a0tem realizado um ciclo de programa\u00e7\u00e3o l\u00fadica em escolas da rede municipal de ensino, apresentando o novo formato de funcionamento da&hellip;","jetpack_sharing_enabled":true,"jetpack_likes_enabled":true,"_links":{"self":[{"href":"https:\/\/blogopara.com.br\/index.php\/wp-json\/wp\/v2\/posts\/51404","targetHints":{"allow":["GET"]}}],"collection":[{"href":"https:\/\/blogopara.com.br\/index.php\/wp-json\/wp\/v2\/posts"}],"about":[{"href":"https:\/\/blogopara.com.br\/index.php\/wp-json\/wp\/v2\/types\/post"}],"author":[{"embeddable":true,"href":"https:\/\/blogopara.com.br\/index.php\/wp-json\/wp\/v2\/users\/1"}],"replies":[{"embeddable":true,"href":"https:\/\/blogopara.com.br\/index.php\/wp-json\/wp\/v2\/comments?post=51404"}],"version-history":[{"count":1,"href":"https:\/\/blogopara.com.br\/index.php\/wp-json\/wp\/v2\/posts\/51404\/revisions"}],"predecessor-version":[{"id":51405,"href":"https:\/\/blogopara.com.br\/index.php\/wp-json\/wp\/v2\/posts\/51404\/revisions\/51405"}],"wp:featuredmedia":[{"embeddable":true,"href":"https:\/\/blogopara.com.br\/index.php\/wp-json\/wp\/v2\/media\/51396"}],"wp:attachment":[{"href":"https:\/\/blogopara.com.br\/index.php\/wp-json\/wp\/v2\/media?parent=51404"}],"wp:term":[{"taxonomy":"category","embeddable":true,"href":"https:\/\/blogopara.com.br\/index.php\/wp-json\/wp\/v2\/categories?post=51404"},{"taxonomy":"post_tag","embeddable":true,"href":"https:\/\/blogopara.com.br\/index.php\/wp-json\/wp\/v2\/tags?post=51404"}],"curies":[{"name":"wp","href":"https:\/\/api.w.org\/{rel}","templated":true}]}}