{"id":51681,"date":"2023-04-20T09:00:00","date_gmt":"2023-04-20T12:00:00","guid":{"rendered":"https:\/\/blogopara.com.br\/?p=51681"},"modified":"2023-04-19T21:45:15","modified_gmt":"2023-04-20T00:45:15","slug":"jeronimo-prega-manutencao-das-aulas-no-dia-20-e-faz-alerta-para-seguranca-nas-escolas-nao-facam-terror","status":"publish","type":"post","link":"https:\/\/blogopara.com.br\/index.php\/2023\/04\/20\/jeronimo-prega-manutencao-das-aulas-no-dia-20-e-faz-alerta-para-seguranca-nas-escolas-nao-facam-terror","title":{"rendered":"Jer\u00f4nimo prega manuten\u00e7\u00e3o das aulas no dia 20 e faz alerta para seguran\u00e7a nas escolas: &#8220;N\u00e3o fa\u00e7am terror&#8221;"},"content":{"rendered":"<p style=\"text-align: justify;\">O governador da Bahia, Jer\u00f4nimo Rodrigues (PT), fez um apelo pela manuten\u00e7\u00e3o das aulas nas institui\u00e7\u00f5es de ensino na pr\u00f3xima quinta-feira (20), apesar da divulga\u00e7\u00e3o de amea\u00e7as de ataques \u00e0s escolas. Jer\u00f4nimo tamb\u00e9m pediu para que a popula\u00e7\u00e3o baiana ajude a gest\u00e3o estadual a enfrentar a dissemina\u00e7\u00e3o de ataques com seriedade. A declara\u00e7\u00e3o foi dada na manh\u00e3 desta quarta-feira (19), durante o an\u00fancio da instala\u00e7\u00e3o do Comit\u00ea Estadual Intersetorial de Seguran\u00e7a nas Escolas e nos Espa\u00e7os Educacionais da Bahia (Cise).<\/p>\n<p style=\"text-align: justify;\">\u201cO que tem amanh\u00e3 \u00e9 um chamamento para um abra\u00e7o na escola. Eu quero pedir aos pais que n\u00e3o fa\u00e7am terror, que n\u00e3o comam terror, claro, com seguran\u00e7a. Ningu\u00e9m aqui est\u00e1 pedindo irresponsabilidade. Pregamos para que amanh\u00e3 as nossas escolas tenham aula normal, \u00e9 uma prega\u00e7\u00e3o minha dentro da responsabilidade da gente. Estamos apelando para os professores, estudantes e pais para que nos ajude a enfrentar isso com seriedade\u201d, afirmou Jer\u00f4nimo.<\/p>\n<p style=\"text-align: justify;\">O governador tamb\u00e9m pediu para que os alunos n\u00e3o levem materiais de defesa como facas \u00a0e objetos perfurantes para o col\u00e9gio. Jer\u00f4nimo tamb\u00e9m associou a divulga\u00e7\u00e3o dos ataques \u00e0s escolas a um \u201cadoecimento\u201d da sociedade no geral.<\/p>\n<p style=\"text-align: justify;\">\u201cN\u00f3s preparamos um material para evitar que estudantes possam ficar levando algum tipo de equipamento para se proteger, n\u00f3s n\u00e3o queremos isso. Se a escola est\u00e1 passando por isso, \u00e9 porque a sociedade est\u00e1 passando por isso, a cidade est\u00e1 adoecida. Amanh\u00e3 estamos chamando escolas para poder fazer um grande movimento de abra\u00e7o de amor e de acolhimento\u201d, disse o governador.<\/p>\n<h4>Detector de metais<\/h4>\n<p>Jer\u00f4nimo tamb\u00e9m criticou a aplicabilidade de detector de metais nas escolas como medida de seguran\u00e7a para evitar poss\u00edveis ataques nas institui\u00e7\u00f5es. O governador afirmou que \u201cn\u00e3o tem interesse\u201d em dar prosseguimento na mat\u00e9ria que est\u00e1 em andamento na Assembleia Legislativa da Bahia (AL-BA).<\/p>\n<p>\u201cVou pegar a escola Luiz Viana, 2 mil estudantes, eu vou botar quantas catracas? Eu vou fazer uma fila de que tamanho? Imagine os estudantes tendo que fazer uma revista com um detector de metais. E os cadernos com espiral? Eu vou ter que ficar olhando bolsa por bolsa? Ent\u00e3o, assim, eu n\u00e3o tenho interesse, nem em colocar c\u00e2meras nem em colocar catracas, ou detectores de metais\u201d, afirmou Jer\u00f4nimo.<\/p>\n<p><em>Fonte: Bahia Not\u00edcias<\/em><\/p>\n","protected":false},"excerpt":{"rendered":"<p>O governador da Bahia, Jer\u00f4nimo Rodrigues (PT), fez um apelo pela manuten\u00e7\u00e3o das aulas nas institui\u00e7\u00f5es de ensino na pr\u00f3xima quinta-feira (20), apesar da divulga\u00e7\u00e3o de amea\u00e7as de ataques \u00e0s escolas. Jer\u00f4nimo tamb\u00e9m pediu para que a popula\u00e7\u00e3o baiana ajude a gest\u00e3o estadual a enfrentar a dissemina\u00e7\u00e3o de ataques com seriedade. A declara\u00e7\u00e3o foi dada [&hellip;]<\/p>\n","protected":false},"author":1,"featured_media":51671,"comment_status":"closed","ping_status":"open","sticky":false,"template":"","format":"standard","meta":{"_uag_custom_page_level_css":"","_monsterinsights_skip_tracking":false,"_monsterinsights_sitenote_active":false,"_monsterinsights_sitenote_note":"","_monsterinsights_sitenote_category":0,"jetpack_post_was_ever_published":false,"_jetpack_newsletter_access":"","_jetpack_dont_email_post_to_subs":false,"_jetpack_newsletter_tier_id":0,"_jetpack_memberships_contains_paywalled_content":false,"_jetpack_memberships_contains_paid_content":false,"footnotes":"","jetpack_publicize_message":"","jetpack_publicize_feature_enabled":true,"jetpack_social_post_already_shared":true,"jetpack_social_options":{"image_generator_settings":{"template":"highway","default_image_id":0,"font":"","enabled":false},"version":2}},"categories":[199,209],"tags":[11,8075,143],"class_list":["post-51681","post","type-post","status-publish","format-standard","has-post-thumbnail","hentry","category-bahia","category-educacao","tag-bahia","tag-jeronimo-rodrigues","tag-juazeiro-da-bahia"],"jetpack_publicize_connections":[],"jetpack_featured_media_url":"https:\/\/blogopara.com.br\/wp-content\/uploads\/2023\/04\/WhatsApp-Image-2023-04-19-at-19.36.36.jpeg","uagb_featured_image_src":{"full":["https:\/\/blogopara.com.br\/wp-content\/uploads\/2023\/04\/WhatsApp-Image-2023-04-19-at-19.36.36.jpeg",500,318,false],"thumbnail":["https:\/\/blogopara.com.br\/wp-content\/uploads\/2023\/04\/WhatsApp-Image-2023-04-19-at-19.36.36-150x150.jpeg",150,150,true],"medium":["https:\/\/blogopara.com.br\/wp-content\/uploads\/2023\/04\/WhatsApp-Image-2023-04-19-at-19.36.36-300x191.jpeg",300,191,true],"medium_large":["https:\/\/blogopara.com.br\/wp-content\/uploads\/2023\/04\/WhatsApp-Image-2023-04-19-at-19.36.36.jpeg",500,318,false],"large":["https:\/\/blogopara.com.br\/wp-content\/uploads\/2023\/04\/WhatsApp-Image-2023-04-19-at-19.36.36.jpeg",500,318,false],"1536x1536":["https:\/\/blogopara.com.br\/wp-content\/uploads\/2023\/04\/WhatsApp-Image-2023-04-19-at-19.36.36.jpeg",500,318,false],"2048x2048":["https:\/\/blogopara.com.br\/wp-content\/uploads\/2023\/04\/WhatsApp-Image-2023-04-19-at-19.36.36.jpeg",500,318,false],"mantranews-slider-large":["https:\/\/blogopara.com.br\/wp-content\/uploads\/2023\/04\/WhatsApp-Image-2023-04-19-at-19.36.36.jpeg",500,318,false],"mantranews-featured-medium":["https:\/\/blogopara.com.br\/wp-content\/uploads\/2023\/04\/WhatsApp-Image-2023-04-19-at-19.36.36-420x307.jpeg",420,307,true],"mantranews-featured-long":["https:\/\/blogopara.com.br\/wp-content\/uploads\/2023\/04\/WhatsApp-Image-2023-04-19-at-19.36.36-300x318.jpeg",300,318,true],"mantranews-block-medium":["https:\/\/blogopara.com.br\/wp-content\/uploads\/2023\/04\/WhatsApp-Image-2023-04-19-at-19.36.36-464x290.jpeg",464,290,true],"mantranews-carousel-image":["https:\/\/blogopara.com.br\/wp-content\/uploads\/2023\/04\/WhatsApp-Image-2023-04-19-at-19.36.36.jpeg",500,318,false],"mantranews-block-thumb":["https:\/\/blogopara.com.br\/wp-content\/uploads\/2023\/04\/WhatsApp-Image-2023-04-19-at-19.36.36-322x230.jpeg",322,230,true],"mantranews-single-large":["https:\/\/blogopara.com.br\/wp-content\/uploads\/2023\/04\/WhatsApp-Image-2023-04-19-at-19.36.36.jpeg",500,318,false]},"uagb_author_info":{"display_name":"Reda\u00e7\u00e3o geral","author_link":"https:\/\/blogopara.com.br\/index.php\/author\/blogopara"},"uagb_comment_info":0,"uagb_excerpt":"O governador da Bahia, Jer\u00f4nimo Rodrigues (PT), fez um apelo pela manuten\u00e7\u00e3o das aulas nas institui\u00e7\u00f5es de ensino na pr\u00f3xima quinta-feira (20), apesar da divulga\u00e7\u00e3o de amea\u00e7as de ataques \u00e0s escolas. Jer\u00f4nimo tamb\u00e9m pediu para que a popula\u00e7\u00e3o baiana ajude a gest\u00e3o estadual a enfrentar a dissemina\u00e7\u00e3o de ataques com seriedade. A declara\u00e7\u00e3o foi dada&hellip;","jetpack_sharing_enabled":true,"jetpack_likes_enabled":true,"_links":{"self":[{"href":"https:\/\/blogopara.com.br\/index.php\/wp-json\/wp\/v2\/posts\/51681","targetHints":{"allow":["GET"]}}],"collection":[{"href":"https:\/\/blogopara.com.br\/index.php\/wp-json\/wp\/v2\/posts"}],"about":[{"href":"https:\/\/blogopara.com.br\/index.php\/wp-json\/wp\/v2\/types\/post"}],"author":[{"embeddable":true,"href":"https:\/\/blogopara.com.br\/index.php\/wp-json\/wp\/v2\/users\/1"}],"replies":[{"embeddable":true,"href":"https:\/\/blogopara.com.br\/index.php\/wp-json\/wp\/v2\/comments?post=51681"}],"version-history":[{"count":1,"href":"https:\/\/blogopara.com.br\/index.php\/wp-json\/wp\/v2\/posts\/51681\/revisions"}],"predecessor-version":[{"id":51684,"href":"https:\/\/blogopara.com.br\/index.php\/wp-json\/wp\/v2\/posts\/51681\/revisions\/51684"}],"wp:featuredmedia":[{"embeddable":true,"href":"https:\/\/blogopara.com.br\/index.php\/wp-json\/wp\/v2\/media\/51671"}],"wp:attachment":[{"href":"https:\/\/blogopara.com.br\/index.php\/wp-json\/wp\/v2\/media?parent=51681"}],"wp:term":[{"taxonomy":"category","embeddable":true,"href":"https:\/\/blogopara.com.br\/index.php\/wp-json\/wp\/v2\/categories?post=51681"},{"taxonomy":"post_tag","embeddable":true,"href":"https:\/\/blogopara.com.br\/index.php\/wp-json\/wp\/v2\/tags?post=51681"}],"curies":[{"name":"wp","href":"https:\/\/api.w.org\/{rel}","templated":true}]}}