{"id":51830,"date":"2023-04-23T18:27:00","date_gmt":"2023-04-23T21:27:00","guid":{"rendered":"https:\/\/blogopara.com.br\/?p=51830"},"modified":"2023-04-23T09:40:06","modified_gmt":"2023-04-23T12:40:06","slug":"coletivo-trippe-celebra-mes-da-danca-com-projeto-em-escolas-publicas-de-petrolina","status":"publish","type":"post","link":"https:\/\/blogopara.com.br\/index.php\/2023\/04\/23\/coletivo-trippe-celebra-mes-da-danca-com-projeto-em-escolas-publicas-de-petrolina","title":{"rendered":"Coletivo Tripp\u00e9 celebra m\u00eas da dan\u00e7a com projeto em escolas p\u00fablicas de Petrolina"},"content":{"rendered":"<p style=\"text-align: justify;\">Escolas p\u00fablicas da \u00e1rea ribeirinha de Petrolina receberam nesta semana as atividades do Coletivo Tripp\u00e9, incluindo espet\u00e1culo de dan\u00e7a, oficina para crian\u00e7as e palestras para os professores. As a\u00e7\u00f5es come\u00e7aram na Agrovila Massangano, na segunda (17), e tamb\u00e9m chegaram \u00e0 Ilha do Massangano, na quarta-feira (19).<\/p>\n<p style=\"text-align: justify;\">A professora Brasiliana de Sousa Alves, que trabalha na Escola Municipal Mois\u00e9s Barreto, diz que receber o projeto foi uma experi\u00eancia enriquecedora para a comunidade escolar. \u201c<em>As crian\u00e7as amaram esse projeto. Para elas, foi bastante divertido, algo que usa o l\u00fadico<\/em>\u201c, afirma.<\/p>\n<p style=\"text-align: justify;\">O projeto \u2018Debaixo D\u2019\u00c1gua em comunidades ribeirinhas\u2019 realiza um circuito de apresenta\u00e7\u00f5es e atividades formativas para levar a dan\u00e7a a oito comunidades ribeirinhas da cidade. Iniciadas neste m\u00eas, no m\u00eas do Dia Internacional da Dan\u00e7a (29 de Abril), as atividades seguem at\u00e9 o final de maio. Todas as apresenta\u00e7\u00f5es contam com acessibilidade com int\u00e9rprete de Libras.<\/p>\n<p style=\"text-align: justify;\">O espet\u00e1culo aborda a conscientiza\u00e7\u00e3o sobre o cuidado com a \u00e1gua atrav\u00e9s da dan\u00e7a em uma linguagem infantil. Atrav\u00e9s da media\u00e7\u00e3o cultural, o tema \u00e9 discutido com as crian\u00e7as, que recebem material pedag\u00f3gico e participam de oficinas com a bailarina Mary Ane Nascimento. Os professores tamb\u00e9m s\u00e3o contemplados, com uma palestra sobre media\u00e7\u00e3o cultural com o diretor Adriano Alves.<\/p>\n<p style=\"text-align: justify;\">Aprovado no Edital Funcultura Geral 2019\/2020, o projeto conta com incentivo do Governo de Pernambuco, atrav\u00e9s da Fundarpe, da Secretaria de Cultura. Tamb\u00e9m conta com o apoio institucional da Secretaria Municipal de Educa\u00e7\u00e3o e da Prefeitura de Petrolina.<\/p>\n<p style=\"text-align: justify;\"><strong>O Coletivo<\/strong><\/p>\n<p style=\"text-align: justify;\">Desde 2011, o Coletivo Tripp\u00e9 atua na produ\u00e7\u00e3o de dan\u00e7a no Sert\u00e3o do S\u00e3o Francisco, promovendo atividades de difus\u00e3o e forma\u00e7\u00e3o na \u00e1rea. Entre suas atividades, est\u00e1 a realiza\u00e7\u00e3o de temporadas e circula\u00e7\u00f5es de espet\u00e1culos, processos de media\u00e7\u00e3o cultural para inicia\u00e7\u00e3o de novos p\u00fablicos e produ\u00e7\u00e3o de mostras e festivais. As atividades do grupo podem ser acompanhadas pelas redes sociais no\u00a0<a href=\"https:\/\/www.instagram.com\/trippecoletivo\/\"><strong>Instagram<\/strong><\/a>\u00a0e no\u00a0<a href=\"https:\/\/www.facebook.com\/coletivotrippe\"><strong>Facebook<\/strong><\/a>.<\/p>\n","protected":false},"excerpt":{"rendered":"<p>Escolas p\u00fablicas da \u00e1rea ribeirinha de Petrolina receberam nesta semana as atividades do Coletivo Tripp\u00e9, incluindo espet\u00e1culo de dan\u00e7a, oficina para crian\u00e7as e palestras para os professores. As a\u00e7\u00f5es come\u00e7aram na Agrovila Massangano, na segunda (17), e tamb\u00e9m chegaram \u00e0 Ilha do Massangano, na quarta-feira (19). A professora Brasiliana de Sousa Alves, que trabalha na [&hellip;]<\/p>\n","protected":false},"author":1,"featured_media":51831,"comment_status":"closed","ping_status":"open","sticky":false,"template":"","format":"standard","meta":{"_uag_custom_page_level_css":"","_monsterinsights_skip_tracking":false,"_monsterinsights_sitenote_active":false,"_monsterinsights_sitenote_note":"","_monsterinsights_sitenote_category":0,"jetpack_post_was_ever_published":false,"_jetpack_newsletter_access":"","_jetpack_dont_email_post_to_subs":false,"_jetpack_newsletter_tier_id":0,"_jetpack_memberships_contains_paywalled_content":false,"_jetpack_memberships_contains_paid_content":false,"footnotes":"","jetpack_publicize_message":"","jetpack_publicize_feature_enabled":true,"jetpack_social_post_already_shared":true,"jetpack_social_options":{"image_generator_settings":{"template":"highway","default_image_id":0,"font":"","enabled":false},"version":2}},"categories":[1784,851],"tags":[],"class_list":["post-51830","post","type-post","status-publish","format-standard","has-post-thumbnail","hentry","category-cultura-2","category-petrolina"],"jetpack_publicize_connections":[],"jetpack_featured_media_url":"https:\/\/blogopara.com.br\/wp-content\/uploads\/2023\/04\/Apos-apresentacoes-criancas-fazem-desenhos-foto-por-Fernando-Pereira-768x512-1.jpeg","uagb_featured_image_src":{"full":["https:\/\/blogopara.com.br\/wp-content\/uploads\/2023\/04\/Apos-apresentacoes-criancas-fazem-desenhos-foto-por-Fernando-Pereira-768x512-1.jpeg",500,333,false],"thumbnail":["https:\/\/blogopara.com.br\/wp-content\/uploads\/2023\/04\/Apos-apresentacoes-criancas-fazem-desenhos-foto-por-Fernando-Pereira-768x512-1-150x150.jpeg",150,150,true],"medium":["https:\/\/blogopara.com.br\/wp-content\/uploads\/2023\/04\/Apos-apresentacoes-criancas-fazem-desenhos-foto-por-Fernando-Pereira-768x512-1-300x200.jpeg",300,200,true],"medium_large":["https:\/\/blogopara.com.br\/wp-content\/uploads\/2023\/04\/Apos-apresentacoes-criancas-fazem-desenhos-foto-por-Fernando-Pereira-768x512-1.jpeg",500,333,false],"large":["https:\/\/blogopara.com.br\/wp-content\/uploads\/2023\/04\/Apos-apresentacoes-criancas-fazem-desenhos-foto-por-Fernando-Pereira-768x512-1.jpeg",500,333,false],"1536x1536":["https:\/\/blogopara.com.br\/wp-content\/uploads\/2023\/04\/Apos-apresentacoes-criancas-fazem-desenhos-foto-por-Fernando-Pereira-768x512-1.jpeg",500,333,false],"2048x2048":["https:\/\/blogopara.com.br\/wp-content\/uploads\/2023\/04\/Apos-apresentacoes-criancas-fazem-desenhos-foto-por-Fernando-Pereira-768x512-1.jpeg",500,333,false],"mantranews-slider-large":["https:\/\/blogopara.com.br\/wp-content\/uploads\/2023\/04\/Apos-apresentacoes-criancas-fazem-desenhos-foto-por-Fernando-Pereira-768x512-1.jpeg",500,333,false],"mantranews-featured-medium":["https:\/\/blogopara.com.br\/wp-content\/uploads\/2023\/04\/Apos-apresentacoes-criancas-fazem-desenhos-foto-por-Fernando-Pereira-768x512-1-420x307.jpeg",420,307,true],"mantranews-featured-long":["https:\/\/blogopara.com.br\/wp-content\/uploads\/2023\/04\/Apos-apresentacoes-criancas-fazem-desenhos-foto-por-Fernando-Pereira-768x512-1-300x333.jpeg",300,333,true],"mantranews-block-medium":["https:\/\/blogopara.com.br\/wp-content\/uploads\/2023\/04\/Apos-apresentacoes-criancas-fazem-desenhos-foto-por-Fernando-Pereira-768x512-1-464x290.jpeg",464,290,true],"mantranews-carousel-image":["https:\/\/blogopara.com.br\/wp-content\/uploads\/2023\/04\/Apos-apresentacoes-criancas-fazem-desenhos-foto-por-Fernando-Pereira-768x512-1.jpeg",500,333,false],"mantranews-block-thumb":["https:\/\/blogopara.com.br\/wp-content\/uploads\/2023\/04\/Apos-apresentacoes-criancas-fazem-desenhos-foto-por-Fernando-Pereira-768x512-1-322x230.jpeg",322,230,true],"mantranews-single-large":["https:\/\/blogopara.com.br\/wp-content\/uploads\/2023\/04\/Apos-apresentacoes-criancas-fazem-desenhos-foto-por-Fernando-Pereira-768x512-1.jpeg",500,333,false]},"uagb_author_info":{"display_name":"Reda\u00e7\u00e3o geral","author_link":"https:\/\/blogopara.com.br\/index.php\/author\/blogopara"},"uagb_comment_info":0,"uagb_excerpt":"Escolas p\u00fablicas da \u00e1rea ribeirinha de Petrolina receberam nesta semana as atividades do Coletivo Tripp\u00e9, incluindo espet\u00e1culo de dan\u00e7a, oficina para crian\u00e7as e palestras para os professores. As a\u00e7\u00f5es come\u00e7aram na Agrovila Massangano, na segunda (17), e tamb\u00e9m chegaram \u00e0 Ilha do Massangano, na quarta-feira (19). A professora Brasiliana de Sousa Alves, que trabalha na&hellip;","jetpack_sharing_enabled":true,"jetpack_likes_enabled":true,"_links":{"self":[{"href":"https:\/\/blogopara.com.br\/index.php\/wp-json\/wp\/v2\/posts\/51830","targetHints":{"allow":["GET"]}}],"collection":[{"href":"https:\/\/blogopara.com.br\/index.php\/wp-json\/wp\/v2\/posts"}],"about":[{"href":"https:\/\/blogopara.com.br\/index.php\/wp-json\/wp\/v2\/types\/post"}],"author":[{"embeddable":true,"href":"https:\/\/blogopara.com.br\/index.php\/wp-json\/wp\/v2\/users\/1"}],"replies":[{"embeddable":true,"href":"https:\/\/blogopara.com.br\/index.php\/wp-json\/wp\/v2\/comments?post=51830"}],"version-history":[{"count":1,"href":"https:\/\/blogopara.com.br\/index.php\/wp-json\/wp\/v2\/posts\/51830\/revisions"}],"predecessor-version":[{"id":51832,"href":"https:\/\/blogopara.com.br\/index.php\/wp-json\/wp\/v2\/posts\/51830\/revisions\/51832"}],"wp:featuredmedia":[{"embeddable":true,"href":"https:\/\/blogopara.com.br\/index.php\/wp-json\/wp\/v2\/media\/51831"}],"wp:attachment":[{"href":"https:\/\/blogopara.com.br\/index.php\/wp-json\/wp\/v2\/media?parent=51830"}],"wp:term":[{"taxonomy":"category","embeddable":true,"href":"https:\/\/blogopara.com.br\/index.php\/wp-json\/wp\/v2\/categories?post=51830"},{"taxonomy":"post_tag","embeddable":true,"href":"https:\/\/blogopara.com.br\/index.php\/wp-json\/wp\/v2\/tags?post=51830"}],"curies":[{"name":"wp","href":"https:\/\/api.w.org\/{rel}","templated":true}]}}