{"id":51891,"date":"2023-04-25T12:00:00","date_gmt":"2023-04-25T15:00:00","guid":{"rendered":"https:\/\/blogopara.com.br\/?p=51891"},"modified":"2023-04-24T22:27:30","modified_gmt":"2023-04-25T01:27:30","slug":"ubss-de-juazeiro-seguem-vacinando-grupos-prioritarios-contra-a-gripe","status":"publish","type":"post","link":"https:\/\/blogopara.com.br\/index.php\/2023\/04\/25\/ubss-de-juazeiro-seguem-vacinando-grupos-prioritarios-contra-a-gripe","title":{"rendered":"UBSs de Juazeiro seguem vacinando grupos priorit\u00e1rios contra a gripe"},"content":{"rendered":"<p style=\"text-align: justify;\">As Unidades B\u00e1sicas de Sa\u00fade (UBSs) de Juazeiro seguem vacinando contra a gripe. A Campanha Nacional de Vacina\u00e7\u00e3o Contra a Influenza iniciou no \u00faltimo dia 10 de abril para os p\u00fablicos priorit\u00e1rios. At\u00e9 o momento, a Prefeitura de Juazeiro, atrav\u00e9s da Secretaria de Sa\u00fade (Sesau) j\u00e1 aplicou mais de 5.500 doses. \u00a0A meta \u00e9 vacinar pelo menos 90% do p\u00fablico-alvo de cada grupo priorit\u00e1rio. A Campanha Nacional de Vacina\u00e7\u00e3o Contra a Influenza segue at\u00e9 o dia 31 de maio. A vacina da gripe trivalente protege contra os seguintes v\u00edrus da Influenza: A H1N1, H3N2 e B.<\/p>\n<p style=\"text-align: justify;\">P\u00fablico-alvo-Devem tomar a vacina contra a Influenza crian\u00e7as de 6 meses a menores de 6 anos (5 anos, 11 meses e 29 dias), trabalhadores da sa\u00fade, gestantes, pu\u00e9rperas (mulheres no per\u00edodo at\u00e9 45 dias ap\u00f3s o parto), professores do ensino b\u00e1sico e superior, povos ind\u00edgenas, idosos com 60 anos ou mais, profissionais das for\u00e7as de seguran\u00e7a e salvamento, profissionais das for\u00e7as armadas, pessoas com doen\u00e7as cr\u00f4nicas n\u00e3o transmiss\u00edveis e outras condi\u00e7\u00f5es cl\u00ednicas especiais independentemente da idade, pessoas com defici\u00eancia permanente, caminhoneiros, trabalhadores de transporte coletivo rodovi\u00e1rio para passageiros urbanos e de longo curso, popula\u00e7\u00e3o privada de liberdade e funcion\u00e1rios do sistema de priva\u00e7\u00e3o de liberdade, adolescentes e jovens de 12 a 21 anos de idade sob medidas socioeducativas, trabalhadores portu\u00e1rios.<\/p>\n<p style=\"text-align: justify;\">Documentos-Para vacinar \u00e9 preciso levar RG, CPF ou Cart\u00e3o SUS a qualquer UBS do munic\u00edpio, no hor\u00e1rio de funcionamento da unidade. Os profissionais que integram os grupos priorit\u00e1rios precisam apresentar tamb\u00e9m documento que comprove o exerc\u00edcio efetivo da fun\u00e7\u00e3o e pessoas com doen\u00e7as cr\u00f4nicas devem apresentar um documento comprobat\u00f3rio.<\/p>\n<p style=\"text-align: justify;\"><em>Fonte: Ascom\/Sesau\/PMJ<\/em><\/p>\n","protected":false},"excerpt":{"rendered":"<p>As Unidades B\u00e1sicas de Sa\u00fade (UBSs) de Juazeiro seguem vacinando contra a gripe. A Campanha Nacional de Vacina\u00e7\u00e3o Contra a Influenza iniciou no \u00faltimo dia 10 de abril para os p\u00fablicos priorit\u00e1rios. At\u00e9 o momento, a Prefeitura de Juazeiro, atrav\u00e9s da Secretaria de Sa\u00fade (Sesau) j\u00e1 aplicou mais de 5.500 doses. \u00a0A meta \u00e9 vacinar [&hellip;]<\/p>\n","protected":false},"author":1,"featured_media":37011,"comment_status":"closed","ping_status":"open","sticky":false,"template":"","format":"standard","meta":{"_uag_custom_page_level_css":"","_monsterinsights_skip_tracking":false,"_monsterinsights_sitenote_active":false,"_monsterinsights_sitenote_note":"","_monsterinsights_sitenote_category":0,"jetpack_post_was_ever_published":false,"_jetpack_newsletter_access":"","_jetpack_dont_email_post_to_subs":false,"_jetpack_newsletter_tier_id":0,"_jetpack_memberships_contains_paywalled_content":false,"_jetpack_memberships_contains_paid_content":false,"footnotes":"","jetpack_publicize_message":"","jetpack_publicize_feature_enabled":true,"jetpack_social_post_already_shared":true,"jetpack_social_options":{"image_generator_settings":{"template":"highway","default_image_id":0,"font":"","enabled":false},"version":2}},"categories":[203,205],"tags":[143,340,669,1051],"class_list":["post-51891","post","type-post","status-publish","format-standard","has-post-thumbnail","hentry","category-juazeiro","category-saude","tag-juazeiro-da-bahia","tag-prefeitura-de-juazeiro","tag-ubs","tag-vacina"],"jetpack_publicize_connections":[],"jetpack_featured_media_url":"https:\/\/blogopara.com.br\/wp-content\/uploads\/2022\/05\/Polo-extra-de-vacinacao-2-1.jpeg","uagb_featured_image_src":{"full":["https:\/\/blogopara.com.br\/wp-content\/uploads\/2022\/05\/Polo-extra-de-vacinacao-2-1.jpeg",500,333,false],"thumbnail":["https:\/\/blogopara.com.br\/wp-content\/uploads\/2022\/05\/Polo-extra-de-vacinacao-2-1-150x150.jpeg",150,150,true],"medium":["https:\/\/blogopara.com.br\/wp-content\/uploads\/2022\/05\/Polo-extra-de-vacinacao-2-1-300x200.jpeg",300,200,true],"medium_large":["https:\/\/blogopara.com.br\/wp-content\/uploads\/2022\/05\/Polo-extra-de-vacinacao-2-1.jpeg",500,333,false],"large":["https:\/\/blogopara.com.br\/wp-content\/uploads\/2022\/05\/Polo-extra-de-vacinacao-2-1.jpeg",500,333,false],"1536x1536":["https:\/\/blogopara.com.br\/wp-content\/uploads\/2022\/05\/Polo-extra-de-vacinacao-2-1.jpeg",500,333,false],"2048x2048":["https:\/\/blogopara.com.br\/wp-content\/uploads\/2022\/05\/Polo-extra-de-vacinacao-2-1.jpeg",500,333,false],"mantranews-slider-large":["https:\/\/blogopara.com.br\/wp-content\/uploads\/2022\/05\/Polo-extra-de-vacinacao-2-1.jpeg",500,333,false],"mantranews-featured-medium":["https:\/\/blogopara.com.br\/wp-content\/uploads\/2022\/05\/Polo-extra-de-vacinacao-2-1-420x307.jpeg",420,307,true],"mantranews-featured-long":["https:\/\/blogopara.com.br\/wp-content\/uploads\/2022\/05\/Polo-extra-de-vacinacao-2-1-300x333.jpeg",300,333,true],"mantranews-block-medium":["https:\/\/blogopara.com.br\/wp-content\/uploads\/2022\/05\/Polo-extra-de-vacinacao-2-1-464x290.jpeg",464,290,true],"mantranews-carousel-image":["https:\/\/blogopara.com.br\/wp-content\/uploads\/2022\/05\/Polo-extra-de-vacinacao-2-1.jpeg",500,333,false],"mantranews-block-thumb":["https:\/\/blogopara.com.br\/wp-content\/uploads\/2022\/05\/Polo-extra-de-vacinacao-2-1-322x230.jpeg",322,230,true],"mantranews-single-large":["https:\/\/blogopara.com.br\/wp-content\/uploads\/2022\/05\/Polo-extra-de-vacinacao-2-1.jpeg",500,333,false]},"uagb_author_info":{"display_name":"Reda\u00e7\u00e3o geral","author_link":"https:\/\/blogopara.com.br\/index.php\/author\/blogopara"},"uagb_comment_info":0,"uagb_excerpt":"As Unidades B\u00e1sicas de Sa\u00fade (UBSs) de Juazeiro seguem vacinando contra a gripe. A Campanha Nacional de Vacina\u00e7\u00e3o Contra a Influenza iniciou no \u00faltimo dia 10 de abril para os p\u00fablicos priorit\u00e1rios. At\u00e9 o momento, a Prefeitura de Juazeiro, atrav\u00e9s da Secretaria de Sa\u00fade (Sesau) j\u00e1 aplicou mais de 5.500 doses. \u00a0A meta \u00e9 vacinar&hellip;","jetpack_sharing_enabled":true,"jetpack_likes_enabled":true,"_links":{"self":[{"href":"https:\/\/blogopara.com.br\/index.php\/wp-json\/wp\/v2\/posts\/51891","targetHints":{"allow":["GET"]}}],"collection":[{"href":"https:\/\/blogopara.com.br\/index.php\/wp-json\/wp\/v2\/posts"}],"about":[{"href":"https:\/\/blogopara.com.br\/index.php\/wp-json\/wp\/v2\/types\/post"}],"author":[{"embeddable":true,"href":"https:\/\/blogopara.com.br\/index.php\/wp-json\/wp\/v2\/users\/1"}],"replies":[{"embeddable":true,"href":"https:\/\/blogopara.com.br\/index.php\/wp-json\/wp\/v2\/comments?post=51891"}],"version-history":[{"count":1,"href":"https:\/\/blogopara.com.br\/index.php\/wp-json\/wp\/v2\/posts\/51891\/revisions"}],"predecessor-version":[{"id":51892,"href":"https:\/\/blogopara.com.br\/index.php\/wp-json\/wp\/v2\/posts\/51891\/revisions\/51892"}],"wp:featuredmedia":[{"embeddable":true,"href":"https:\/\/blogopara.com.br\/index.php\/wp-json\/wp\/v2\/media\/37011"}],"wp:attachment":[{"href":"https:\/\/blogopara.com.br\/index.php\/wp-json\/wp\/v2\/media?parent=51891"}],"wp:term":[{"taxonomy":"category","embeddable":true,"href":"https:\/\/blogopara.com.br\/index.php\/wp-json\/wp\/v2\/categories?post=51891"},{"taxonomy":"post_tag","embeddable":true,"href":"https:\/\/blogopara.com.br\/index.php\/wp-json\/wp\/v2\/tags?post=51891"}],"curies":[{"name":"wp","href":"https:\/\/api.w.org\/{rel}","templated":true}]}}