{"id":51902,"date":"2023-04-25T15:00:00","date_gmt":"2023-04-25T18:00:00","guid":{"rendered":"https:\/\/blogopara.com.br\/?p=51902"},"modified":"2023-04-24T22:32:21","modified_gmt":"2023-04-25T01:32:21","slug":"abertas-100-vagas-para-casamento-comunitario-em-petrolina","status":"publish","type":"post","link":"https:\/\/blogopara.com.br\/index.php\/2023\/04\/25\/abertas-100-vagas-para-casamento-comunitario-em-petrolina","title":{"rendered":"Abertas 100 vagas para casamento comunit\u00e1rio em Petrolina"},"content":{"rendered":"<p style=\"text-align: justify;\">Est\u00e3o abertas, a partir desta segunda-feira (24), as inscri\u00e7\u00f5es para o casamento comunit\u00e1rio 2023. O evento \u00e9 realizado pela prefeitura de Petrolina, Sert\u00e3o de Pernambuco. A celebra\u00e7\u00e3o \u00e9 gratuita e oferece 100 vagas para casais residentes na cidade. A cerim\u00f4nia do casamento comunit\u00e1rio est\u00e1 prevista para ser realizada no dia 22 de dezembro.<\/p>\n<p style=\"text-align: justify;\">Os interessados devem se inscrever na Secretaria Executiva de Juventude, Direitos Humanos, Mulheres e Acessibilidade, localizada na avenida Gilberto Freire, 111, Vila Moc\u00f3, at\u00e9 o dia 28 de abril, das 8h \u00e0s 12h.<\/p>\n<p style=\"text-align: justify;\">Apenas um dos interessados precisa comparecer para realizar a inscri\u00e7\u00e3o do casal. \u00c9 necess\u00e1rio apresentar certid\u00e3o de nascimento, RG, CPF, comprovante de resid\u00eancia com endere\u00e7o de Petrolina. Al\u00e9m de RG, CPF e comprovante de resid\u00eancia de duas testemunhas para assinarem a documenta\u00e7\u00e3o no dia do casamento (n\u00e3o \u00e9 preciso que as testemunhas compare\u00e7am para a inscri\u00e7\u00e3o, apenas que seja apresentada a documenta\u00e7\u00e3o).<br \/>\n\u00c9 preciso tamb\u00e9m que seja apresentado certid\u00e3o de casamento com averba\u00e7\u00e3o do div\u00f3rcio, se divorciados; certid\u00e3o de casamento e certid\u00e3o de \u00f3bito, se vi\u00favos.<\/p>\n<p style=\"text-align: justify;\">O evento \u00e9 uma parceria da prefeitura de Petrolina com o Centro Judici\u00e1rio de Solu\u00e7\u00e3o de Conflitos e Cidadania da cidade. A organiza\u00e7\u00e3o pede que, se poss\u00edvel, sejam doados 1kg de arroz e 1kg de feij\u00e3o por casal. Todas as doa\u00e7\u00f5es ser\u00e3o destinadas para pessoas em situa\u00e7\u00e3o de vulnerabilidade social.<\/p>\n<p style=\"text-align: justify;\"><em>Fonte: g1 Petrolina<\/em><\/p>\n","protected":false},"excerpt":{"rendered":"<p>Est\u00e3o abertas, a partir desta segunda-feira (24), as inscri\u00e7\u00f5es para o casamento comunit\u00e1rio 2023. O evento \u00e9 realizado pela prefeitura de Petrolina, Sert\u00e3o de Pernambuco. A celebra\u00e7\u00e3o \u00e9 gratuita e oferece 100 vagas para casais residentes na cidade. A cerim\u00f4nia do casamento comunit\u00e1rio est\u00e1 prevista para ser realizada no dia 22 de dezembro. Os interessados [&hellip;]<\/p>\n","protected":false},"author":1,"featured_media":51894,"comment_status":"closed","ping_status":"open","sticky":false,"template":"","format":"standard","meta":{"_uag_custom_page_level_css":"","_monsterinsights_skip_tracking":false,"_monsterinsights_sitenote_active":false,"_monsterinsights_sitenote_note":"","_monsterinsights_sitenote_category":0,"jetpack_post_was_ever_published":false,"_jetpack_newsletter_access":"","_jetpack_dont_email_post_to_subs":false,"_jetpack_newsletter_tier_id":0,"_jetpack_memberships_contains_paywalled_content":false,"_jetpack_memberships_contains_paid_content":false,"footnotes":"","jetpack_publicize_message":"","jetpack_publicize_feature_enabled":true,"jetpack_social_post_already_shared":true,"jetpack_social_options":{"image_generator_settings":{"template":"highway","default_image_id":0,"font":"","enabled":false},"version":2}},"categories":[1504,851],"tags":[10844,58],"class_list":["post-51902","post","type-post","status-publish","format-standard","has-post-thumbnail","hentry","category-comunidade","category-petrolina","tag-casamento-comunitario","tag-petrolina"],"jetpack_publicize_connections":[],"jetpack_featured_media_url":"https:\/\/blogopara.com.br\/wp-content\/uploads\/2023\/04\/WhatsApp-Image-2023-04-24-at-21.29.15.jpeg","uagb_featured_image_src":{"full":["https:\/\/blogopara.com.br\/wp-content\/uploads\/2023\/04\/WhatsApp-Image-2023-04-24-at-21.29.15.jpeg",500,333,false],"thumbnail":["https:\/\/blogopara.com.br\/wp-content\/uploads\/2023\/04\/WhatsApp-Image-2023-04-24-at-21.29.15-150x150.jpeg",150,150,true],"medium":["https:\/\/blogopara.com.br\/wp-content\/uploads\/2023\/04\/WhatsApp-Image-2023-04-24-at-21.29.15-300x200.jpeg",300,200,true],"medium_large":["https:\/\/blogopara.com.br\/wp-content\/uploads\/2023\/04\/WhatsApp-Image-2023-04-24-at-21.29.15.jpeg",500,333,false],"large":["https:\/\/blogopara.com.br\/wp-content\/uploads\/2023\/04\/WhatsApp-Image-2023-04-24-at-21.29.15.jpeg",500,333,false],"1536x1536":["https:\/\/blogopara.com.br\/wp-content\/uploads\/2023\/04\/WhatsApp-Image-2023-04-24-at-21.29.15.jpeg",500,333,false],"2048x2048":["https:\/\/blogopara.com.br\/wp-content\/uploads\/2023\/04\/WhatsApp-Image-2023-04-24-at-21.29.15.jpeg",500,333,false],"mantranews-slider-large":["https:\/\/blogopara.com.br\/wp-content\/uploads\/2023\/04\/WhatsApp-Image-2023-04-24-at-21.29.15.jpeg",500,333,false],"mantranews-featured-medium":["https:\/\/blogopara.com.br\/wp-content\/uploads\/2023\/04\/WhatsApp-Image-2023-04-24-at-21.29.15-420x307.jpeg",420,307,true],"mantranews-featured-long":["https:\/\/blogopara.com.br\/wp-content\/uploads\/2023\/04\/WhatsApp-Image-2023-04-24-at-21.29.15-300x333.jpeg",300,333,true],"mantranews-block-medium":["https:\/\/blogopara.com.br\/wp-content\/uploads\/2023\/04\/WhatsApp-Image-2023-04-24-at-21.29.15-464x290.jpeg",464,290,true],"mantranews-carousel-image":["https:\/\/blogopara.com.br\/wp-content\/uploads\/2023\/04\/WhatsApp-Image-2023-04-24-at-21.29.15.jpeg",500,333,false],"mantranews-block-thumb":["https:\/\/blogopara.com.br\/wp-content\/uploads\/2023\/04\/WhatsApp-Image-2023-04-24-at-21.29.15-322x230.jpeg",322,230,true],"mantranews-single-large":["https:\/\/blogopara.com.br\/wp-content\/uploads\/2023\/04\/WhatsApp-Image-2023-04-24-at-21.29.15.jpeg",500,333,false]},"uagb_author_info":{"display_name":"Reda\u00e7\u00e3o geral","author_link":"https:\/\/blogopara.com.br\/index.php\/author\/blogopara"},"uagb_comment_info":0,"uagb_excerpt":"Est\u00e3o abertas, a partir desta segunda-feira (24), as inscri\u00e7\u00f5es para o casamento comunit\u00e1rio 2023. O evento \u00e9 realizado pela prefeitura de Petrolina, Sert\u00e3o de Pernambuco. A celebra\u00e7\u00e3o \u00e9 gratuita e oferece 100 vagas para casais residentes na cidade. A cerim\u00f4nia do casamento comunit\u00e1rio est\u00e1 prevista para ser realizada no dia 22 de dezembro. Os interessados&hellip;","jetpack_sharing_enabled":true,"jetpack_likes_enabled":true,"_links":{"self":[{"href":"https:\/\/blogopara.com.br\/index.php\/wp-json\/wp\/v2\/posts\/51902","targetHints":{"allow":["GET"]}}],"collection":[{"href":"https:\/\/blogopara.com.br\/index.php\/wp-json\/wp\/v2\/posts"}],"about":[{"href":"https:\/\/blogopara.com.br\/index.php\/wp-json\/wp\/v2\/types\/post"}],"author":[{"embeddable":true,"href":"https:\/\/blogopara.com.br\/index.php\/wp-json\/wp\/v2\/users\/1"}],"replies":[{"embeddable":true,"href":"https:\/\/blogopara.com.br\/index.php\/wp-json\/wp\/v2\/comments?post=51902"}],"version-history":[{"count":1,"href":"https:\/\/blogopara.com.br\/index.php\/wp-json\/wp\/v2\/posts\/51902\/revisions"}],"predecessor-version":[{"id":51903,"href":"https:\/\/blogopara.com.br\/index.php\/wp-json\/wp\/v2\/posts\/51902\/revisions\/51903"}],"wp:featuredmedia":[{"embeddable":true,"href":"https:\/\/blogopara.com.br\/index.php\/wp-json\/wp\/v2\/media\/51894"}],"wp:attachment":[{"href":"https:\/\/blogopara.com.br\/index.php\/wp-json\/wp\/v2\/media?parent=51902"}],"wp:term":[{"taxonomy":"category","embeddable":true,"href":"https:\/\/blogopara.com.br\/index.php\/wp-json\/wp\/v2\/categories?post=51902"},{"taxonomy":"post_tag","embeddable":true,"href":"https:\/\/blogopara.com.br\/index.php\/wp-json\/wp\/v2\/tags?post=51902"}],"curies":[{"name":"wp","href":"https:\/\/api.w.org\/{rel}","templated":true}]}}