{"id":51919,"date":"2023-04-26T07:41:00","date_gmt":"2023-04-26T10:41:00","guid":{"rendered":"https:\/\/blogopara.com.br\/?p=51919"},"modified":"2023-04-25T18:43:37","modified_gmt":"2023-04-25T21:43:37","slug":"vereador-marquinhos-do-n4-entra-em-defesa-dos-moradores-do-assentamento-nossa-senhora-de-fatima","status":"publish","type":"post","link":"https:\/\/blogopara.com.br\/index.php\/2023\/04\/26\/vereador-marquinhos-do-n4-entra-em-defesa-dos-moradores-do-assentamento-nossa-senhora-de-fatima","title":{"rendered":"Vereador Marquinhos do N4 entra em defesa dos moradores do Assentamento Nossa Senhora de F\u00e1tima"},"content":{"rendered":"<p style=\"text-align: justify;\">H\u00e1 dias os moradores do Assentamento Nossa Senhora de F\u00e1tima carregam baldes de \u00e1gua na cabe\u00e7a para o uso dom\u00e9stico porque n\u00e3o chega nas torneiras para o abastecimento da comunidade.<\/p>\n<p style=\"text-align: justify;\">O vereador e l\u00edder da Bancada de Oposi\u00e7\u00e3o da C\u00e2mara de Petrolina, Marquinhos do N4, usou o espa\u00e7o para pronunciamento, durante a sess\u00e3o ordin\u00e1ria, desta ter\u00e7a-feira (25), para defender os assentados e pedir provid\u00eancias e a resolu\u00e7\u00e3o do problema para a Compesa, assim como, cobrou da Prefeitura Municipal a assist\u00eancia aos assentados. \u201cN\u00e3o podemos aceitar que em pleno s\u00e9culo XXI e \u00e0s margens do Rio da Integra\u00e7\u00e3o Nacional, o Velho Chico, o povo ribeirinho ainda passe por esta situa\u00e7\u00e3o\u201d, argumenta o vereador.<\/p>\n<p style=\"text-align: justify;\">Diante da falta de acesso \u00e0 \u00e1gua encanada, a popula\u00e7\u00e3o fica \u00e0 espera das chuvas para abastecer seus reservat\u00f3rios. Dona C\u00edcera \u00e9 um exemplo do tamanho do descaso com o homem do interior do munic\u00edpio. A \u00faltima vez que ela teve \u00e1gua nas torneiras foi em 2020. \u201c\u00c1 \u00e1gua n\u00e3o chega de jeito nenhum, a \u00e1gua que tem nas cisternas \u00e9 a da chuva e quem n\u00e3o tem estamos compartilhando o que conseguimos captar com as chuvas, estamos dividindo o pouco que temos\u201d, conta.<\/p>\n<p style=\"text-align: justify;\">A maioria das cisternas j\u00e1 est\u00e1 seca, pois na comunidade quem tem e pode armazenar a \u00e1gua das chuvas, partilha com a vizinhan\u00e7a. \u201cAinda ficamos \u00e0 espera do carro-pipa da Compesa para socorrer a comunidade. S\u00e3o anos sem \u00e1gua aqui no Assentamento\u201d, frisa uma moradora da comunidade. Outro assentado ressalta que a Compesa d\u00e1 respostas sem explica\u00e7\u00e3o quando questionada sobre o desservi\u00e7o. \u201cEstamos totalmente desabastecidos, quem captou \u00e1gua das chuvas ainda consegue socorrer os vizinhos. \u00c9 lament\u00e1vel\u201d, diz. Senhor Guilherme relata que h\u00e1 meses toma banho com dois litros de \u00e1gua. \u201cA \u00e1gua n\u00e3o chega, mas a conta chega todos os meses\u201d, reclama.<\/p>\n<p style=\"text-align: justify;\">O vereador Marquinhos do N4 cobra uma a\u00e7\u00e3o da Companhia e da gest\u00e3o municipal. \u201cA Compesa precisa resolver este problema, mas enquanto isso n\u00e3o acontece a Prefeitura precisa assumir a responsabilidade e disponibilizar \u00e1gua no Pipa para a comunidade, o que n\u00e3o pode s\u00e3o os moradores passarem sede\u201d, pontua o l\u00edder da Bancada oposicionista.<\/p>\n<p style=\"text-align: justify;\">M\u00f4nia Ramo0s \u2013 Jornalista<br \/>\nASCOM<\/p>\n","protected":false},"excerpt":{"rendered":"<p>H\u00e1 dias os moradores do Assentamento Nossa Senhora de F\u00e1tima carregam baldes de \u00e1gua na cabe\u00e7a para o uso dom\u00e9stico porque n\u00e3o chega nas torneiras para o abastecimento da comunidade. O vereador e l\u00edder da Bancada de Oposi\u00e7\u00e3o da C\u00e2mara de Petrolina, Marquinhos do N4, usou o espa\u00e7o para pronunciamento, durante a sess\u00e3o ordin\u00e1ria, desta [&hellip;]<\/p>\n","protected":false},"author":1,"featured_media":51920,"comment_status":"closed","ping_status":"open","sticky":false,"template":"","format":"standard","meta":{"_uag_custom_page_level_css":"","_monsterinsights_skip_tracking":false,"_monsterinsights_sitenote_active":false,"_monsterinsights_sitenote_note":"","_monsterinsights_sitenote_category":0,"jetpack_post_was_ever_published":false,"_jetpack_newsletter_access":"","_jetpack_dont_email_post_to_subs":false,"_jetpack_newsletter_tier_id":0,"_jetpack_memberships_contains_paywalled_content":false,"_jetpack_memberships_contains_paid_content":false,"footnotes":"","jetpack_publicize_message":"","jetpack_publicize_feature_enabled":true,"jetpack_social_post_already_shared":true,"jetpack_social_options":{"image_generator_settings":{"template":"highway","default_image_id":0,"font":"","enabled":false},"version":2}},"categories":[851,197],"tags":[],"class_list":["post-51919","post","type-post","status-publish","format-standard","has-post-thumbnail","hentry","category-petrolina","category-politica"],"jetpack_publicize_connections":[],"jetpack_featured_media_url":"https:\/\/blogopara.com.br\/wp-content\/uploads\/2023\/04\/WhatsApp-Image-2023-04-25-at-12.00.08.jpeg","uagb_featured_image_src":{"full":["https:\/\/blogopara.com.br\/wp-content\/uploads\/2023\/04\/WhatsApp-Image-2023-04-25-at-12.00.08.jpeg",500,375,false],"thumbnail":["https:\/\/blogopara.com.br\/wp-content\/uploads\/2023\/04\/WhatsApp-Image-2023-04-25-at-12.00.08-150x150.jpeg",150,150,true],"medium":["https:\/\/blogopara.com.br\/wp-content\/uploads\/2023\/04\/WhatsApp-Image-2023-04-25-at-12.00.08-300x225.jpeg",300,225,true],"medium_large":["https:\/\/blogopara.com.br\/wp-content\/uploads\/2023\/04\/WhatsApp-Image-2023-04-25-at-12.00.08.jpeg",500,375,false],"large":["https:\/\/blogopara.com.br\/wp-content\/uploads\/2023\/04\/WhatsApp-Image-2023-04-25-at-12.00.08.jpeg",500,375,false],"1536x1536":["https:\/\/blogopara.com.br\/wp-content\/uploads\/2023\/04\/WhatsApp-Image-2023-04-25-at-12.00.08.jpeg",500,375,false],"2048x2048":["https:\/\/blogopara.com.br\/wp-content\/uploads\/2023\/04\/WhatsApp-Image-2023-04-25-at-12.00.08.jpeg",500,375,false],"mantranews-slider-large":["https:\/\/blogopara.com.br\/wp-content\/uploads\/2023\/04\/WhatsApp-Image-2023-04-25-at-12.00.08.jpeg",500,375,false],"mantranews-featured-medium":["https:\/\/blogopara.com.br\/wp-content\/uploads\/2023\/04\/WhatsApp-Image-2023-04-25-at-12.00.08-420x307.jpeg",420,307,true],"mantranews-featured-long":["https:\/\/blogopara.com.br\/wp-content\/uploads\/2023\/04\/WhatsApp-Image-2023-04-25-at-12.00.08-300x375.jpeg",300,375,true],"mantranews-block-medium":["https:\/\/blogopara.com.br\/wp-content\/uploads\/2023\/04\/WhatsApp-Image-2023-04-25-at-12.00.08-464x290.jpeg",464,290,true],"mantranews-carousel-image":["https:\/\/blogopara.com.br\/wp-content\/uploads\/2023\/04\/WhatsApp-Image-2023-04-25-at-12.00.08.jpeg",500,375,false],"mantranews-block-thumb":["https:\/\/blogopara.com.br\/wp-content\/uploads\/2023\/04\/WhatsApp-Image-2023-04-25-at-12.00.08-322x230.jpeg",322,230,true],"mantranews-single-large":["https:\/\/blogopara.com.br\/wp-content\/uploads\/2023\/04\/WhatsApp-Image-2023-04-25-at-12.00.08.jpeg",500,375,false]},"uagb_author_info":{"display_name":"Reda\u00e7\u00e3o geral","author_link":"https:\/\/blogopara.com.br\/index.php\/author\/blogopara"},"uagb_comment_info":0,"uagb_excerpt":"H\u00e1 dias os moradores do Assentamento Nossa Senhora de F\u00e1tima carregam baldes de \u00e1gua na cabe\u00e7a para o uso dom\u00e9stico porque n\u00e3o chega nas torneiras para o abastecimento da comunidade. O vereador e l\u00edder da Bancada de Oposi\u00e7\u00e3o da C\u00e2mara de Petrolina, Marquinhos do N4, usou o espa\u00e7o para pronunciamento, durante a sess\u00e3o ordin\u00e1ria, desta&hellip;","jetpack_sharing_enabled":true,"jetpack_likes_enabled":true,"_links":{"self":[{"href":"https:\/\/blogopara.com.br\/index.php\/wp-json\/wp\/v2\/posts\/51919","targetHints":{"allow":["GET"]}}],"collection":[{"href":"https:\/\/blogopara.com.br\/index.php\/wp-json\/wp\/v2\/posts"}],"about":[{"href":"https:\/\/blogopara.com.br\/index.php\/wp-json\/wp\/v2\/types\/post"}],"author":[{"embeddable":true,"href":"https:\/\/blogopara.com.br\/index.php\/wp-json\/wp\/v2\/users\/1"}],"replies":[{"embeddable":true,"href":"https:\/\/blogopara.com.br\/index.php\/wp-json\/wp\/v2\/comments?post=51919"}],"version-history":[{"count":1,"href":"https:\/\/blogopara.com.br\/index.php\/wp-json\/wp\/v2\/posts\/51919\/revisions"}],"predecessor-version":[{"id":51921,"href":"https:\/\/blogopara.com.br\/index.php\/wp-json\/wp\/v2\/posts\/51919\/revisions\/51921"}],"wp:featuredmedia":[{"embeddable":true,"href":"https:\/\/blogopara.com.br\/index.php\/wp-json\/wp\/v2\/media\/51920"}],"wp:attachment":[{"href":"https:\/\/blogopara.com.br\/index.php\/wp-json\/wp\/v2\/media?parent=51919"}],"wp:term":[{"taxonomy":"category","embeddable":true,"href":"https:\/\/blogopara.com.br\/index.php\/wp-json\/wp\/v2\/categories?post=51919"},{"taxonomy":"post_tag","embeddable":true,"href":"https:\/\/blogopara.com.br\/index.php\/wp-json\/wp\/v2\/tags?post=51919"}],"curies":[{"name":"wp","href":"https:\/\/api.w.org\/{rel}","templated":true}]}}