{"id":52144,"date":"2023-05-02T11:50:00","date_gmt":"2023-05-02T14:50:00","guid":{"rendered":"https:\/\/blogopara.com.br\/?p=52144"},"modified":"2023-05-02T08:52:21","modified_gmt":"2023-05-02T11:52:21","slug":"pl-das-fake-news-entenda-como-ficam-as-redes-sociais-na-proposta-apresentada","status":"publish","type":"post","link":"https:\/\/blogopara.com.br\/index.php\/2023\/05\/02\/pl-das-fake-news-entenda-como-ficam-as-redes-sociais-na-proposta-apresentada","title":{"rendered":"PL das Fake News: entenda como ficam as redes sociais na proposta apresentada"},"content":{"rendered":"<p style=\"text-align: justify;\">A C\u00e2mara marcou para esta ter\u00e7a-feira, 2, a vota\u00e7\u00e3o do PL das Fake News, proposta que pela primeira vez pretende estabelecer uma regula\u00e7\u00e3o para plataformas digitais, mas o presidente da Casa, Arthur Lira (PP-AL), marcou reuni\u00e3o com l\u00edderes de partidos, antes da sess\u00e3o, e \u00e9 poss\u00edvel que esse cronograma seja adiado. As movimenta\u00e7\u00f5es de \u00faltima hora se intensificaram porque o projeto sofre fortes resist\u00eancias da oposi\u00e7\u00e3o, dos evang\u00e9licos e das chamadas big techs, como Google, Tik Tok e Meta, controladora do Instagram e do Facebook.<\/p>\n<p style=\"text-align: justify;\">Para passar na C\u00e2mara, a proposta precisa da aprova\u00e7\u00e3o de maioria simples dos deputados, desde que haja ao menos 257 parlamentares em plen\u00e1rio. Se aprovarem a vers\u00e3o do relator, deputado Orlando Silva (PC do B-SP), o texto ainda ser\u00e1 enviado para discuss\u00e3o no Senado. O projeto tem apoio do governo Lula.<\/p>\n<p style=\"text-align: justify;\">O Laborat\u00f3rio de Estudos de Internet e M\u00eddias Socias da Universidade Federal do Rio de Janeiro (UFRJ) publicou estudo mostrando que plataformas digitais, como Google, usaram seus pr\u00f3prios sites para divulgar ataques \u00e0 proposta, chamada pelas big techs de \u201cPL da Censura\u201d.<\/p>\n<p style=\"text-align: justify;\">O que \u00e9 o PL 2630\/2020?<br \/>\nNa pr\u00e1tica, o projeto busca estabelecer a Lei Brasileira de Liberdade, Responsabilidade e Transpar\u00eancia na Internet e prev\u00ea novas regras de uso para redes sociais, ferramentas de busca e aplicativos de mensagem instant\u00e2nea. O relat\u00f3rio de Orlando Silva, de 111 p\u00e1ginas, foi protocolado na C\u00e2mara na \u00faltima quinta-feira, 27, e substitui o projeto aprovado pelo Senado, em 2020, de autoria do senador Alessandro Vieira (PSDB-SE).<\/p>\n<p style=\"text-align: justify;\">O novo texto tem 16 cap\u00edtulos que tratam de responsabiliza\u00e7\u00e3o e regula\u00e7\u00e3o das plataformas at\u00e9 o uso de redes sociais por crian\u00e7as e adolescentes.<\/p>\n<p style=\"text-align: justify;\">Quais empresas ser\u00e3o alcan\u00e7adas pelo projeto?<br \/>\nPlataformas digitais com mais de 10 milh\u00f5es de usu\u00e1rios mensais no Pa\u00eds.<\/p>\n<p style=\"text-align: justify;\">Quem n\u00e3o ser\u00e1 atingido?<br \/>\nEmpresas de com\u00e9rcio eletr\u00f4nico, aplicativos que fazem reuni\u00f5es fechadas por v\u00eddeo ou voz, enciclop\u00e9dias online sem fins lucrativos, reposit\u00f3rios cient\u00edficos e educativos, al\u00e9m de sites de jogos e apostas online e plataformas de desenvolvimento e compartilhamento de software de c\u00f3digo aberto.<\/p>\n<p style=\"text-align: justify;\">Fake News<br \/>\nO projeto define como crime o ato de promover ou financiar, por meio de conta automatizada, a divulga\u00e7\u00e3o em massa de mensagens que contenham Fake News sobre elei\u00e7\u00e3o ou que possam causar danos \u00e0 integridade f\u00edsica. A pena \u00e9 de 1 a 3 anos de pris\u00e3o e multa.<\/p>\n<p style=\"text-align: justify;\">Regula\u00e7\u00e3o dos provedores<br \/>\nAs plataformas dever\u00e3o elaborar c\u00f3digo de conduta a partir de diretrizes definidas pelo Comit\u00ea Gestor da Internet no Brasil. As empresas dever\u00e3o ter representa\u00e7\u00e3o no Pa\u00eds, com identifica\u00e7\u00e3o e informa\u00e7\u00f5es facilmente acess\u00edveis em seus sites.<\/p>\n<p style=\"text-align: justify;\">O representante dever\u00e1 ter poderes para, por exemplo, cumprir determina\u00e7\u00f5es judiciais e fornecer informa\u00e7\u00f5es \u00e0s autoridades competentes.<\/p>\n<p style=\"text-align: justify;\">O Comit\u00ea ter\u00e1 como atribui\u00e7\u00f5es:<\/p>\n<p style=\"text-align: justify;\">propor diretrizes estrat\u00e9gicas sobre liberdade, responsabilidade e transpar\u00eancia na internet;<br \/>\napresentar diretrizes para a elabora\u00e7\u00e3o de c\u00f3digo de conduta para as plataformas e valid\u00e1-los;<br \/>\nrealizar estudos sobre os procedimentos de modera\u00e7\u00e3o de contas.<br \/>\nCrian\u00e7as e adolescentes<br \/>\nAs plataformas precisar\u00e3o ter um n\u00edvel elevado de privacidade, prote\u00e7\u00e3o de dados e seguran\u00e7a para crian\u00e7as e adolescentes. Devem impedir o uso pelo p\u00fablico desta faixa et\u00e1ria quando os servi\u00e7os n\u00e3o forem desenvolvidos para eles. As empresas ficar\u00e3o proibidas de monitorar o comportamento das crian\u00e7as e adolescentes para direcionar an\u00fancios publicit\u00e1rios para esse p\u00fablico.<\/p>\n<p style=\"text-align: justify;\">O projeto estabelece que Uni\u00e3o, Estados e munic\u00edpios devem estimular a educa\u00e7\u00e3o nas escolas sobre o uso seguro das redes. O objetivo \u00e9 que os estudantes desenvolvam habilidades para acessar, analisar, criar e participar de maneira cr\u00edtica da internet.<\/p>\n<p style=\"text-align: justify;\">Direito autoral e conte\u00fados jornal\u00edsticos<br \/>\nAs plataformas dever\u00e3o pagar pela reprodu\u00e7\u00e3o de conte\u00fados protegidos por direitos autorais e direitos conexos, como v\u00eddeos e m\u00fasica. Os donos das obras dever\u00e3o exercer seus direitos por meio de associa\u00e7\u00f5es de gest\u00e3o coletiva de direitos autorais, que negociar\u00e3o com valores e prazo da remunera\u00e7\u00e3o com as plataformas.<\/p>\n<p style=\"text-align: justify;\">O projeto tamb\u00e9m estabelece remunera\u00e7\u00e3o a empresas jornal\u00edsticas por conte\u00fados usados pelas plataformas. O pagamento n\u00e3o deve onerar os usu\u00e1rios que compartilham as informa\u00e7\u00f5es. Far\u00e3o jus \u00e0 remunera\u00e7\u00e3o empresas constitu\u00eddas h\u00e1 pelo menos 24 meses, que produzam conte\u00fado jornal\u00edstico original de forma regular, organizada, profissionalmente e que mantenha endere\u00e7o f\u00edsico e editor respons\u00e1vel no Brasil.<\/p>\n<p style=\"text-align: justify;\">Extens\u00e3o da imunidade parlamentar<br \/>\nO texto considera perfis de pol\u00edticos com mandato, ministros e secret\u00e1rios como contas de interesse p\u00fablico. Os perfis n\u00e3o poder\u00e3o restringir a visualiza\u00e7\u00e3o de suas publica\u00e7\u00f5es. A imunidade parlamentar material estende-se aos conte\u00fados publicados em redes sociais e aplicativos de mensagem privada.<\/p>\n<p style=\"text-align: justify;\">Caso tenham mais de uma conta em uma mesma rede social, os pol\u00edticos poder\u00e3o indicar qual \u00e9 o perfil profissional. A conta pessoal est\u00e1 livre das obriga\u00e7\u00f5es da lei.<\/p>\n<p style=\"text-align: justify;\">A administra\u00e7\u00e3o p\u00fablica n\u00e3o poder\u00e1 enviar recursos para publicidade em sites e contas em redes sociais que promovam, recomendem ou direcionem discursos il\u00edcitos.<\/p>\n<p style=\"text-align: justify;\">WhatsApp e Telegram<br \/>\nOs aplicativos de mensagens ser\u00e3o obrigados a projetar suas plataformas para limitar a distribui\u00e7\u00e3o massiva de conte\u00fados e m\u00eddias. As listas de transmiss\u00e3o s\u00f3 poder\u00e3o ser encaminhadas e recebidas por pessoas identificadas tanto nas listas de contatos de remetentes como de destinat\u00e1rios.<\/p>\n<p style=\"text-align: justify;\">Ser\u00e1 criado, ainda, um mecanismo para aferir consentimento pr\u00e9vio do usu\u00e1rio para inclus\u00e3o em grupos de mensagens, listas de transmiss\u00e3o, canais de difus\u00e3o de informa\u00e7\u00f5es abertos ao p\u00fablico, menos em situa\u00e7\u00f5es de emerg\u00eancia e estado de calamidade p\u00fablica.<\/p>\n<p style=\"text-align: justify;\">A Justi\u00e7a poder\u00e1 determinar aos aplicativos que preservem e tornem dispon\u00edveis informa\u00e7\u00f5es suficientes para identificar contas denunciadas por envio de conte\u00fados il\u00edcitos. As empresas dever\u00e3o exigir uma \u201cdeclara\u00e7\u00e3o consciente e inequ\u00edvoca\u201d de contas comerciais de que o aplicativo n\u00e3o ser\u00e1 usado para propaganda eleitoral e partid\u00e1ria, nem para distribuir conte\u00fado n\u00e3o relacionado a finalidades institucionais.<\/p>\n<p style=\"text-align: justify;\">Justi\u00e7a<br \/>\nDecis\u00f5es judiciais que determinarem a remo\u00e7\u00e3o imediata de conte\u00fado il\u00edcito dever\u00e3o ser cumpridas pelas plataformas em at\u00e9 24 horas, sob pena de multa de R$ 50 mil at\u00e9 R$ 1 milh\u00e3o, por hora de descumprimento. As plataformas dever\u00e3o guardar, por seis meses, conte\u00fado removido ou cujo acesso tenha sido desativado por decis\u00f5es judiciais.<\/p>\n<p style=\"text-align: justify;\">Multas<br \/>\nEm caso de infra\u00e7\u00f5es \u00e0 lei, as plataformas est\u00e3o sujeitas a advert\u00eancia, suspens\u00e3o tempor\u00e1ria das atividades e multa simples de at\u00e9 10% do faturamento do grupo econ\u00f4mico no Brasil, no seu \u00faltimo exerc\u00edcio. Caso n\u00e3o haja faturamento, haver\u00e1 multa de R$ 10 at\u00e9 R$ 1 mil por usu\u00e1rio cadastrado, limitada a R$ 50 milh\u00f5es.<\/p>\n<p style=\"text-align: justify;\">Obriga\u00e7\u00f5es das plataformas<br \/>\nAs empresas dever\u00e3o fazer uma an\u00e1lise de risco cuidadosa da concep\u00e7\u00e3o ou do funcionamento dos seus servi\u00e7os, incluindo os algoritmos. As plataformas ter\u00e3o de adotar medidas \u201crazo\u00e1veis, proporcionais e eficazes\u201d contra os riscos.<\/p>\n<p style=\"text-align: justify;\">O projeto prev\u00ea o dever de cuidado para as plataformas. Ou seja, as empresas ter\u00e3o de atuar \u201cdiligentemente para prevenir e mitigar pr\u00e1ticas il\u00edcitas\u201d em seus servi\u00e7os. Ter\u00e3o, ainda, de se esfor\u00e7ar no combate \u00e0 dissemina\u00e7\u00e3o de conte\u00fados ilegais que tratem de crimes contra o Estado Democr\u00e1tico de Direito, atos de terrorismo, indu\u00e7\u00e3o ao suic\u00eddio, crimes contra crian\u00e7as e adolescentes, racismo, viol\u00eancia contra a mulher e infra\u00e7\u00e3o sanit\u00e1ria.<\/p>\n<p style=\"text-align: justify;\">Se for aprovado, o projeto obrigar\u00e1 as plataformas a pedir consentimento dos usu\u00e1rios para ativar a reprodu\u00e7\u00e3o automatizada de conte\u00fados. N\u00e3o est\u00e3o inclu\u00eddas a\u00ed m\u00fasicas e listas de reprodu\u00e7\u00e3o criadas pelos pr\u00f3prios usu\u00e1rios.<\/p>\n<p style=\"text-align: justify;\">Responsabiliza\u00e7\u00e3o<br \/>\nAs empresas ser\u00e3o responsabilizadas em conjunto com usu\u00e1rios que pagarem para anunciar conte\u00fados causadores de danos. Hoje, apenas os usu\u00e1rios s\u00e3o responsabilizados por conte\u00fados ilegais postados nas redes sociais. As plataformas tamb\u00e9m responder\u00e3o civilmente, se n\u00e3o cumprirem o dever de cuidado.<\/p>\n<p style=\"text-align: justify;\">O texto estabelece que as empresas digitais dever\u00e3o fazer uma an\u00e1lise de riscos de seus servi\u00e7os, incluindo os algoritmos. Os riscos incluem a difus\u00e3o de conte\u00fados il\u00edcitos. As plataformas ter\u00e3o de aplicar medidas \u201crazo\u00e1veis, proporcionais e eficazes\u201d.<\/p>\n<p style=\"text-align: justify;\">O projeto prev\u00ea a possibilidade de abertura de protocolo de seguran\u00e7a por at\u00e9 30 dias, em caso de descumprimento da lei.<\/p>\n<p style=\"text-align: justify;\">Modera\u00e7\u00e3o de conte\u00fado<br \/>\nA proposta estabelece regras para modera\u00e7\u00e3o de conte\u00fado. As plataformas dever\u00e3o notificar os usu\u00e1rios sobre as medidas aplicadas, os motivos e a base legal. Tamb\u00e9m precisar\u00e3o informar os prazos para revis\u00e3o da decis\u00e3o, se foi tomada exclusivamente por meio de sistemas automatizados.<\/p>\n<p style=\"text-align: justify;\">Publicidade<br \/>\nAs plataformas dever\u00e3o requerer a identidade de todos os anunciantes que fizerem publicidade em seus servi\u00e7os. Segundo a proposta, as empresas ter\u00e3o de informar os usu\u00e1rios sobre o hist\u00f3rico dos conte\u00fados publicit\u00e1rios com os quais a conta interagiu em seis meses.<\/p>\n<p style=\"text-align: justify;\">Transpar\u00eancia<br \/>\nAl\u00e9m disso, as plataformas ter\u00e3o de disponibilizar, de forma acess\u00edvel, clara e p\u00fablica, os termos de uso de seus servi\u00e7os, sem revelar segredos comerciais e industriais. Elas dever\u00e3o informar, por exemplo, as principais caracter\u00edsticas, os tipos de conte\u00fados proibidos, a faixa et\u00e1ria \u00e0 qual se destinam e os potenciais riscos de uso.<\/p>\n<p style=\"text-align: justify;\">Ser\u00e3o obrigadas, ainda, a produzir relat\u00f3rios semestrais de transpar\u00eancia e coloc\u00e1-los em seus sites para informar procedimentos de modera\u00e7\u00e3o de conte\u00fado. Os documentos dever\u00e3o ser de f\u00e1cil acesso e em portugu\u00eas.<\/p>\n<p style=\"text-align: justify;\">\n<p style=\"text-align: justify;\"><span class=\"assinatura_exclusiva\">Fonte: Politica Livre<\/span><\/p>\n<div class=\"carregar-mais\" style=\"text-align: justify;\"><\/div>\n","protected":false},"excerpt":{"rendered":"<p>A C\u00e2mara marcou para esta ter\u00e7a-feira, 2, a vota\u00e7\u00e3o do PL das Fake News, proposta que pela primeira vez pretende estabelecer uma regula\u00e7\u00e3o para plataformas digitais, mas o presidente da Casa, Arthur Lira (PP-AL), marcou reuni\u00e3o com l\u00edderes de partidos, antes da sess\u00e3o, e \u00e9 poss\u00edvel que esse cronograma seja adiado. As movimenta\u00e7\u00f5es de \u00faltima [&hellip;]<\/p>\n","protected":false},"author":1,"featured_media":1678,"comment_status":"closed","ping_status":"open","sticky":false,"template":"","format":"standard","meta":{"_uag_custom_page_level_css":"","_monsterinsights_skip_tracking":false,"_monsterinsights_sitenote_active":false,"_monsterinsights_sitenote_note":"","_monsterinsights_sitenote_category":0,"jetpack_post_was_ever_published":false,"_jetpack_newsletter_access":"","_jetpack_dont_email_post_to_subs":false,"_jetpack_newsletter_tier_id":0,"_jetpack_memberships_contains_paywalled_content":false,"_jetpack_memberships_contains_paid_content":false,"footnotes":"","jetpack_publicize_message":"","jetpack_publicize_feature_enabled":true,"jetpack_social_post_already_shared":true,"jetpack_social_options":{"image_generator_settings":{"template":"highway","default_image_id":0,"font":"","enabled":false},"version":2}},"categories":[200,197],"tags":[],"class_list":["post-52144","post","type-post","status-publish","format-standard","has-post-thumbnail","hentry","category-brasil","category-politica"],"jetpack_publicize_connections":[],"jetpack_featured_media_url":"https:\/\/blogopara.com.br\/wp-content\/uploads\/2019\/07\/fake-news-jornalismo-e-tecnologia-com-marcelo-senise-550x344.jpg","uagb_featured_image_src":{"full":["https:\/\/blogopara.com.br\/wp-content\/uploads\/2019\/07\/fake-news-jornalismo-e-tecnologia-com-marcelo-senise-550x344.jpg",550,344,false],"thumbnail":["https:\/\/blogopara.com.br\/wp-content\/uploads\/2019\/07\/fake-news-jornalismo-e-tecnologia-com-marcelo-senise-550x344-150x150.jpg",150,150,true],"medium":["https:\/\/blogopara.com.br\/wp-content\/uploads\/2019\/07\/fake-news-jornalismo-e-tecnologia-com-marcelo-senise-550x344-300x188.jpg",300,188,true],"medium_large":["https:\/\/blogopara.com.br\/wp-content\/uploads\/2019\/07\/fake-news-jornalismo-e-tecnologia-com-marcelo-senise-550x344.jpg",550,344,false],"large":["https:\/\/blogopara.com.br\/wp-content\/uploads\/2019\/07\/fake-news-jornalismo-e-tecnologia-com-marcelo-senise-550x344.jpg",550,344,false],"1536x1536":["https:\/\/blogopara.com.br\/wp-content\/uploads\/2019\/07\/fake-news-jornalismo-e-tecnologia-com-marcelo-senise-550x344.jpg",550,344,false],"2048x2048":["https:\/\/blogopara.com.br\/wp-content\/uploads\/2019\/07\/fake-news-jornalismo-e-tecnologia-com-marcelo-senise-550x344.jpg",550,344,false],"mantranews-slider-large":["https:\/\/blogopara.com.br\/wp-content\/uploads\/2019\/07\/fake-news-jornalismo-e-tecnologia-com-marcelo-senise-550x344.jpg",550,344,false],"mantranews-featured-medium":["https:\/\/blogopara.com.br\/wp-content\/uploads\/2019\/07\/fake-news-jornalismo-e-tecnologia-com-marcelo-senise-550x344.jpg",420,263,false],"mantranews-featured-long":["https:\/\/blogopara.com.br\/wp-content\/uploads\/2019\/07\/fake-news-jornalismo-e-tecnologia-com-marcelo-senise-550x344.jpg",300,188,false],"mantranews-block-medium":["https:\/\/blogopara.com.br\/wp-content\/uploads\/2019\/07\/fake-news-jornalismo-e-tecnologia-com-marcelo-senise-550x344.jpg",464,290,false],"mantranews-carousel-image":["https:\/\/blogopara.com.br\/wp-content\/uploads\/2019\/07\/fake-news-jornalismo-e-tecnologia-com-marcelo-senise-550x344.jpg",550,344,false],"mantranews-block-thumb":["https:\/\/blogopara.com.br\/wp-content\/uploads\/2019\/07\/fake-news-jornalismo-e-tecnologia-com-marcelo-senise-550x344.jpg",322,201,false],"mantranews-single-large":["https:\/\/blogopara.com.br\/wp-content\/uploads\/2019\/07\/fake-news-jornalismo-e-tecnologia-com-marcelo-senise-550x344.jpg",550,344,false]},"uagb_author_info":{"display_name":"Reda\u00e7\u00e3o geral","author_link":"https:\/\/blogopara.com.br\/index.php\/author\/blogopara"},"uagb_comment_info":0,"uagb_excerpt":"A C\u00e2mara marcou para esta ter\u00e7a-feira, 2, a vota\u00e7\u00e3o do PL das Fake News, proposta que pela primeira vez pretende estabelecer uma regula\u00e7\u00e3o para plataformas digitais, mas o presidente da Casa, Arthur Lira (PP-AL), marcou reuni\u00e3o com l\u00edderes de partidos, antes da sess\u00e3o, e \u00e9 poss\u00edvel que esse cronograma seja adiado. As movimenta\u00e7\u00f5es de \u00faltima&hellip;","jetpack_sharing_enabled":true,"jetpack_likes_enabled":true,"_links":{"self":[{"href":"https:\/\/blogopara.com.br\/index.php\/wp-json\/wp\/v2\/posts\/52144","targetHints":{"allow":["GET"]}}],"collection":[{"href":"https:\/\/blogopara.com.br\/index.php\/wp-json\/wp\/v2\/posts"}],"about":[{"href":"https:\/\/blogopara.com.br\/index.php\/wp-json\/wp\/v2\/types\/post"}],"author":[{"embeddable":true,"href":"https:\/\/blogopara.com.br\/index.php\/wp-json\/wp\/v2\/users\/1"}],"replies":[{"embeddable":true,"href":"https:\/\/blogopara.com.br\/index.php\/wp-json\/wp\/v2\/comments?post=52144"}],"version-history":[{"count":1,"href":"https:\/\/blogopara.com.br\/index.php\/wp-json\/wp\/v2\/posts\/52144\/revisions"}],"predecessor-version":[{"id":52145,"href":"https:\/\/blogopara.com.br\/index.php\/wp-json\/wp\/v2\/posts\/52144\/revisions\/52145"}],"wp:featuredmedia":[{"embeddable":true,"href":"https:\/\/blogopara.com.br\/index.php\/wp-json\/wp\/v2\/media\/1678"}],"wp:attachment":[{"href":"https:\/\/blogopara.com.br\/index.php\/wp-json\/wp\/v2\/media?parent=52144"}],"wp:term":[{"taxonomy":"category","embeddable":true,"href":"https:\/\/blogopara.com.br\/index.php\/wp-json\/wp\/v2\/categories?post=52144"},{"taxonomy":"post_tag","embeddable":true,"href":"https:\/\/blogopara.com.br\/index.php\/wp-json\/wp\/v2\/tags?post=52144"}],"curies":[{"name":"wp","href":"https:\/\/api.w.org\/{rel}","templated":true}]}}