{"id":52149,"date":"2023-05-02T14:20:00","date_gmt":"2023-05-02T17:20:00","guid":{"rendered":"https:\/\/blogopara.com.br\/?p=52149"},"modified":"2023-05-02T09:05:13","modified_gmt":"2023-05-02T12:05:13","slug":"pai-mata-filha-e-genro-a-tiros-deixa-dois-feridos-e-e-morto-apos-invadir-casa-em-sc","status":"publish","type":"post","link":"https:\/\/blogopara.com.br\/index.php\/2023\/05\/02\/pai-mata-filha-e-genro-a-tiros-deixa-dois-feridos-e-e-morto-apos-invadir-casa-em-sc","title":{"rendered":"Pai mata filha e genro a tiros, deixa dois feridos e \u00e9 morto ap\u00f3s invadir casa em SC"},"content":{"rendered":"<div id=\"chunk-4cc2j\">\n<div class=\"mc-column content-text active-extra-styles \" data-block-type=\"unstyled\" data-block-weight=\"48\" data-block-id=\"3\">\n<p class=\"content-text__container \" style=\"text-align: justify;\" data-track-category=\"Link no Texto\" data-track-links=\"\">Um homem de 45 anos matou o genro, de 30, a pr\u00f3pria filha, de 24, e deixou mais dois feridos em\u00a0<a class=\"\" href=\"https:\/\/g1.globo.com\/sc\/santa-catarina\/cidade\/galvao\/\">Galv\u00e3o<\/a>, no Oeste de Santa Catarina, no in\u00edcio da manh\u00e3 desta segunda-feira (1\u00ba). Durante a a\u00e7\u00e3o, ele tamb\u00e9m foi baleado e morreu, segundo a Pol\u00edcia Militar.<\/p>\n<\/div>\n<\/div>\n<div class=\"wall protected-content\">\n<div id=\"chunk-ieqg\" style=\"text-align: justify;\">\n<div class=\"mc-column content-text active-extra-styles \" data-block-type=\"unstyled\" data-block-weight=\"23\" data-block-id=\"4\">\n<p class=\"content-text__container \" data-track-category=\"Link no Texto\" data-track-links=\"\">Ao\u00a0<a class=\"\" href=\"https:\/\/g1.globo.com\/sc\/santa-catarina\/\">g1<\/a>, o delegado Roberto Marin Fronza, que esteve no local do crime, informou que o<a class=\"\" href=\"https:\/\/g1.globo.com\/sc\/santa-catarina\/noticia\/2023\/05\/01\/pai-matou-filha-e-genro-por-vinganca-por-causa-de-processo-de-estupro-diz-delegado-de-sc.ghtml\">\u00a0crime teria sido\u00a0<strong>motivado por vingan\u00e7a<\/strong><\/a>.<\/p>\n<\/div>\n<\/div>\n<div id=\"chunk-8d0f5\" style=\"text-align: justify;\">\n<div class=\"mc-column content-text active-extra-styles \" data-block-type=\"unstyled\" data-block-weight=\"26\" data-block-id=\"6\">\n<p class=\"content-text__container \" data-track-category=\"Link no Texto\" data-track-links=\"\">&#8220;Pelas informa\u00e7\u00f5es colhidas no local, tudo indica que o autor foi at\u00e9 l\u00e1 como vingan\u00e7a por ter sido processado por sua filha por estupro&#8221;, disse.<\/p>\n<\/div>\n<\/div>\n<div id=\"chunk-3r00m\" style=\"text-align: justify;\">\n<div class=\"mc-column content-text active-extra-styles \" data-block-type=\"unstyled\" data-block-weight=\"34\" data-block-id=\"8\">\n<p class=\"content-text__container \" data-track-category=\"Link no Texto\" data-track-links=\"\">Ainda, de acordo com a Pol\u00edcia Militar, o autor dos disparos, identificado como\u00a0<span class=\"highlight\">Ant\u00f4nio Marcos Pereira de Oliveira, invadiu a casa de familiares do marido da filha e atirou contra o casal.<\/span><\/p>\n<\/div>\n<\/div>\n<div id=\"chunk-jl8t\" style=\"text-align: justify;\">\n<div class=\"mc-column content-text active-extra-styles \" data-block-type=\"unstyled\" data-block-weight=\"20\" data-block-id=\"9\">\n<p class=\"content-text__container \" data-track-category=\"Link no Texto\" data-track-links=\"\">O genro dele,\u00a0<strong>Ewerton Bett de Oliveira,<\/strong>\u00a0e a filha,\u00a0<strong>Poliana da Silva de Oliveira<\/strong>, morreram no local.<\/p>\n<\/div>\n<\/div>\n<div id=\"chunk-a70pa\" style=\"text-align: justify;\">\n<div class=\"mc-column content-text active-extra-styles \" data-block-type=\"unstyled\" data-block-weight=\"39\" data-block-id=\"12\">\n<p class=\"content-text__container \" data-track-category=\"Link no Texto\" data-track-links=\"\">Mais duas pessoas que moravam na casa foram feridas por tiros.\u00a0<span class=\"highlight highlighted\">Uma delas, no entanto, teria reagido e atingido o invasor, que chegou a ser levado para atendimento em uma Unidade de Pronto Atendimento (UPA), mas n\u00e3o resistiu<\/span>.<\/p>\n<\/div>\n<\/div>\n<div id=\"chunk-bar2j\" style=\"text-align: justify;\">\n<div class=\"mc-column content-text active-extra-styles \" data-block-type=\"unstyled\" data-block-weight=\"25\" data-block-id=\"14\">\n<p class=\"content-text__container \" data-track-category=\"Link no Texto\" data-track-links=\"\">Os outros dois feridos, que n\u00e3o tiveram a identidade divulgada, foram encaminhados ao hospital. N\u00e3o h\u00e1 informa\u00e7\u00f5es sobre o estado de sa\u00fade de ambos.<\/p>\n<\/div>\n<\/div>\n<div id=\"chunk-3b2q8\" style=\"text-align: justify;\">\n<div class=\"mc-column content-text active-extra-styles \" data-block-type=\"unstyled\" data-block-weight=\"24\" data-block-id=\"15\">\n<p class=\"content-text__container \" data-track-category=\"Link no Texto\" data-track-links=\"\">Conforme a PM, Ant\u00f4nio Marcos tinha registros policias por estupro, les\u00e3o corporal, amea\u00e7a, inj\u00faria, amea\u00e7a, furto, rixa, desacato, perturba\u00e7\u00e3o do sossego e cal\u00fania.<\/p>\n<\/div>\n<\/div>\n<div class=\"mc-column content-text active-extra-styles\" data-block-type=\"raw\" data-block-weight=\"10\" data-block-id=\"16\">\n<p class=\"content-text__container\" style=\"text-align: justify;\">\n<div class=\"content-intertitle\" style=\"text-align: justify;\"><\/div>\n<\/div>\n<\/div>\n","protected":false},"excerpt":{"rendered":"<p>Um homem de 45 anos matou o genro, de 30, a pr\u00f3pria filha, de 24, e deixou mais dois feridos em\u00a0Galv\u00e3o, no Oeste de Santa Catarina, no in\u00edcio da manh\u00e3 desta segunda-feira (1\u00ba). Durante a a\u00e7\u00e3o, ele tamb\u00e9m foi baleado e morreu, segundo a Pol\u00edcia Militar. Ao\u00a0g1, o delegado Roberto Marin Fronza, que esteve no [&hellip;]<\/p>\n","protected":false},"author":1,"featured_media":52150,"comment_status":"closed","ping_status":"open","sticky":false,"template":"","format":"standard","meta":{"_uag_custom_page_level_css":"","_monsterinsights_skip_tracking":false,"_monsterinsights_sitenote_active":false,"_monsterinsights_sitenote_note":"","_monsterinsights_sitenote_category":0,"jetpack_post_was_ever_published":false,"_jetpack_newsletter_access":"","_jetpack_dont_email_post_to_subs":false,"_jetpack_newsletter_tier_id":0,"_jetpack_memberships_contains_paywalled_content":false,"_jetpack_memberships_contains_paid_content":false,"footnotes":"","jetpack_publicize_message":"","jetpack_publicize_feature_enabled":true,"jetpack_social_post_already_shared":true,"jetpack_social_options":{"image_generator_settings":{"template":"highway","default_image_id":0,"font":"","enabled":false},"version":2}},"categories":[200,202],"tags":[],"class_list":["post-52149","post","type-post","status-publish","format-standard","has-post-thumbnail","hentry","category-brasil","category-policia"],"jetpack_publicize_connections":[],"jetpack_featured_media_url":"https:\/\/blogopara.com.br\/wp-content\/uploads\/2023\/05\/Sem-titulo.png","uagb_featured_image_src":{"full":["https:\/\/blogopara.com.br\/wp-content\/uploads\/2023\/05\/Sem-titulo.png",500,283,false],"thumbnail":["https:\/\/blogopara.com.br\/wp-content\/uploads\/2023\/05\/Sem-titulo-150x150.png",150,150,true],"medium":["https:\/\/blogopara.com.br\/wp-content\/uploads\/2023\/05\/Sem-titulo-300x170.png",300,170,true],"medium_large":["https:\/\/blogopara.com.br\/wp-content\/uploads\/2023\/05\/Sem-titulo.png",500,283,false],"large":["https:\/\/blogopara.com.br\/wp-content\/uploads\/2023\/05\/Sem-titulo.png",500,283,false],"1536x1536":["https:\/\/blogopara.com.br\/wp-content\/uploads\/2023\/05\/Sem-titulo.png",500,283,false],"2048x2048":["https:\/\/blogopara.com.br\/wp-content\/uploads\/2023\/05\/Sem-titulo.png",500,283,false],"mantranews-slider-large":["https:\/\/blogopara.com.br\/wp-content\/uploads\/2023\/05\/Sem-titulo.png",500,283,false],"mantranews-featured-medium":["https:\/\/blogopara.com.br\/wp-content\/uploads\/2023\/05\/Sem-titulo-420x283.png",420,283,true],"mantranews-featured-long":["https:\/\/blogopara.com.br\/wp-content\/uploads\/2023\/05\/Sem-titulo-300x283.png",300,283,true],"mantranews-block-medium":["https:\/\/blogopara.com.br\/wp-content\/uploads\/2023\/05\/Sem-titulo-464x283.png",464,283,true],"mantranews-carousel-image":["https:\/\/blogopara.com.br\/wp-content\/uploads\/2023\/05\/Sem-titulo.png",500,283,false],"mantranews-block-thumb":["https:\/\/blogopara.com.br\/wp-content\/uploads\/2023\/05\/Sem-titulo-322x230.png",322,230,true],"mantranews-single-large":["https:\/\/blogopara.com.br\/wp-content\/uploads\/2023\/05\/Sem-titulo.png",500,283,false]},"uagb_author_info":{"display_name":"Reda\u00e7\u00e3o geral","author_link":"https:\/\/blogopara.com.br\/index.php\/author\/blogopara"},"uagb_comment_info":0,"uagb_excerpt":"Um homem de 45 anos matou o genro, de 30, a pr\u00f3pria filha, de 24, e deixou mais dois feridos em\u00a0Galv\u00e3o, no Oeste de Santa Catarina, no in\u00edcio da manh\u00e3 desta segunda-feira (1\u00ba). Durante a a\u00e7\u00e3o, ele tamb\u00e9m foi baleado e morreu, segundo a Pol\u00edcia Militar. Ao\u00a0g1, o delegado Roberto Marin Fronza, que esteve no&hellip;","jetpack_sharing_enabled":true,"jetpack_likes_enabled":true,"_links":{"self":[{"href":"https:\/\/blogopara.com.br\/index.php\/wp-json\/wp\/v2\/posts\/52149","targetHints":{"allow":["GET"]}}],"collection":[{"href":"https:\/\/blogopara.com.br\/index.php\/wp-json\/wp\/v2\/posts"}],"about":[{"href":"https:\/\/blogopara.com.br\/index.php\/wp-json\/wp\/v2\/types\/post"}],"author":[{"embeddable":true,"href":"https:\/\/blogopara.com.br\/index.php\/wp-json\/wp\/v2\/users\/1"}],"replies":[{"embeddable":true,"href":"https:\/\/blogopara.com.br\/index.php\/wp-json\/wp\/v2\/comments?post=52149"}],"version-history":[{"count":1,"href":"https:\/\/blogopara.com.br\/index.php\/wp-json\/wp\/v2\/posts\/52149\/revisions"}],"predecessor-version":[{"id":52151,"href":"https:\/\/blogopara.com.br\/index.php\/wp-json\/wp\/v2\/posts\/52149\/revisions\/52151"}],"wp:featuredmedia":[{"embeddable":true,"href":"https:\/\/blogopara.com.br\/index.php\/wp-json\/wp\/v2\/media\/52150"}],"wp:attachment":[{"href":"https:\/\/blogopara.com.br\/index.php\/wp-json\/wp\/v2\/media?parent=52149"}],"wp:term":[{"taxonomy":"category","embeddable":true,"href":"https:\/\/blogopara.com.br\/index.php\/wp-json\/wp\/v2\/categories?post=52149"},{"taxonomy":"post_tag","embeddable":true,"href":"https:\/\/blogopara.com.br\/index.php\/wp-json\/wp\/v2\/tags?post=52149"}],"curies":[{"name":"wp","href":"https:\/\/api.w.org\/{rel}","templated":true}]}}