{"id":52172,"date":"2023-05-03T13:00:00","date_gmt":"2023-05-03T16:00:00","guid":{"rendered":"https:\/\/blogopara.com.br\/?p=52172"},"modified":"2023-05-02T19:02:15","modified_gmt":"2023-05-02T22:02:15","slug":"travessia-urbana-prefeita-suzana-ramos-comemora-andamento-do-processo-para-inicio-das-obras","status":"publish","type":"post","link":"https:\/\/blogopara.com.br\/index.php\/2023\/05\/03\/travessia-urbana-prefeita-suzana-ramos-comemora-andamento-do-processo-para-inicio-das-obras","title":{"rendered":"Travessia Urbana: Prefeita Suzana Ramos comemora andamento do processo para in\u00edcio das obras"},"content":{"rendered":"<p class=\"x_MsoNormal\" style=\"text-align: justify;\">Os trilhos da antiga ferrovia de Juazeiro, que corta a BR-235, come\u00e7aram a ser removidos para o alargamento da via. A remo\u00e7\u00e3o dos trilhos que est\u00e1 sendo realizada pela CLC &#8211; Construtora Luiz Costa e pelo Departamento Nacional de Infraestrutura de Transportes (DNIT), \u00e9 mais uma etapa no processo para posterior in\u00edcio das obras da Travessia Urbana, parada h\u00e1 muitos anos e que \u00e9 t\u00e3o sonhada pelos juazeirenses.<\/p>\n<p class=\"x_MsoNormal\" style=\"text-align: justify;\">Segundo o DNIT, as obras devem come\u00e7ar em breve com a constru\u00e7\u00e3o de dois viadutos no entroncamento do Mercado do Produtor e o canteiro de Obras da Travessia Urbana j\u00e1 est\u00e1 em fase final de conclus\u00e3o.<\/p>\n<p class=\"x_MsoNormal\" style=\"text-align: justify;\">\u201cA antiga ferrovia \u00e9 uma mem\u00f3ria hist\u00f3rica para todos n\u00f3s juazeirenses, mas o sonho da Travessia Urbana \u00e9 maior que qualquer fato. A remo\u00e7\u00e3o dos trilhos onde a via ser\u00e1 alargada me enche de orgulho, em ver essa t\u00e3o sonhada obra sair do papel, pois ela j\u00e1 \u00e9 uma realidade. Eu estou muito feliz, pois essa ser\u00e1 a maior obra da hist\u00f3ria de Juazeiro. A gest\u00e3o municipal est\u00e1 empenhada em contribuir com esse sonho para nossa cidade, por isso, criamos um grupo de trabalho para acompanhar e contribuir com as obras, dando celeridade a realiza\u00e7\u00e3o desse sonho\u201d, comemorou a prefeita Suzana Ramos.<\/p>\n<p class=\"x_MsoNormal\" style=\"text-align: justify;\">A gestora municipal relembrou sua luta para destravar a obra. \u201cEssa \u00e9 uma luta que travamos desde os primeiros dias de governo, quando firmamos um compromisso com o povo de Juazeiro em buscar a retomada da t\u00e3o sonhada Travessia Urbana. Fui at\u00e9 os minist\u00e9rios em Bras\u00edlia (DF), para falar da nossa cidade, junto com o deputado federal Adolfo Viana, que destinou recursos para destravar a obra que estava parada por irregularidades, e de l\u00e1 pra c\u00e1 tenho acompanhado diariamente os processos da retomada da Travessia Urbana. Agrade\u00e7o tamb\u00e9m o deputado estadual Jord\u00e1vio Ramos, que no finalzinho do ano passado conseguiu junto com o deputado federal Adolfo Viana, R$ 53 milh\u00f5es no or\u00e7amento de 2023. Essa obra que foi abandonada por muitos anos, saiu do papel e j\u00e1 \u00e9 realidade, e vai desafogar o tr\u00e2nsito da nossa cidade e promover outras melhorias para a popula\u00e7\u00e3o\u201d, lembrou Suzana Ramos.<\/p>\n<p class=\"x_MsoNormal\" style=\"text-align: justify;\">\n<p class=\"x_MsoNormal\" style=\"text-align: justify;\"><b>A obra<\/b><\/p>\n<p class=\"x_MsoNormal\" style=\"text-align: justify;\">A obra possui um or\u00e7amento de quase R$160 milh\u00f5es, e \u00e9 realizada pelo Minist\u00e9rio da Infraestrutura e do Departamento Nacional de Infraestrutura de Transportes (DNIT). O projeto da Travessia Urbana prev\u00ea a duplica\u00e7\u00e3o da \u00e1rea urbana da BR-407, no trecho entre a rotat\u00f3ria do Mercado do Produtor de Juazeiro at\u00e9 a Ponte Presidente Dutra, com a amplia\u00e7\u00e3o das faixas de rolamento, al\u00e9m da constru\u00e7\u00e3o de viadutos e al\u00e7as de acesso, e alargamento de todo trecho da BR-235, entre outras melhorias.<\/p>\n<p class=\"x_MsoNormal\" style=\"text-align: justify;\">\n","protected":false},"excerpt":{"rendered":"<p>Os trilhos da antiga ferrovia de Juazeiro, que corta a BR-235, come\u00e7aram a ser removidos para o alargamento da via. A remo\u00e7\u00e3o dos trilhos que est\u00e1 sendo realizada pela CLC &#8211; Construtora Luiz Costa e pelo Departamento Nacional de Infraestrutura de Transportes (DNIT), \u00e9 mais uma etapa no processo para posterior in\u00edcio das obras da [&hellip;]<\/p>\n","protected":false},"author":1,"featured_media":52173,"comment_status":"closed","ping_status":"open","sticky":false,"template":"","format":"standard","meta":{"_uag_custom_page_level_css":"","_monsterinsights_skip_tracking":false,"_monsterinsights_sitenote_active":false,"_monsterinsights_sitenote_note":"","_monsterinsights_sitenote_category":0,"jetpack_post_was_ever_published":false,"_jetpack_newsletter_access":"","_jetpack_dont_email_post_to_subs":false,"_jetpack_newsletter_tier_id":0,"_jetpack_memberships_contains_paywalled_content":false,"_jetpack_memberships_contains_paid_content":false,"footnotes":"","jetpack_publicize_message":"","jetpack_publicize_feature_enabled":true,"jetpack_social_post_already_shared":true,"jetpack_social_options":{"image_generator_settings":{"template":"highway","default_image_id":0,"font":"","enabled":false},"version":2}},"categories":[203,1720],"tags":[],"class_list":["post-52172","post","type-post","status-publish","format-standard","has-post-thumbnail","hentry","category-juazeiro","category-obras"],"jetpack_publicize_connections":[],"jetpack_featured_media_url":"https:\/\/blogopara.com.br\/wp-content\/uploads\/2023\/05\/thumbnail_52864907923_7097eefdc2_k.jpg","uagb_featured_image_src":{"full":["https:\/\/blogopara.com.br\/wp-content\/uploads\/2023\/05\/thumbnail_52864907923_7097eefdc2_k.jpg",500,333,false],"thumbnail":["https:\/\/blogopara.com.br\/wp-content\/uploads\/2023\/05\/thumbnail_52864907923_7097eefdc2_k-150x150.jpg",150,150,true],"medium":["https:\/\/blogopara.com.br\/wp-content\/uploads\/2023\/05\/thumbnail_52864907923_7097eefdc2_k-300x200.jpg",300,200,true],"medium_large":["https:\/\/blogopara.com.br\/wp-content\/uploads\/2023\/05\/thumbnail_52864907923_7097eefdc2_k.jpg",500,333,false],"large":["https:\/\/blogopara.com.br\/wp-content\/uploads\/2023\/05\/thumbnail_52864907923_7097eefdc2_k.jpg",500,333,false],"1536x1536":["https:\/\/blogopara.com.br\/wp-content\/uploads\/2023\/05\/thumbnail_52864907923_7097eefdc2_k.jpg",500,333,false],"2048x2048":["https:\/\/blogopara.com.br\/wp-content\/uploads\/2023\/05\/thumbnail_52864907923_7097eefdc2_k.jpg",500,333,false],"mantranews-slider-large":["https:\/\/blogopara.com.br\/wp-content\/uploads\/2023\/05\/thumbnail_52864907923_7097eefdc2_k.jpg",500,333,false],"mantranews-featured-medium":["https:\/\/blogopara.com.br\/wp-content\/uploads\/2023\/05\/thumbnail_52864907923_7097eefdc2_k-420x307.jpg",420,307,true],"mantranews-featured-long":["https:\/\/blogopara.com.br\/wp-content\/uploads\/2023\/05\/thumbnail_52864907923_7097eefdc2_k-300x333.jpg",300,333,true],"mantranews-block-medium":["https:\/\/blogopara.com.br\/wp-content\/uploads\/2023\/05\/thumbnail_52864907923_7097eefdc2_k-464x290.jpg",464,290,true],"mantranews-carousel-image":["https:\/\/blogopara.com.br\/wp-content\/uploads\/2023\/05\/thumbnail_52864907923_7097eefdc2_k.jpg",500,333,false],"mantranews-block-thumb":["https:\/\/blogopara.com.br\/wp-content\/uploads\/2023\/05\/thumbnail_52864907923_7097eefdc2_k-322x230.jpg",322,230,true],"mantranews-single-large":["https:\/\/blogopara.com.br\/wp-content\/uploads\/2023\/05\/thumbnail_52864907923_7097eefdc2_k.jpg",500,333,false]},"uagb_author_info":{"display_name":"Reda\u00e7\u00e3o geral","author_link":"https:\/\/blogopara.com.br\/index.php\/author\/blogopara"},"uagb_comment_info":0,"uagb_excerpt":"Os trilhos da antiga ferrovia de Juazeiro, que corta a BR-235, come\u00e7aram a ser removidos para o alargamento da via. A remo\u00e7\u00e3o dos trilhos que est\u00e1 sendo realizada pela CLC &#8211; Construtora Luiz Costa e pelo Departamento Nacional de Infraestrutura de Transportes (DNIT), \u00e9 mais uma etapa no processo para posterior in\u00edcio das obras da&hellip;","jetpack_sharing_enabled":true,"jetpack_likes_enabled":true,"_links":{"self":[{"href":"https:\/\/blogopara.com.br\/index.php\/wp-json\/wp\/v2\/posts\/52172","targetHints":{"allow":["GET"]}}],"collection":[{"href":"https:\/\/blogopara.com.br\/index.php\/wp-json\/wp\/v2\/posts"}],"about":[{"href":"https:\/\/blogopara.com.br\/index.php\/wp-json\/wp\/v2\/types\/post"}],"author":[{"embeddable":true,"href":"https:\/\/blogopara.com.br\/index.php\/wp-json\/wp\/v2\/users\/1"}],"replies":[{"embeddable":true,"href":"https:\/\/blogopara.com.br\/index.php\/wp-json\/wp\/v2\/comments?post=52172"}],"version-history":[{"count":1,"href":"https:\/\/blogopara.com.br\/index.php\/wp-json\/wp\/v2\/posts\/52172\/revisions"}],"predecessor-version":[{"id":52174,"href":"https:\/\/blogopara.com.br\/index.php\/wp-json\/wp\/v2\/posts\/52172\/revisions\/52174"}],"wp:featuredmedia":[{"embeddable":true,"href":"https:\/\/blogopara.com.br\/index.php\/wp-json\/wp\/v2\/media\/52173"}],"wp:attachment":[{"href":"https:\/\/blogopara.com.br\/index.php\/wp-json\/wp\/v2\/media?parent=52172"}],"wp:term":[{"taxonomy":"category","embeddable":true,"href":"https:\/\/blogopara.com.br\/index.php\/wp-json\/wp\/v2\/categories?post=52172"},{"taxonomy":"post_tag","embeddable":true,"href":"https:\/\/blogopara.com.br\/index.php\/wp-json\/wp\/v2\/tags?post=52172"}],"curies":[{"name":"wp","href":"https:\/\/api.w.org\/{rel}","templated":true}]}}