{"id":52360,"date":"2023-05-09T12:00:00","date_gmt":"2023-05-09T15:00:00","guid":{"rendered":"https:\/\/blogopara.com.br\/?p=52360"},"modified":"2023-05-08T17:20:48","modified_gmt":"2023-05-08T20:20:48","slug":"contribuintes-ja-podem-solicitar-isencao-do-iptu-em-petrolina","status":"publish","type":"post","link":"https:\/\/blogopara.com.br\/index.php\/2023\/05\/09\/contribuintes-ja-podem-solicitar-isencao-do-iptu-em-petrolina","title":{"rendered":"Contribuintes j\u00e1 podem solicitar isen\u00e7\u00e3o do IPTU em Petrolina"},"content":{"rendered":"<p style=\"text-align: justify;\">A Prefeitura de Petrolina, atrav\u00e9s da Secretaria da Fazenda e Planejamento, informa aos contribuintes petrolinenses que se encaixam nos crit\u00e9rios de isen\u00e7\u00e3o do Imposto Predial e Territorial Urbano (IPTU) que j\u00e1 podem solicitar o benef\u00edcio. O prazo segue at\u00e9 o dia 30 de setembro.<\/p>\n<p style=\"text-align: justify;\">De acordo com o Secret\u00e1rio Executivo de Tributos, Jo\u00e3o da Costa, para solicitar a isen\u00e7\u00e3o, o contribuinte precisa atender aos seguintes crit\u00e9rios: ser propriet\u00e1rio de um \u00fanico im\u00f3vel residencial e receber at\u00e9 1 sal\u00e1rio m\u00ednimo; ser propriet\u00e1rio de um \u00fanico im\u00f3vel residencial, ser portador de doen\u00e7a grave, contagiosa ou incur\u00e1vel, desde que receba at\u00e9 3 sal\u00e1rios m\u00ednimos; ser benefici\u00e1rio do Programa Minha Casa Minha Vida para pessoas com renda familiar mensal de at\u00e9 03 (tr\u00eas) sal\u00e1rios m\u00ednimos.<\/p>\n<p style=\"text-align: justify;\">Os interessados na isen\u00e7\u00e3o devem solicitar atrav\u00e9s do Protocolo do PetroOnline. Para fazer o pedido de isen\u00e7\u00e3o \u00e9 preciso apresentar os seguintes documentos: C\u00f3pia do CPF e RG do propriet\u00e1rio; extrato do benef\u00edcio do INSS ou comprovante de renda do propriet\u00e1rio; c\u00f3pia da certid\u00e3o de casamento ou nascimento; c\u00f3pia da certid\u00e3o de \u00f3bito, no caso do propriet\u00e1rio do im\u00f3vel ser falecido e o requerente ser pensionista.<\/p>\n<p style=\"text-align: justify;\">\u201cO prefeito Sim\u00e3o Durando entende a dificuldade que muitas fam\u00edlias t\u00eam de suprir seu sustento, por isso, esta \u00e9 uma medida de inclus\u00e3o social porque o dinheiro que essas fam\u00edlias usariam para pagar o IPTU, poder\u00e1 ser destinado a outras necessidades\u201d,\u00a0destaca a Secret\u00e1ria da Fazenda, Lucivane Lima.<\/p>\n<p style=\"text-align: justify;\"><em>Fonte: Blog do Waldiney Passos<\/em><\/p>\n","protected":false},"excerpt":{"rendered":"<p>A Prefeitura de Petrolina, atrav\u00e9s da Secretaria da Fazenda e Planejamento, informa aos contribuintes petrolinenses que se encaixam nos crit\u00e9rios de isen\u00e7\u00e3o do Imposto Predial e Territorial Urbano (IPTU) que j\u00e1 podem solicitar o benef\u00edcio. O prazo segue at\u00e9 o dia 30 de setembro. De acordo com o Secret\u00e1rio Executivo de Tributos, Jo\u00e3o da Costa, [&hellip;]<\/p>\n","protected":false},"author":1,"featured_media":52348,"comment_status":"closed","ping_status":"open","sticky":false,"template":"","format":"standard","meta":{"_uag_custom_page_level_css":"","_monsterinsights_skip_tracking":false,"_monsterinsights_sitenote_active":false,"_monsterinsights_sitenote_note":"","_monsterinsights_sitenote_category":0,"jetpack_post_was_ever_published":false,"_jetpack_newsletter_access":"","_jetpack_dont_email_post_to_subs":false,"_jetpack_newsletter_tier_id":0,"_jetpack_memberships_contains_paywalled_content":false,"_jetpack_memberships_contains_paid_content":false,"footnotes":"","jetpack_publicize_message":"","jetpack_publicize_feature_enabled":true,"jetpack_social_post_already_shared":true,"jetpack_social_options":{"image_generator_settings":{"template":"highway","default_image_id":0,"font":"","enabled":false},"version":2}},"categories":[10077,851],"tags":[1386,6044,58],"class_list":["post-52360","post","type-post","status-publish","format-standard","has-post-thumbnail","hentry","category-iptu","category-petrolina","tag-iptu","tag-isencao","tag-petrolina"],"jetpack_publicize_connections":[],"jetpack_featured_media_url":"https:\/\/blogopara.com.br\/wp-content\/uploads\/2023\/05\/WhatsApp-Image-2023-05-08-at-13.54.39.jpeg","uagb_featured_image_src":{"full":["https:\/\/blogopara.com.br\/wp-content\/uploads\/2023\/05\/WhatsApp-Image-2023-05-08-at-13.54.39.jpeg",500,281,false],"thumbnail":["https:\/\/blogopara.com.br\/wp-content\/uploads\/2023\/05\/WhatsApp-Image-2023-05-08-at-13.54.39-150x150.jpeg",150,150,true],"medium":["https:\/\/blogopara.com.br\/wp-content\/uploads\/2023\/05\/WhatsApp-Image-2023-05-08-at-13.54.39-300x169.jpeg",300,169,true],"medium_large":["https:\/\/blogopara.com.br\/wp-content\/uploads\/2023\/05\/WhatsApp-Image-2023-05-08-at-13.54.39.jpeg",500,281,false],"large":["https:\/\/blogopara.com.br\/wp-content\/uploads\/2023\/05\/WhatsApp-Image-2023-05-08-at-13.54.39.jpeg",500,281,false],"1536x1536":["https:\/\/blogopara.com.br\/wp-content\/uploads\/2023\/05\/WhatsApp-Image-2023-05-08-at-13.54.39.jpeg",500,281,false],"2048x2048":["https:\/\/blogopara.com.br\/wp-content\/uploads\/2023\/05\/WhatsApp-Image-2023-05-08-at-13.54.39.jpeg",500,281,false],"mantranews-slider-large":["https:\/\/blogopara.com.br\/wp-content\/uploads\/2023\/05\/WhatsApp-Image-2023-05-08-at-13.54.39.jpeg",500,281,false],"mantranews-featured-medium":["https:\/\/blogopara.com.br\/wp-content\/uploads\/2023\/05\/WhatsApp-Image-2023-05-08-at-13.54.39-420x281.jpeg",420,281,true],"mantranews-featured-long":["https:\/\/blogopara.com.br\/wp-content\/uploads\/2023\/05\/WhatsApp-Image-2023-05-08-at-13.54.39-300x281.jpeg",300,281,true],"mantranews-block-medium":["https:\/\/blogopara.com.br\/wp-content\/uploads\/2023\/05\/WhatsApp-Image-2023-05-08-at-13.54.39-464x281.jpeg",464,281,true],"mantranews-carousel-image":["https:\/\/blogopara.com.br\/wp-content\/uploads\/2023\/05\/WhatsApp-Image-2023-05-08-at-13.54.39.jpeg",500,281,false],"mantranews-block-thumb":["https:\/\/blogopara.com.br\/wp-content\/uploads\/2023\/05\/WhatsApp-Image-2023-05-08-at-13.54.39-322x230.jpeg",322,230,true],"mantranews-single-large":["https:\/\/blogopara.com.br\/wp-content\/uploads\/2023\/05\/WhatsApp-Image-2023-05-08-at-13.54.39.jpeg",500,281,false]},"uagb_author_info":{"display_name":"Reda\u00e7\u00e3o geral","author_link":"https:\/\/blogopara.com.br\/index.php\/author\/blogopara"},"uagb_comment_info":0,"uagb_excerpt":"A Prefeitura de Petrolina, atrav\u00e9s da Secretaria da Fazenda e Planejamento, informa aos contribuintes petrolinenses que se encaixam nos crit\u00e9rios de isen\u00e7\u00e3o do Imposto Predial e Territorial Urbano (IPTU) que j\u00e1 podem solicitar o benef\u00edcio. O prazo segue at\u00e9 o dia 30 de setembro. De acordo com o Secret\u00e1rio Executivo de Tributos, Jo\u00e3o da Costa,&hellip;","jetpack_sharing_enabled":true,"jetpack_likes_enabled":true,"_links":{"self":[{"href":"https:\/\/blogopara.com.br\/index.php\/wp-json\/wp\/v2\/posts\/52360","targetHints":{"allow":["GET"]}}],"collection":[{"href":"https:\/\/blogopara.com.br\/index.php\/wp-json\/wp\/v2\/posts"}],"about":[{"href":"https:\/\/blogopara.com.br\/index.php\/wp-json\/wp\/v2\/types\/post"}],"author":[{"embeddable":true,"href":"https:\/\/blogopara.com.br\/index.php\/wp-json\/wp\/v2\/users\/1"}],"replies":[{"embeddable":true,"href":"https:\/\/blogopara.com.br\/index.php\/wp-json\/wp\/v2\/comments?post=52360"}],"version-history":[{"count":1,"href":"https:\/\/blogopara.com.br\/index.php\/wp-json\/wp\/v2\/posts\/52360\/revisions"}],"predecessor-version":[{"id":52361,"href":"https:\/\/blogopara.com.br\/index.php\/wp-json\/wp\/v2\/posts\/52360\/revisions\/52361"}],"wp:featuredmedia":[{"embeddable":true,"href":"https:\/\/blogopara.com.br\/index.php\/wp-json\/wp\/v2\/media\/52348"}],"wp:attachment":[{"href":"https:\/\/blogopara.com.br\/index.php\/wp-json\/wp\/v2\/media?parent=52360"}],"wp:term":[{"taxonomy":"category","embeddable":true,"href":"https:\/\/blogopara.com.br\/index.php\/wp-json\/wp\/v2\/categories?post=52360"},{"taxonomy":"post_tag","embeddable":true,"href":"https:\/\/blogopara.com.br\/index.php\/wp-json\/wp\/v2\/tags?post=52360"}],"curies":[{"name":"wp","href":"https:\/\/api.w.org\/{rel}","templated":true}]}}