{"id":52421,"date":"2023-05-11T13:00:00","date_gmt":"2023-05-11T16:00:00","guid":{"rendered":"https:\/\/blogopara.com.br\/?p=52421"},"modified":"2023-05-10T17:49:33","modified_gmt":"2023-05-10T20:49:33","slug":"prefeita-suzana-ramos-participa-de-celebracao-do-dia-das-maes-no-restaurante-popular-do-joao-paulo-ii","status":"publish","type":"post","link":"https:\/\/blogopara.com.br\/index.php\/2023\/05\/11\/prefeita-suzana-ramos-participa-de-celebracao-do-dia-das-maes-no-restaurante-popular-do-joao-paulo-ii","title":{"rendered":"Prefeita Suzana Ramos participa de celebra\u00e7\u00e3o do Dia das M\u00e3es no Restaurante Popular do Jo\u00e3o Paulo II"},"content":{"rendered":"<p style=\"text-align: justify;\">O almo\u00e7o do Restaurante Popular do bairro Jo\u00e3o Paulo II foi mais que especial nesta quarta-feira (10). A Prefeitura de Juazeiro, atrav\u00e9s da Secretaria de Desenvolvimento, Mulher e Diversidade (Sedes), realizou um almo\u00e7o em homenagem ao Dia das M\u00e3es, que al\u00e9m de um card\u00e1pio recheado de sabor e variedade, contou tamb\u00e9m com sorteio de brindes que animou quem esteve presente no almo\u00e7o.<\/p>\n<p style=\"text-align: justify;\">O sorteio de brindes contou com itens como: liquidificador, sanduicheira, bolsa, hidratante, kit de cosm\u00e9ticos, entre outros; e foi conduzido pela prefeita Suzana Ramos que parabenizou todas as m\u00e3es. \u201cTodo dia \u00e9 Dia das M\u00e3es, mas nesta semana especial pude estar do jeito que gosto, com o meu povo, vivendo momentos de alegria e com as brincadeiras no sorteio de brindes. Parabenizo a todas as m\u00e3es presentes nessa celebra\u00e7\u00e3o feita com todo o carinho no Restaurante Popular do bairro Jo\u00e3o Paulo II\u201d, destacou Suzana Ramos.<\/p>\n<p style=\"text-align: justify;\"><img loading=\"lazy\" decoding=\"async\" class=\"aligncenter wp-image-83464 size-full\" src=\"https:\/\/www.juazeiro.ba.gov.br\/wp-content\/uploads\/2023\/05\/WhatsApp-Image-2023-05-10-at-15.03.01-2.jpeg\" sizes=\"auto, (max-width: 800px) 100vw, 800px\" srcset=\"https:\/\/www.juazeiro.ba.gov.br\/wp-content\/uploads\/2023\/05\/WhatsApp-Image-2023-05-10-at-15.03.01-2.jpeg 800w, https:\/\/www.juazeiro.ba.gov.br\/wp-content\/uploads\/2023\/05\/WhatsApp-Image-2023-05-10-at-15.03.01-2-300x200.jpeg 300w, https:\/\/www.juazeiro.ba.gov.br\/wp-content\/uploads\/2023\/05\/WhatsApp-Image-2023-05-10-at-15.03.01-2-768x512.jpeg 768w\" alt=\"\" width=\"800\" height=\"533\" \/><br \/>\nO secret\u00e1rio de Desenvolvimento Social, Mulher e Diversidade, Fernando Costa, fez quest\u00e3o de recepcionar e tamb\u00e9m servir o almo\u00e7o especial. \u201cFoi preparado um card\u00e1pio maravilhoso. Temos uma equipe pronta para receber todas essas pessoas com todo carinho, passando o calor humano que a prefeita tanto quer. Vemos estampado no rosto de cada um a felicidade em estar aqui hoje\u201d, disse o secret\u00e1rio de Desenvolvimento Social, Mulher e Diversidade, Fernando Costa.<\/p>\n<p style=\"text-align: justify;\">No prato da popula\u00e7\u00e3o, qualidade, muito sabor, card\u00e1pio variado e muita satisfa\u00e7\u00e3o. Dona Evani Macedo que sempre almo\u00e7a no Restaurante Popular destacou a diferen\u00e7a no almo\u00e7o que \u00e9 servido no Restaurante Popular do Jo\u00e3o Paulo II. \u201cA comida \u00e9 gostosa, \u00e9 de gra\u00e7a e muito boa, tem sabor\u201d, disse a moradora.<\/p>\n<p style=\"text-align: justify;\"><img loading=\"lazy\" decoding=\"async\" class=\"aligncenter wp-image-83465 size-full\" src=\"https:\/\/www.juazeiro.ba.gov.br\/wp-content\/uploads\/2023\/05\/WhatsApp-Image-2023-05-10-at-15.03.01-5.jpeg\" sizes=\"auto, (max-width: 800px) 100vw, 800px\" srcset=\"https:\/\/www.juazeiro.ba.gov.br\/wp-content\/uploads\/2023\/05\/WhatsApp-Image-2023-05-10-at-15.03.01-5.jpeg 800w, https:\/\/www.juazeiro.ba.gov.br\/wp-content\/uploads\/2023\/05\/WhatsApp-Image-2023-05-10-at-15.03.01-5-300x200.jpeg 300w, https:\/\/www.juazeiro.ba.gov.br\/wp-content\/uploads\/2023\/05\/WhatsApp-Image-2023-05-10-at-15.03.01-5-768x512.jpeg 768w\" alt=\"\" width=\"800\" height=\"533\" \/><img loading=\"lazy\" decoding=\"async\" class=\"aligncenter wp-image-83466 size-full\" src=\"https:\/\/www.juazeiro.ba.gov.br\/wp-content\/uploads\/2023\/05\/WhatsApp-Image-2023-05-10-at-15.03.01-1.jpeg\" sizes=\"auto, (max-width: 800px) 100vw, 800px\" srcset=\"https:\/\/www.juazeiro.ba.gov.br\/wp-content\/uploads\/2023\/05\/WhatsApp-Image-2023-05-10-at-15.03.01-1.jpeg 800w, https:\/\/www.juazeiro.ba.gov.br\/wp-content\/uploads\/2023\/05\/WhatsApp-Image-2023-05-10-at-15.03.01-1-300x200.jpeg 300w, https:\/\/www.juazeiro.ba.gov.br\/wp-content\/uploads\/2023\/05\/WhatsApp-Image-2023-05-10-at-15.03.01-1-768x512.jpeg 768w\" alt=\"\" width=\"800\" height=\"533\" \/><\/p>\n<p style=\"text-align: justify;\">No almo\u00e7o especial de Dia das M\u00e3es no Restaurante Popular do Jo\u00e3o Paulo II foi servido estrogonofe, dois tipos de arroz, dois tipos de salada, batata palha, feij\u00e3o e sobremesa. Daniela Dantas era a primeira da fila para almo\u00e7ar neste dia especial. Ela estava com seu beb\u00ea. \u201cAqui \u00e9 muito bom, \u00e9 sucesso. Agrade\u00e7o por essa homenagem e pelos presentes\u201d, disse Daniela.<\/p>\n<p style=\"text-align: justify;\"><em>Fonte: Ascom\/Sedes\/PMJ<\/em><\/p>\n","protected":false},"excerpt":{"rendered":"<p>O almo\u00e7o do Restaurante Popular do bairro Jo\u00e3o Paulo II foi mais que especial nesta quarta-feira (10). A Prefeitura de Juazeiro, atrav\u00e9s da Secretaria de Desenvolvimento, Mulher e Diversidade (Sedes), realizou um almo\u00e7o em homenagem ao Dia das M\u00e3es, que al\u00e9m de um card\u00e1pio recheado de sabor e variedade, contou tamb\u00e9m com sorteio de brindes [&hellip;]<\/p>\n","protected":false},"author":1,"featured_media":52422,"comment_status":"closed","ping_status":"open","sticky":false,"template":"","format":"standard","meta":{"_uag_custom_page_level_css":"","_monsterinsights_skip_tracking":false,"_monsterinsights_sitenote_active":false,"_monsterinsights_sitenote_note":"","_monsterinsights_sitenote_category":0,"jetpack_post_was_ever_published":false,"_jetpack_newsletter_access":"","_jetpack_dont_email_post_to_subs":false,"_jetpack_newsletter_tier_id":0,"_jetpack_memberships_contains_paywalled_content":false,"_jetpack_memberships_contains_paid_content":false,"footnotes":"","jetpack_publicize_message":"","jetpack_publicize_feature_enabled":true,"jetpack_social_post_already_shared":true,"jetpack_social_options":{"image_generator_settings":{"template":"highway","default_image_id":0,"font":"","enabled":false},"version":2}},"categories":[10110,203],"tags":[143,340,3264],"class_list":["post-52421","post","type-post","status-publish","format-standard","has-post-thumbnail","hentry","category-desenvolvimento","category-juazeiro","tag-juazeiro-da-bahia","tag-prefeitura-de-juazeiro","tag-restaurante-popular"],"jetpack_publicize_connections":[],"jetpack_featured_media_url":"https:\/\/blogopara.com.br\/wp-content\/uploads\/2023\/05\/WhatsApp-Image-2023-05-10-at-15.03.01-1.jpeg","uagb_featured_image_src":{"full":["https:\/\/blogopara.com.br\/wp-content\/uploads\/2023\/05\/WhatsApp-Image-2023-05-10-at-15.03.01-1.jpeg",500,333,false],"thumbnail":["https:\/\/blogopara.com.br\/wp-content\/uploads\/2023\/05\/WhatsApp-Image-2023-05-10-at-15.03.01-1-150x150.jpeg",150,150,true],"medium":["https:\/\/blogopara.com.br\/wp-content\/uploads\/2023\/05\/WhatsApp-Image-2023-05-10-at-15.03.01-1-300x200.jpeg",300,200,true],"medium_large":["https:\/\/blogopara.com.br\/wp-content\/uploads\/2023\/05\/WhatsApp-Image-2023-05-10-at-15.03.01-1.jpeg",500,333,false],"large":["https:\/\/blogopara.com.br\/wp-content\/uploads\/2023\/05\/WhatsApp-Image-2023-05-10-at-15.03.01-1.jpeg",500,333,false],"1536x1536":["https:\/\/blogopara.com.br\/wp-content\/uploads\/2023\/05\/WhatsApp-Image-2023-05-10-at-15.03.01-1.jpeg",500,333,false],"2048x2048":["https:\/\/blogopara.com.br\/wp-content\/uploads\/2023\/05\/WhatsApp-Image-2023-05-10-at-15.03.01-1.jpeg",500,333,false],"mantranews-slider-large":["https:\/\/blogopara.com.br\/wp-content\/uploads\/2023\/05\/WhatsApp-Image-2023-05-10-at-15.03.01-1.jpeg",500,333,false],"mantranews-featured-medium":["https:\/\/blogopara.com.br\/wp-content\/uploads\/2023\/05\/WhatsApp-Image-2023-05-10-at-15.03.01-1-420x307.jpeg",420,307,true],"mantranews-featured-long":["https:\/\/blogopara.com.br\/wp-content\/uploads\/2023\/05\/WhatsApp-Image-2023-05-10-at-15.03.01-1-300x333.jpeg",300,333,true],"mantranews-block-medium":["https:\/\/blogopara.com.br\/wp-content\/uploads\/2023\/05\/WhatsApp-Image-2023-05-10-at-15.03.01-1-464x290.jpeg",464,290,true],"mantranews-carousel-image":["https:\/\/blogopara.com.br\/wp-content\/uploads\/2023\/05\/WhatsApp-Image-2023-05-10-at-15.03.01-1.jpeg",500,333,false],"mantranews-block-thumb":["https:\/\/blogopara.com.br\/wp-content\/uploads\/2023\/05\/WhatsApp-Image-2023-05-10-at-15.03.01-1-322x230.jpeg",322,230,true],"mantranews-single-large":["https:\/\/blogopara.com.br\/wp-content\/uploads\/2023\/05\/WhatsApp-Image-2023-05-10-at-15.03.01-1.jpeg",500,333,false]},"uagb_author_info":{"display_name":"Reda\u00e7\u00e3o geral","author_link":"https:\/\/blogopara.com.br\/index.php\/author\/blogopara"},"uagb_comment_info":0,"uagb_excerpt":"O almo\u00e7o do Restaurante Popular do bairro Jo\u00e3o Paulo II foi mais que especial nesta quarta-feira (10). A Prefeitura de Juazeiro, atrav\u00e9s da Secretaria de Desenvolvimento, Mulher e Diversidade (Sedes), realizou um almo\u00e7o em homenagem ao Dia das M\u00e3es, que al\u00e9m de um card\u00e1pio recheado de sabor e variedade, contou tamb\u00e9m com sorteio de brindes&hellip;","jetpack_sharing_enabled":true,"jetpack_likes_enabled":true,"_links":{"self":[{"href":"https:\/\/blogopara.com.br\/index.php\/wp-json\/wp\/v2\/posts\/52421","targetHints":{"allow":["GET"]}}],"collection":[{"href":"https:\/\/blogopara.com.br\/index.php\/wp-json\/wp\/v2\/posts"}],"about":[{"href":"https:\/\/blogopara.com.br\/index.php\/wp-json\/wp\/v2\/types\/post"}],"author":[{"embeddable":true,"href":"https:\/\/blogopara.com.br\/index.php\/wp-json\/wp\/v2\/users\/1"}],"replies":[{"embeddable":true,"href":"https:\/\/blogopara.com.br\/index.php\/wp-json\/wp\/v2\/comments?post=52421"}],"version-history":[{"count":1,"href":"https:\/\/blogopara.com.br\/index.php\/wp-json\/wp\/v2\/posts\/52421\/revisions"}],"predecessor-version":[{"id":52423,"href":"https:\/\/blogopara.com.br\/index.php\/wp-json\/wp\/v2\/posts\/52421\/revisions\/52423"}],"wp:featuredmedia":[{"embeddable":true,"href":"https:\/\/blogopara.com.br\/index.php\/wp-json\/wp\/v2\/media\/52422"}],"wp:attachment":[{"href":"https:\/\/blogopara.com.br\/index.php\/wp-json\/wp\/v2\/media?parent=52421"}],"wp:term":[{"taxonomy":"category","embeddable":true,"href":"https:\/\/blogopara.com.br\/index.php\/wp-json\/wp\/v2\/categories?post=52421"},{"taxonomy":"post_tag","embeddable":true,"href":"https:\/\/blogopara.com.br\/index.php\/wp-json\/wp\/v2\/tags?post=52421"}],"curies":[{"name":"wp","href":"https:\/\/api.w.org\/{rel}","templated":true}]}}