{"id":52476,"date":"2023-05-12T16:00:00","date_gmt":"2023-05-12T19:00:00","guid":{"rendered":"https:\/\/blogopara.com.br\/?p=52476"},"modified":"2023-05-11T20:44:23","modified_gmt":"2023-05-11T23:44:23","slug":"doenca-da-urina-preta-homem-tem-diagnostico-confirmado-para-sindrome-de-haff-no-recife-pe-2","status":"publish","type":"post","link":"https:\/\/blogopara.com.br\/index.php\/2023\/05\/12\/doenca-da-urina-preta-homem-tem-diagnostico-confirmado-para-sindrome-de-haff-no-recife-pe-2","title":{"rendered":"Doen\u00e7a da urina preta: homem tem diagn\u00f3stico confirmado para S\u00edndrome de Haff no Recife (PE)"},"content":{"rendered":"<p style=\"text-align: justify;\">O homem de 58 anos que est\u00e1 internado no Hospital dos Servidores do Estado, no bairro do Espinheiro, Zona Norte do Recife (PE) teve confirmado o diagn\u00f3stico de S\u00edndrome de Haff, conhecida como \u201cdoen\u00e7a da urina preta\u201d.<\/p>\n<p style=\"text-align: justify;\">Ele consumiu um peixe da esp\u00e9cie budi\u00e3o em 23 de abril, junto com tr\u00eas vizinhos.<\/p>\n<p style=\"text-align: justify;\">As secretarias de Sa\u00fade do Recife e do Estado e o Minist\u00e9rio da Sa\u00fade, al\u00e9m de especialistas, permanecem em discuss\u00e3o e investiga\u00e7\u00e3o sobre o caso, assim como monitoram o quadro do paciente.<\/p>\n<p style=\"text-align: justify;\">\u201cSomente com a finaliza\u00e7\u00e3o de todas as etapas da investiga\u00e7\u00e3o epidemiol\u00f3gica, poder\u00e1 haver uma defini\u00e7\u00e3o por parte das autoridades sanit\u00e1rias envolvidas\u201d, disse a Secretaria de Sa\u00fade do Recife, em nota.<\/p>\n<p style=\"text-align: justify;\">Um dia ap\u00f3s ingerir o alimento, o paciente, que tem hist\u00f3rico de hipertens\u00e3o e outros fatores de risco, apresentou rigidez muscular, incha\u00e7o e dorm\u00eancia nas pernas, urina escurecida, eleva\u00e7\u00e3o de CPK (contra\u00e7\u00e3o r\u00e1pida dos m\u00fasculos) e hiperemia de tonsilas (aumento de vermelhid\u00e3o).<\/p>\n<p style=\"text-align: justify;\"><em>Fonte: Folha PE<\/em><\/p>\n","protected":false},"excerpt":{"rendered":"<p>O homem de 58 anos que est\u00e1 internado no Hospital dos Servidores do Estado, no bairro do Espinheiro, Zona Norte do Recife (PE) teve confirmado o diagn\u00f3stico de S\u00edndrome de Haff, conhecida como \u201cdoen\u00e7a da urina preta\u201d. Ele consumiu um peixe da esp\u00e9cie budi\u00e3o em 23 de abril, junto com tr\u00eas vizinhos. As secretarias de [&hellip;]<\/p>\n","protected":false},"author":1,"featured_media":52461,"comment_status":"closed","ping_status":"open","sticky":false,"template":"","format":"standard","meta":{"_uag_custom_page_level_css":"","_monsterinsights_skip_tracking":false,"_monsterinsights_sitenote_active":false,"_monsterinsights_sitenote_note":"","_monsterinsights_sitenote_category":0,"jetpack_post_was_ever_published":false,"_jetpack_newsletter_access":"","_jetpack_dont_email_post_to_subs":false,"_jetpack_newsletter_tier_id":0,"_jetpack_memberships_contains_paywalled_content":false,"_jetpack_memberships_contains_paid_content":false,"footnotes":"","jetpack_publicize_message":"","jetpack_publicize_feature_enabled":true,"jetpack_social_post_already_shared":true,"jetpack_social_options":{"image_generator_settings":{"template":"highway","default_image_id":0,"font":"","enabled":false},"version":2}},"categories":[1507,205],"tags":[10896,532,2509,10897],"class_list":["post-52476","post","type-post","status-publish","format-standard","has-post-thumbnail","hentry","category-pernambuco","category-saude","tag-doenca-da-urina-preta","tag-pernambuco","tag-recife","tag-sindrome-de-haff"],"jetpack_publicize_connections":[],"jetpack_featured_media_url":"https:\/\/blogopara.com.br\/wp-content\/uploads\/2023\/05\/WhatsApp-Image-2023-05-11-at-16.48.59.jpeg","uagb_featured_image_src":{"full":["https:\/\/blogopara.com.br\/wp-content\/uploads\/2023\/05\/WhatsApp-Image-2023-05-11-at-16.48.59.jpeg",500,331,false],"thumbnail":["https:\/\/blogopara.com.br\/wp-content\/uploads\/2023\/05\/WhatsApp-Image-2023-05-11-at-16.48.59-150x150.jpeg",150,150,true],"medium":["https:\/\/blogopara.com.br\/wp-content\/uploads\/2023\/05\/WhatsApp-Image-2023-05-11-at-16.48.59-300x199.jpeg",300,199,true],"medium_large":["https:\/\/blogopara.com.br\/wp-content\/uploads\/2023\/05\/WhatsApp-Image-2023-05-11-at-16.48.59.jpeg",500,331,false],"large":["https:\/\/blogopara.com.br\/wp-content\/uploads\/2023\/05\/WhatsApp-Image-2023-05-11-at-16.48.59.jpeg",500,331,false],"1536x1536":["https:\/\/blogopara.com.br\/wp-content\/uploads\/2023\/05\/WhatsApp-Image-2023-05-11-at-16.48.59.jpeg",500,331,false],"2048x2048":["https:\/\/blogopara.com.br\/wp-content\/uploads\/2023\/05\/WhatsApp-Image-2023-05-11-at-16.48.59.jpeg",500,331,false],"mantranews-slider-large":["https:\/\/blogopara.com.br\/wp-content\/uploads\/2023\/05\/WhatsApp-Image-2023-05-11-at-16.48.59.jpeg",500,331,false],"mantranews-featured-medium":["https:\/\/blogopara.com.br\/wp-content\/uploads\/2023\/05\/WhatsApp-Image-2023-05-11-at-16.48.59-420x307.jpeg",420,307,true],"mantranews-featured-long":["https:\/\/blogopara.com.br\/wp-content\/uploads\/2023\/05\/WhatsApp-Image-2023-05-11-at-16.48.59-300x331.jpeg",300,331,true],"mantranews-block-medium":["https:\/\/blogopara.com.br\/wp-content\/uploads\/2023\/05\/WhatsApp-Image-2023-05-11-at-16.48.59-464x290.jpeg",464,290,true],"mantranews-carousel-image":["https:\/\/blogopara.com.br\/wp-content\/uploads\/2023\/05\/WhatsApp-Image-2023-05-11-at-16.48.59.jpeg",500,331,false],"mantranews-block-thumb":["https:\/\/blogopara.com.br\/wp-content\/uploads\/2023\/05\/WhatsApp-Image-2023-05-11-at-16.48.59-322x230.jpeg",322,230,true],"mantranews-single-large":["https:\/\/blogopara.com.br\/wp-content\/uploads\/2023\/05\/WhatsApp-Image-2023-05-11-at-16.48.59.jpeg",500,331,false]},"uagb_author_info":{"display_name":"Reda\u00e7\u00e3o geral","author_link":"https:\/\/blogopara.com.br\/index.php\/author\/blogopara"},"uagb_comment_info":0,"uagb_excerpt":"O homem de 58 anos que est\u00e1 internado no Hospital dos Servidores do Estado, no bairro do Espinheiro, Zona Norte do Recife (PE) teve confirmado o diagn\u00f3stico de S\u00edndrome de Haff, conhecida como \u201cdoen\u00e7a da urina preta\u201d. Ele consumiu um peixe da esp\u00e9cie budi\u00e3o em 23 de abril, junto com tr\u00eas vizinhos. As secretarias de&hellip;","jetpack_sharing_enabled":true,"jetpack_likes_enabled":true,"_links":{"self":[{"href":"https:\/\/blogopara.com.br\/index.php\/wp-json\/wp\/v2\/posts\/52476","targetHints":{"allow":["GET"]}}],"collection":[{"href":"https:\/\/blogopara.com.br\/index.php\/wp-json\/wp\/v2\/posts"}],"about":[{"href":"https:\/\/blogopara.com.br\/index.php\/wp-json\/wp\/v2\/types\/post"}],"author":[{"embeddable":true,"href":"https:\/\/blogopara.com.br\/index.php\/wp-json\/wp\/v2\/users\/1"}],"replies":[{"embeddable":true,"href":"https:\/\/blogopara.com.br\/index.php\/wp-json\/wp\/v2\/comments?post=52476"}],"version-history":[{"count":1,"href":"https:\/\/blogopara.com.br\/index.php\/wp-json\/wp\/v2\/posts\/52476\/revisions"}],"predecessor-version":[{"id":52477,"href":"https:\/\/blogopara.com.br\/index.php\/wp-json\/wp\/v2\/posts\/52476\/revisions\/52477"}],"wp:featuredmedia":[{"embeddable":true,"href":"https:\/\/blogopara.com.br\/index.php\/wp-json\/wp\/v2\/media\/52461"}],"wp:attachment":[{"href":"https:\/\/blogopara.com.br\/index.php\/wp-json\/wp\/v2\/media?parent=52476"}],"wp:term":[{"taxonomy":"category","embeddable":true,"href":"https:\/\/blogopara.com.br\/index.php\/wp-json\/wp\/v2\/categories?post=52476"},{"taxonomy":"post_tag","embeddable":true,"href":"https:\/\/blogopara.com.br\/index.php\/wp-json\/wp\/v2\/tags?post=52476"}],"curies":[{"name":"wp","href":"https:\/\/api.w.org\/{rel}","templated":true}]}}