{"id":52575,"date":"2023-05-15T10:13:00","date_gmt":"2023-05-15T13:13:00","guid":{"rendered":"https:\/\/blogopara.com.br\/?p=52575"},"modified":"2023-05-14T22:17:17","modified_gmt":"2023-05-15T01:17:17","slug":"confira-o-cronograma-da-unidade-movel-odontologica-da-prefeitura-de-juazeiro-para-o-periodo-de-15-a-19-de-maio","status":"publish","type":"post","link":"https:\/\/blogopara.com.br\/index.php\/2023\/05\/15\/confira-o-cronograma-da-unidade-movel-odontologica-da-prefeitura-de-juazeiro-para-o-periodo-de-15-a-19-de-maio","title":{"rendered":"Confira o cronograma da Unidade M\u00f3vel Odontol\u00f3gica da Prefeitura de Juazeiro para o per\u00edodo de 15 a 19 de maio"},"content":{"rendered":"<p style=\"text-align: justify;\">A Prefeitura de Juazeiro, atrav\u00e9s da Secretaria de Sa\u00fade (Sesau), informa o cronograma da unidade m\u00f3vel de atendimento odontol\u00f3gico para o per\u00edodo de 15 a 19 de maio. Ser\u00e3o realizados, por dia, 15 atendimentos na unidade m\u00f3vel. \u00c9 preciso que os pacientes levem RG, CPF ou Cart\u00e3o SUS. Os atendimentos iniciam \u00e0s 8h. Confira programa\u00e7\u00e3o:<\/p>\n<p style=\"text-align: justify;\">15\/05 \u2013 UBS Itaberaba<br \/>\nNa frente da unidade de sa\u00fade. Demanda livre.<\/p>\n<p style=\"text-align: justify;\">16\/05 \u2013 Bairro Cajueiro, \u00e1rea central da cidade.<br \/>\nCl\u00ednica Recome\u00e7o \u2013 pacientes em reabilita\u00e7\u00e3o agendados pela pr\u00f3pria institui\u00e7\u00e3o.<\/p>\n<p style=\"text-align: justify;\">17\/05 \u2013 Em frente \u00e0 EMEI Irm\u00e3 Redenta \u2013 Bairro Ant\u00f4nio Guilhermino<br \/>\nDemanda livre.<\/p>\n<p style=\"text-align: justify;\">18\/05 \u2013 UBS Residencial Praia do Rodeadouro \u2013 bairro Jo\u00e3o Paulo II.<br \/>\nNa frente da unidade, demanda livre.<\/p>\n<p style=\"text-align: justify;\">19\/05 \u2013 EMEI Ana Maria Morgado Chaves \u2013 bairro Itaberaba.<br \/>\nEm comemora\u00e7\u00e3o \u00e0 semana do beb\u00ea ser\u00e3o atendidas somente crian\u00e7as.<\/p>\n<p style=\"text-align: justify;\"><em>Fonte: Ascom\/Sesau\/PMJ<\/em><\/p>\n","protected":false},"excerpt":{"rendered":"<p>A Prefeitura de Juazeiro, atrav\u00e9s da Secretaria de Sa\u00fade (Sesau), informa o cronograma da unidade m\u00f3vel de atendimento odontol\u00f3gico para o per\u00edodo de 15 a 19 de maio. Ser\u00e3o realizados, por dia, 15 atendimentos na unidade m\u00f3vel. \u00c9 preciso que os pacientes levem RG, CPF ou Cart\u00e3o SUS. Os atendimentos iniciam \u00e0s 8h. Confira programa\u00e7\u00e3o: [&hellip;]<\/p>\n","protected":false},"author":1,"featured_media":35281,"comment_status":"closed","ping_status":"open","sticky":false,"template":"","format":"standard","meta":{"_uag_custom_page_level_css":"","_monsterinsights_skip_tracking":false,"_monsterinsights_sitenote_active":false,"_monsterinsights_sitenote_note":"","_monsterinsights_sitenote_category":0,"jetpack_post_was_ever_published":false,"_jetpack_newsletter_access":"","_jetpack_dont_email_post_to_subs":false,"_jetpack_newsletter_tier_id":0,"_jetpack_memberships_contains_paywalled_content":false,"_jetpack_memberships_contains_paid_content":false,"footnotes":"","jetpack_publicize_message":"","jetpack_publicize_feature_enabled":true,"jetpack_social_post_already_shared":true,"jetpack_social_options":{"image_generator_settings":{"template":"highway","default_image_id":0,"font":"","enabled":false},"version":2}},"categories":[203,205],"tags":[143,340],"class_list":["post-52575","post","type-post","status-publish","format-standard","has-post-thumbnail","hentry","category-juazeiro","category-saude","tag-juazeiro-da-bahia","tag-prefeitura-de-juazeiro"],"jetpack_publicize_connections":[],"jetpack_featured_media_url":"https:\/\/blogopara.com.br\/wp-content\/uploads\/2022\/03\/Unidade-movel-de-atendimento-odontologico-2.jpg","uagb_featured_image_src":{"full":["https:\/\/blogopara.com.br\/wp-content\/uploads\/2022\/03\/Unidade-movel-de-atendimento-odontologico-2.jpg",500,333,false],"thumbnail":["https:\/\/blogopara.com.br\/wp-content\/uploads\/2022\/03\/Unidade-movel-de-atendimento-odontologico-2-150x150.jpg",150,150,true],"medium":["https:\/\/blogopara.com.br\/wp-content\/uploads\/2022\/03\/Unidade-movel-de-atendimento-odontologico-2-300x200.jpg",300,200,true],"medium_large":["https:\/\/blogopara.com.br\/wp-content\/uploads\/2022\/03\/Unidade-movel-de-atendimento-odontologico-2.jpg",500,333,false],"large":["https:\/\/blogopara.com.br\/wp-content\/uploads\/2022\/03\/Unidade-movel-de-atendimento-odontologico-2.jpg",500,333,false],"1536x1536":["https:\/\/blogopara.com.br\/wp-content\/uploads\/2022\/03\/Unidade-movel-de-atendimento-odontologico-2.jpg",500,333,false],"2048x2048":["https:\/\/blogopara.com.br\/wp-content\/uploads\/2022\/03\/Unidade-movel-de-atendimento-odontologico-2.jpg",500,333,false],"mantranews-slider-large":["https:\/\/blogopara.com.br\/wp-content\/uploads\/2022\/03\/Unidade-movel-de-atendimento-odontologico-2.jpg",500,333,false],"mantranews-featured-medium":["https:\/\/blogopara.com.br\/wp-content\/uploads\/2022\/03\/Unidade-movel-de-atendimento-odontologico-2-420x307.jpg",420,307,true],"mantranews-featured-long":["https:\/\/blogopara.com.br\/wp-content\/uploads\/2022\/03\/Unidade-movel-de-atendimento-odontologico-2-300x333.jpg",300,333,true],"mantranews-block-medium":["https:\/\/blogopara.com.br\/wp-content\/uploads\/2022\/03\/Unidade-movel-de-atendimento-odontologico-2-464x290.jpg",464,290,true],"mantranews-carousel-image":["https:\/\/blogopara.com.br\/wp-content\/uploads\/2022\/03\/Unidade-movel-de-atendimento-odontologico-2.jpg",500,333,false],"mantranews-block-thumb":["https:\/\/blogopara.com.br\/wp-content\/uploads\/2022\/03\/Unidade-movel-de-atendimento-odontologico-2-322x230.jpg",322,230,true],"mantranews-single-large":["https:\/\/blogopara.com.br\/wp-content\/uploads\/2022\/03\/Unidade-movel-de-atendimento-odontologico-2.jpg",500,333,false]},"uagb_author_info":{"display_name":"Reda\u00e7\u00e3o geral","author_link":"https:\/\/blogopara.com.br\/index.php\/author\/blogopara"},"uagb_comment_info":0,"uagb_excerpt":"A Prefeitura de Juazeiro, atrav\u00e9s da Secretaria de Sa\u00fade (Sesau), informa o cronograma da unidade m\u00f3vel de atendimento odontol\u00f3gico para o per\u00edodo de 15 a 19 de maio. Ser\u00e3o realizados, por dia, 15 atendimentos na unidade m\u00f3vel. \u00c9 preciso que os pacientes levem RG, CPF ou Cart\u00e3o SUS. Os atendimentos iniciam \u00e0s 8h. Confira programa\u00e7\u00e3o:&hellip;","jetpack_sharing_enabled":true,"jetpack_likes_enabled":true,"_links":{"self":[{"href":"https:\/\/blogopara.com.br\/index.php\/wp-json\/wp\/v2\/posts\/52575","targetHints":{"allow":["GET"]}}],"collection":[{"href":"https:\/\/blogopara.com.br\/index.php\/wp-json\/wp\/v2\/posts"}],"about":[{"href":"https:\/\/blogopara.com.br\/index.php\/wp-json\/wp\/v2\/types\/post"}],"author":[{"embeddable":true,"href":"https:\/\/blogopara.com.br\/index.php\/wp-json\/wp\/v2\/users\/1"}],"replies":[{"embeddable":true,"href":"https:\/\/blogopara.com.br\/index.php\/wp-json\/wp\/v2\/comments?post=52575"}],"version-history":[{"count":1,"href":"https:\/\/blogopara.com.br\/index.php\/wp-json\/wp\/v2\/posts\/52575\/revisions"}],"predecessor-version":[{"id":52576,"href":"https:\/\/blogopara.com.br\/index.php\/wp-json\/wp\/v2\/posts\/52575\/revisions\/52576"}],"wp:featuredmedia":[{"embeddable":true,"href":"https:\/\/blogopara.com.br\/index.php\/wp-json\/wp\/v2\/media\/35281"}],"wp:attachment":[{"href":"https:\/\/blogopara.com.br\/index.php\/wp-json\/wp\/v2\/media?parent=52575"}],"wp:term":[{"taxonomy":"category","embeddable":true,"href":"https:\/\/blogopara.com.br\/index.php\/wp-json\/wp\/v2\/categories?post=52575"},{"taxonomy":"post_tag","embeddable":true,"href":"https:\/\/blogopara.com.br\/index.php\/wp-json\/wp\/v2\/tags?post=52575"}],"curies":[{"name":"wp","href":"https:\/\/api.w.org\/{rel}","templated":true}]}}