{"id":52592,"date":"2023-05-15T14:14:00","date_gmt":"2023-05-15T17:14:00","guid":{"rendered":"https:\/\/blogopara.com.br\/?p=52592"},"modified":"2023-05-15T09:49:33","modified_gmt":"2023-05-15T12:49:33","slug":"novo-lote-do-pis-pasep-e-pago-a-partir-de-hoje-para-novo-grupo-veja-quem-recebe","status":"publish","type":"post","link":"https:\/\/blogopara.com.br\/index.php\/2023\/05\/15\/novo-lote-do-pis-pasep-e-pago-a-partir-de-hoje-para-novo-grupo-veja-quem-recebe","title":{"rendered":"Novo lote do PIS\/Pasep \u00e9 pago a partir de hoje para novo grupo; veja quem recebe"},"content":{"rendered":"<div id=\"chunk-14q9i\">\n<div class=\"mc-column content-text active-extra-styles \" data-block-type=\"unstyled\" data-block-weight=\"44\" data-block-id=\"3\">\n<p class=\"content-text__container \" style=\"text-align: justify;\" data-track-category=\"Link no Texto\" data-track-links=\"\">O abono-salarial ser\u00e1 pago nesta segunda-feira (15) para um novo grupo de trabalhadores. Os nascidos de\u00a0<span class=\"highlight\">janeiro a agosto ou que tenham o n\u00famero\u00a0<\/span><a class=\"\" href=\"https:\/\/g1.globo.com\/tudo-sobre\/pasep\/\"><span class=\"highlight\">Pasep<\/span><\/a><span class=\"highlight\">\u00a0com finais 0, 1, 2, 3, 4, ou 5<\/span>\u00a0j\u00e1 podem sacar o benef\u00edcio referente ao ano de 2021.<\/p>\n<\/div>\n<\/div>\n<div class=\"wall protected-content\">\n<div id=\"chunk-3qn9j\" style=\"text-align: justify;\">\n<div class=\"mc-column content-text active-extra-styles \" data-block-type=\"unstyled\" data-block-weight=\"41\" data-block-id=\"4\">\n<p class=\"content-text__container \" data-track-category=\"Link no Texto\" data-track-links=\"\">O pagamento do\u00a0<a class=\"\" href=\"https:\/\/g1.globo.com\/tudo-sobre\/pis\/\">PIS<\/a>\u00a0considera o m\u00eas de nascimento do trabalhador. J\u00e1 o para o Pasep, a refer\u00eancia \u00e9 o d\u00edgito final do n\u00famero de inscri\u00e7\u00e3o no programa.\u00a0<strong>Todos os benefici\u00e1rios podem sacar o dinheiro at\u00e9 o dia 28 de dezembro.<\/strong><\/p>\n<\/div>\n<\/div>\n<div id=\"chunk-bisff\" style=\"text-align: justify;\">\n<div class=\"mc-column content-text active-extra-styles \" data-block-type=\"unstyled\" data-block-weight=\"27\" data-block-id=\"5\">\n<p class=\"content-text__container \" data-track-category=\"Link no Texto\" data-track-links=\"\">Estima-se que cerca de 22,9 milh\u00f5es de trabalhadores recebam o abono salarial. Destes, 20,4 milh\u00f5es s\u00e3o cadastrados no PIS e 2,5 milh\u00f5es t\u00eam cadastro no Pasep.<\/p>\n<\/div>\n<\/div>\n<div id=\"chunk-2fbhp\" style=\"text-align: justify;\">\n<div class=\"mc-column content-text active-extra-styles \" data-block-type=\"unstyled\" data-block-weight=\"38\" data-block-id=\"7\">\n<p class=\"content-text__container \" data-track-category=\"Link no Texto\" data-track-links=\"\">Recebem o PIS (Programa de Integra\u00e7\u00e3o Social) trabalhadores da iniciativa privada. O pagamento \u00e9 administrado pela\u00a0<a class=\"\" href=\"https:\/\/g1.globo.com\/tudo-sobre\/caixa-economica-federal\/\">Caixa Econ\u00f4mica Federal<\/a>. J\u00e1 os dep\u00f3sitos do Pasep (Programa de Forma\u00e7\u00e3o do Patrim\u00f4nio do Servidor P\u00fablico) s\u00e3o feitos pelo\u00a0<a class=\"\" href=\"https:\/\/g1.globo.com\/tudo-sobre\/banco-do-brasil\/\">Banco do Brasil<\/a>.<\/p>\n<\/div>\n<\/div>\n<div class=\"mc-column content-text active-extra-styles\" style=\"text-align: justify;\" data-block-type=\"raw\" data-block-weight=\"6\" data-block-id=\"13\">\n<div class=\"content-intertitle\">\n<h2>Quem tem direito ao abono salarial<\/h2>\n<\/div>\n<\/div>\n<div id=\"chunk-1qsgk\" style=\"text-align: justify;\">\n<div class=\"mc-column content-text active-extra-styles \" data-block-type=\"unstyled\" data-block-weight=\"12\" data-block-id=\"14\">\n<p class=\"content-text__container \" data-track-category=\"Link no Texto\" data-track-links=\"\">Os trabalhadores devem atender aos seguintes crit\u00e9rios para ter direito ao benef\u00edcio:<\/p>\n<\/div>\n<\/div>\n<div class=\"mc-column content-text active-extra-styles\" style=\"text-align: justify;\" data-block-type=\"raw\" data-block-weight=\"99\" data-block-id=\"15\">\n<ul class=\"content-unordered-list\">\n<li>estar cadastrado no programa PIS\/Pasep ou no CNIS (data do primeiro emprego) h\u00e1 pelo menos cinco anos;<\/li>\n<li>ter trabalhado para empregadores que contribuem para o Programa de Integra\u00e7\u00e3o Social (PIS) ou para o Programa de Forma\u00e7\u00e3o do Patrim\u00f4nio do Servidor P\u00fablico (Pasep);<\/li>\n<li>ter recebido at\u00e9 2 sal\u00e1rios m\u00ednimos m\u00e9dios de remunera\u00e7\u00e3o mensal no per\u00edodo trabalhado;<\/li>\n<li>ter exercido atividade remunerada, durante pelo menos 30 dias, consecutivos ou n\u00e3o, no ano-base da apura\u00e7\u00e3o (2021);<\/li>\n<li>ter os dados informados pelo empregador (pessoa jur\u00eddica ou governo) corretamente na Rela\u00e7\u00e3o Anual de Informa\u00e7\u00f5es Sociais (Rais) ou no eSocial do ano-base considerado para apura\u00e7\u00e3o (2021).<\/li>\n<\/ul>\n<\/div>\n<div class=\"mc-column content-text active-extra-styles\" style=\"text-align: justify;\" data-block-type=\"raw\" data-block-weight=\"7\" data-block-id=\"16\">\n<div class=\"content-intertitle\">\n<h2>Quem n\u00e3o tem direito ao abono salarial<\/h2>\n<\/div>\n<\/div>\n<div class=\"mc-column content-text active-extra-styles\" style=\"text-align: justify;\" data-block-type=\"raw\" data-block-weight=\"22\" data-block-id=\"17\">\n<ul class=\"content-unordered-list\">\n<li>empregado(a) dom\u00e9stico(a);<\/li>\n<li>trabalhadores rurais empregados por pessoa f\u00edsica;<\/li>\n<li>trabalhadores urbanos empregados por pessoa f\u00edsica;<\/li>\n<li>trabalhadores empregados por pessoa f\u00edsica equiparada a jur\u00eddica.<\/li>\n<\/ul>\n<\/div>\n<div id=\"chunk-ajv24\" style=\"text-align: justify;\">\n<div class=\"bs-video-block mc-column  content-media content-video\" data-block-type=\"backstage-video\" data-block-id=\"18\">\n<div class=\"content-media__container\">\n<p class=\"content-media__description\">Como pedir o seguro-desemprego?<\/p>\n<\/div>\n<\/div>\n<\/div>\n<div class=\"mc-column content-text active-extra-styles\" style=\"text-align: justify;\" data-block-type=\"raw\" data-block-weight=\"4\" data-block-id=\"20\">\n<div class=\"content-intertitle\">\n<h2>Quanto \u00e9 o valor<\/h2>\n<\/div>\n<\/div>\n<div id=\"chunk-fsbpt\" style=\"text-align: justify;\">\n<div class=\"mc-column content-text active-extra-styles \" data-block-type=\"unstyled\" data-block-weight=\"35\" data-block-id=\"21\">\n<p class=\"content-text__container \" data-track-category=\"Link no Texto\" data-track-links=\"\">O valor do abono salarial pode chegar ao total de at\u00e9 um sal\u00e1rio m\u00ednimo, de acordo com a quantidade de meses trabalhados.\u00a0<span class=\"highlight\">S\u00f3 recebe o valor total quem trabalhou os 12 meses do ano anterior.<\/span><\/p>\n<\/div>\n<\/div>\n<div id=\"chunk-f2438\" style=\"text-align: justify;\">\n<div class=\"mc-column content-text active-extra-styles \" data-block-type=\"unstyled\" data-block-weight=\"46\" data-block-id=\"22\">\n<p class=\"content-text__container \" data-track-category=\"Link no Texto\" data-track-links=\"\">Com o aumento do sal\u00e1rio m\u00ednimo em 1\u00ba de janeiro, o valor do abono salarial passa a\u00a0<a class=\"\" href=\"https:\/\/g1.globo.com\/economia\/noticia\/2022\/12\/13\/abono-salarial-cadunico-seguro-desemprego-veja-o-que-muda-com-o-novo-salario-minimo-de-r-1302.ghtml\">variar de R$ 108,50 a R$ 1.302<\/a>, de acordo com a quantidade de meses trabalhados.\u00a0<span class=\"highlight\">S\u00f3 receber\u00e1 o valor m\u00e1ximo quem trabalhou os 12 meses de 2021<\/span>.<\/p>\n<\/div>\n<\/div>\n<div class=\"mc-column content-text active-extra-styles\" style=\"text-align: justify;\" data-block-type=\"raw\" data-block-weight=\"2\" data-block-id=\"23\">\n<div class=\"content-intertitle\">\n<h2>Como consultar<\/h2>\n<\/div>\n<\/div>\n<div id=\"chunk-ece9g\" style=\"text-align: justify;\">\n<div class=\"mc-column content-text active-extra-styles \" data-block-type=\"unstyled\" data-block-weight=\"41\" data-block-id=\"24\">\n<p class=\"content-text__container \" data-track-category=\"Link no Texto\" data-track-links=\"\">As informa\u00e7\u00f5es sobre o abono salarial podem ser consultadas desde o dia 5 de fevereiro na\u00a0<a class=\"\" href=\"https:\/\/www.gov.br\/pt-br\/temas\/carteira-de-trabalho-digital\" target=\"_blank\" rel=\"noopener\">Carteira de Trabalho Digital<\/a>, no portal\u00a0<a class=\"\" href=\"http:\/\/gov.br\/\" target=\"_blank\" rel=\"noopener\">gov.br<\/a>\u00a0ou pelo\u00a0<strong>telefone 158<\/strong>. Entre as informa\u00e7\u00f5es dispon\u00edveis est\u00e3o o valor do benef\u00edcio, data e banco de recebimento.<\/p>\n<\/div>\n<\/div>\n<div id=\"chunk-7gupt\" style=\"text-align: justify;\">\n<div class=\"mc-column content-text active-extra-styles \" data-block-type=\"unstyled\" data-block-weight=\"16\" data-block-id=\"27\">\n<p class=\"content-text__container \" data-track-category=\"Link no Texto\" data-track-links=\"\"><strong>Para fazer a consulta pelo aplicativo da Carteira de Trabalho Digital, siga o passo a passo:<\/strong><\/p>\n<\/div>\n<\/div>\n<div class=\"mc-column content-text active-extra-styles\" style=\"text-align: justify;\" data-block-type=\"raw\" data-block-weight=\"47\" data-block-id=\"28\">\n<p class=\"content-text__container\">\n<ol class=\"content-ordered-list theme-ordered-list-color-primary\">\n<li>Certifique-se de que o aplicativo esteja atualizado;<\/li>\n<li>Acesse o sistema com seu n\u00famero de\u00a0<strong>CPF<\/strong>\u00a0e a senha utilizada no portal gov.br;<\/li>\n<li>Toque em &#8220;<strong>Benef\u00edcios<\/strong>&#8221; e, em seguida, em &#8220;<strong>Abono Salarial<\/strong>&#8220;. A tela seguinte ir\u00e1 informar se o trabalhador est\u00e1 ou n\u00e3o habilitado para receber o benef\u00edcio.<\/li>\n<\/ol>\n<\/div>\n<div id=\"chunk-fpokv\" style=\"text-align: justify;\">\n<div class=\"mc-column content-text active-extra-styles \" data-block-type=\"unstyled\" data-block-weight=\"26\" data-block-id=\"29\">\n<p class=\"content-text__container \" data-track-category=\"Link no Texto\" data-track-links=\"\">Vale lembrar que trabalhadores do setor privado tamb\u00e9m podem consultar a situa\u00e7\u00e3o do benef\u00edcio e a data de pagamento nos aplicativos<a class=\"\" href=\"https:\/\/www.caixa.gov.br\/atendimento\/aplicativos\/caixa-trabalhador\/Paginas\/default.aspx\" target=\"_blank\" rel=\"noopener\">\u00a0Caixa Trabalhador\u00a0<\/a>e\u00a0<a class=\"\" href=\"https:\/\/www.caixa.gov.br\/caixatem\/Paginas\/default.aspx\" target=\"_blank\" rel=\"noopener\">Caixa Tem<\/a>.<\/p>\n<\/div>\n<\/div>\n<div id=\"chunk-5fl7q\" style=\"text-align: justify;\">\n<div class=\"mc-column content-text active-extra-styles \" data-block-type=\"unstyled\" data-block-weight=\"37\" data-block-id=\"30\">\n<p class=\"content-text__container \" data-track-category=\"Link no Texto\" data-track-links=\"\">Trabalhadores vinculados ao Pasep podem fazer a consulta no<a class=\"\" href=\"https:\/\/www36.bb.com.br\/portalbb\/pasep\/pesquisa,802,17,505134,2,0,1.bbx?pk_vid=7fac422001881e771641905544a2024d&amp;pk_vid=7fac422001881e771641905544a2024d&amp;pk_vid=7fac422001881e771641905544a2024d\" target=\"_blank\" rel=\"noopener\">\u00a0<\/a><a class=\"\" href=\"https:\/\/www36.bb.com.br\/portalbb\/pasep\/pesquisa,802,17,505134,2,0,1.bbx?pk_vid=7fac422001881e771641905544a2024d&amp;pk_vid=7fac422001881e771641905544a2024d&amp;pk_vid=7fac422001881e771641905544a2024d\" target=\"_blank\" rel=\"noopener\">link do Banco do Brasil<\/a>. H\u00e1 tamb\u00e9m a op\u00e7\u00e3o de ligar para a Central de Atendimento do BB (<strong>4004-0001<\/strong>, capitais e regi\u00f5es metropolitanas, ou\u00a0<strong>0800 729 0001<\/strong>, interior).<\/p>\n<\/div>\n<\/div>\n<div id=\"chunk-1l9he\" style=\"text-align: justify;\">\n<div class=\"mc-column content-text active-extra-styles \" data-block-type=\"unstyled\" data-block-weight=\"45\" data-block-id=\"31\">\n<p class=\"content-text__container \" data-track-category=\"Link no Texto\" data-track-links=\"\">O abono salarial concedido ap\u00f3s deferimento de recurso administrativo, de reprocessamento ou de decis\u00e3o judicial ser\u00e1 disponibilizado para pagamento no dia\u00a0<strong>15 do m\u00eas subsequente<\/strong>\u00a0ao parecer ou da senten\u00e7a judicial ou no primeiro dia \u00fatil posterior, caso o dia estabelecido n\u00e3o seja dia \u00fatil.<\/p>\n<\/div>\n<\/div>\n<div id=\"chunk-2te10\" style=\"text-align: justify;\">\n<div class=\"mc-column content-text active-extra-styles \" data-block-type=\"unstyled\" data-block-weight=\"45\" data-block-id=\"32\">\n<p class=\"content-text__container \" data-track-category=\"Link no Texto\" data-track-links=\"\">Os pagamentos do abono para trabalhadores informados na Rais at\u00e9 o dia 21 de junho de 2022 e no eSocial at\u00e9 o dia 5 de dezembro de 2022 ser\u00e3o disponibilizados no calend\u00e1rio de pagamentos de 2023 e, ap\u00f3s essas datas, no calend\u00e1rio do exerc\u00edcio seguinte.<\/p>\n<\/div>\n<\/div>\n<div class=\"mc-column content-text active-extra-styles\" style=\"text-align: justify;\" data-block-type=\"raw\" data-block-weight=\"2\" data-block-id=\"34\">\n<p class=\"content-text__container\">\n<div class=\"content-intertitle\">\n<h2>Como sacar<\/h2>\n<\/div>\n<\/div>\n<div id=\"chunk-ao3rk\" style=\"text-align: justify;\">\n<div class=\"mc-column content-text active-extra-styles \" data-block-type=\"unstyled\" data-block-weight=\"30\" data-block-id=\"35\">\n<p class=\"content-text__container \" data-track-category=\"Link no Texto\" data-track-links=\"\">Os trabalhadores da iniciativa privada com conta corrente ou poupan\u00e7a na Caixa Econ\u00f4mica Federal receber\u00e3o o cr\u00e9dito do PIS automaticamente no banco, de acordo com o m\u00eas de seu nascimento.<\/p>\n<\/div>\n<\/div>\n<div id=\"chunk-cc22d\" style=\"text-align: justify;\">\n<div class=\"mc-column content-text active-extra-styles \" data-block-type=\"unstyled\" data-block-weight=\"20\" data-block-id=\"36\">\n<p class=\"content-text__container \" data-track-category=\"Link no Texto\" data-track-links=\"\">Os demais benefici\u00e1rios receber\u00e3o os valores por meio da poupan\u00e7a social digital, que pode ser movimentada pelo aplicativo Caixa Tem.<\/p>\n<\/div>\n<\/div>\n<div id=\"chunk-56t33\" style=\"text-align: justify;\">\n<div class=\"mc-column content-text active-extra-styles \" data-block-type=\"unstyled\" data-block-weight=\"44\" data-block-id=\"37\">\n<p class=\"content-text__container \" data-track-category=\"Link no Texto\" data-track-links=\"\">Caso n\u00e3o seja poss\u00edvel a abertura da conta digital, o saque poder\u00e1 ser realizado com o Cart\u00e3o do Cidad\u00e3o e senha nos terminais de autoatendimento, unidades lot\u00e9ricas, Caixa Aqui ou ag\u00eancias, tamb\u00e9m de acordo com o calend\u00e1rio de pagamento escalonado por m\u00eas de nascimento.<\/p>\n<\/div>\n<\/div>\n<div id=\"chunk-2pjbb\" style=\"text-align: justify;\">\n<div class=\"mc-column content-text active-extra-styles \" data-block-type=\"unstyled\" data-block-weight=\"23\" data-block-id=\"38\">\n<p class=\"content-text__container \" data-track-category=\"Link no Texto\" data-track-links=\"\">J\u00e1 o pagamento do abono do Pasep ocorre via cr\u00e9dito em conta para quem \u00e9 correntista ou tem poupan\u00e7a no Banco do Brasil.<\/p>\n<\/div>\n<\/div>\n<div id=\"chunk-8m9sc\" style=\"text-align: justify;\">\n<div class=\"mc-column content-text active-extra-styles \" data-block-type=\"unstyled\" data-block-weight=\"33\" data-block-id=\"39\">\n<p class=\"content-text__container \" data-track-category=\"Link no Texto\" data-track-links=\"\">O trabalhador que n\u00e3o \u00e9 correntista do BB pode efetuar a transfer\u00eancia via TED para conta de sua titularidade por meio dos terminais de autoatendimento, pelo site\u00a0<a class=\"\" href=\"http:\/\/www.bb.com.br\/pasep\" target=\"_blank\" rel=\"noopener\">www.bb.com.br\/pasep<\/a>\u00a0ou nos caixas das ag\u00eancias.<\/p>\n<\/div>\n<\/div>\n<div id=\"chunk-pak5\">\n<div class=\"block-podcast\" style=\"text-align: justify;\"><\/div>\n<\/div>\n<\/div>\n","protected":false},"excerpt":{"rendered":"<p>O abono-salarial ser\u00e1 pago nesta segunda-feira (15) para um novo grupo de trabalhadores. Os nascidos de\u00a0janeiro a agosto ou que tenham o n\u00famero\u00a0Pasep\u00a0com finais 0, 1, 2, 3, 4, ou 5\u00a0j\u00e1 podem sacar o benef\u00edcio referente ao ano de 2021. O pagamento do\u00a0PIS\u00a0considera o m\u00eas de nascimento do trabalhador. J\u00e1 o para o Pasep, a [&hellip;]<\/p>\n","protected":false},"author":1,"featured_media":52596,"comment_status":"closed","ping_status":"open","sticky":false,"template":"","format":"standard","meta":{"_uag_custom_page_level_css":"","_monsterinsights_skip_tracking":false,"_monsterinsights_sitenote_active":false,"_monsterinsights_sitenote_note":"","_monsterinsights_sitenote_category":0,"jetpack_post_was_ever_published":false,"_jetpack_newsletter_access":"","_jetpack_dont_email_post_to_subs":false,"_jetpack_newsletter_tier_id":0,"_jetpack_memberships_contains_paywalled_content":false,"_jetpack_memberships_contains_paid_content":false,"footnotes":"","jetpack_publicize_message":"","jetpack_publicize_feature_enabled":true,"jetpack_social_post_already_shared":true,"jetpack_social_options":{"image_generator_settings":{"template":"highway","default_image_id":0,"font":"","enabled":false},"version":2}},"categories":[200,206],"tags":[],"class_list":["post-52592","post","type-post","status-publish","format-standard","has-post-thumbnail","hentry","category-brasil","category-economia"],"jetpack_publicize_connections":[],"jetpack_featured_media_url":"https:\/\/blogopara.com.br\/wp-content\/uploads\/2023\/05\/20230515085655J7dzgE.jpg","uagb_featured_image_src":{"full":["https:\/\/blogopara.com.br\/wp-content\/uploads\/2023\/05\/20230515085655J7dzgE.jpg",500,299,false],"thumbnail":["https:\/\/blogopara.com.br\/wp-content\/uploads\/2023\/05\/20230515085655J7dzgE-150x150.jpg",150,150,true],"medium":["https:\/\/blogopara.com.br\/wp-content\/uploads\/2023\/05\/20230515085655J7dzgE-300x179.jpg",300,179,true],"medium_large":["https:\/\/blogopara.com.br\/wp-content\/uploads\/2023\/05\/20230515085655J7dzgE.jpg",500,299,false],"large":["https:\/\/blogopara.com.br\/wp-content\/uploads\/2023\/05\/20230515085655J7dzgE.jpg",500,299,false],"1536x1536":["https:\/\/blogopara.com.br\/wp-content\/uploads\/2023\/05\/20230515085655J7dzgE.jpg",500,299,false],"2048x2048":["https:\/\/blogopara.com.br\/wp-content\/uploads\/2023\/05\/20230515085655J7dzgE.jpg",500,299,false],"mantranews-slider-large":["https:\/\/blogopara.com.br\/wp-content\/uploads\/2023\/05\/20230515085655J7dzgE.jpg",500,299,false],"mantranews-featured-medium":["https:\/\/blogopara.com.br\/wp-content\/uploads\/2023\/05\/20230515085655J7dzgE-420x299.jpg",420,299,true],"mantranews-featured-long":["https:\/\/blogopara.com.br\/wp-content\/uploads\/2023\/05\/20230515085655J7dzgE-300x299.jpg",300,299,true],"mantranews-block-medium":["https:\/\/blogopara.com.br\/wp-content\/uploads\/2023\/05\/20230515085655J7dzgE-464x290.jpg",464,290,true],"mantranews-carousel-image":["https:\/\/blogopara.com.br\/wp-content\/uploads\/2023\/05\/20230515085655J7dzgE.jpg",500,299,false],"mantranews-block-thumb":["https:\/\/blogopara.com.br\/wp-content\/uploads\/2023\/05\/20230515085655J7dzgE-322x230.jpg",322,230,true],"mantranews-single-large":["https:\/\/blogopara.com.br\/wp-content\/uploads\/2023\/05\/20230515085655J7dzgE.jpg",500,299,false]},"uagb_author_info":{"display_name":"Reda\u00e7\u00e3o geral","author_link":"https:\/\/blogopara.com.br\/index.php\/author\/blogopara"},"uagb_comment_info":0,"uagb_excerpt":"O abono-salarial ser\u00e1 pago nesta segunda-feira (15) para um novo grupo de trabalhadores. Os nascidos de\u00a0janeiro a agosto ou que tenham o n\u00famero\u00a0Pasep\u00a0com finais 0, 1, 2, 3, 4, ou 5\u00a0j\u00e1 podem sacar o benef\u00edcio referente ao ano de 2021. O pagamento do\u00a0PIS\u00a0considera o m\u00eas de nascimento do trabalhador. J\u00e1 o para o Pasep, a&hellip;","jetpack_sharing_enabled":true,"jetpack_likes_enabled":true,"_links":{"self":[{"href":"https:\/\/blogopara.com.br\/index.php\/wp-json\/wp\/v2\/posts\/52592","targetHints":{"allow":["GET"]}}],"collection":[{"href":"https:\/\/blogopara.com.br\/index.php\/wp-json\/wp\/v2\/posts"}],"about":[{"href":"https:\/\/blogopara.com.br\/index.php\/wp-json\/wp\/v2\/types\/post"}],"author":[{"embeddable":true,"href":"https:\/\/blogopara.com.br\/index.php\/wp-json\/wp\/v2\/users\/1"}],"replies":[{"embeddable":true,"href":"https:\/\/blogopara.com.br\/index.php\/wp-json\/wp\/v2\/comments?post=52592"}],"version-history":[{"count":1,"href":"https:\/\/blogopara.com.br\/index.php\/wp-json\/wp\/v2\/posts\/52592\/revisions"}],"predecessor-version":[{"id":52597,"href":"https:\/\/blogopara.com.br\/index.php\/wp-json\/wp\/v2\/posts\/52592\/revisions\/52597"}],"wp:featuredmedia":[{"embeddable":true,"href":"https:\/\/blogopara.com.br\/index.php\/wp-json\/wp\/v2\/media\/52596"}],"wp:attachment":[{"href":"https:\/\/blogopara.com.br\/index.php\/wp-json\/wp\/v2\/media?parent=52592"}],"wp:term":[{"taxonomy":"category","embeddable":true,"href":"https:\/\/blogopara.com.br\/index.php\/wp-json\/wp\/v2\/categories?post=52592"},{"taxonomy":"post_tag","embeddable":true,"href":"https:\/\/blogopara.com.br\/index.php\/wp-json\/wp\/v2\/tags?post=52592"}],"curies":[{"name":"wp","href":"https:\/\/api.w.org\/{rel}","templated":true}]}}